{"id":189066,"date":"2025-06-19T18:40:10","date_gmt":"2025-06-19T18:40:10","guid":{"rendered":"https:\/\/www.europesays.com\/fr\/189066\/"},"modified":"2025-06-19T18:40:10","modified_gmt":"2025-06-19T18:40:10","slug":"adrien-rabiot-obtient-gain-de-cause-dans-son-conflit-avec-le-paris-saint-germain-france-paris-saint-germain","status":"publish","type":"post","link":"https:\/\/www.europesays.com\/fr\/189066\/","title":{"rendered":"Adrien Rabiot obtient gain de cause dans son conflit avec le Paris Saint-Germain &#8211; France &#8211; Paris Saint-Germain"},"content":{"rendered":"<p>D\u00e9cision finale.<\/p>\n<p><a target=\"_blank\" href=\"https:\/\/www.lequipe.fr\/Football\/Article\/Adrien-rabiot-obtient-la-requalification-de-ses-contrats-avec-le-psg-en-cdi\/1571399\" rel=\"nofollow noopener\">D\u2019apr\u00e8s les informations de L\u2019\u00c9quipe<\/a>, Adrien Rabiot a obtenu de la cour d\u2019appel de Paris la requalification de ses contrats \u00e0 dur\u00e9e d\u00e9termin\u00e9e successifs en contrat \u00e0 dur\u00e9e ind\u00e9termin\u00e9e, une d\u00e9cision in\u00e9dite pour un footballeur.<\/p>\n<p>Le milieu de terrain qui a \u00e9volu\u00e9 dans le club de la capitale entre 2010 \u00e0 2019 avait \u00e9t\u00e9 <strong>mis \u00e0 l\u2019\u00e9cart du groupe professionnel lors de sa derni\u00e8re ann\u00e9e apr\u00e8s avoir refus\u00e9 de prolonger son contrat<\/strong>, ce qui avait entra\u00een\u00e9 la suppression de sa prime d\u2019\u00e9thique et une mise \u00e0 pied disciplinaire.<\/p>\n<p>Une condamnation d\u20191,3 million d\u2019euros<\/p>\n<p class=\"my-0\">La cour d\u2019appel a jug\u00e9 que le PSG avait commis <strong>un abus de pouvoir en \u00e9cartant Rabiot de l\u2019\u00e9quipe premi\u00e8re sans motif valable pendant sept mois<\/strong>, ce qui a port\u00e9 atteinte \u00e0 son image et \u00e0 sa r\u00e9putation. Les sanctions financi\u00e8res inflig\u00e9es au joueur ont \u00e9t\u00e9 annul\u00e9es, et <strong>le PSG a \u00e9t\u00e9 condamn\u00e9 \u00e0 lui verser environ 1,3 million d\u2019euros<\/strong>, incluant des rappels de salaires, cong\u00e9s pay\u00e9s et 10 000 euros de dommages pour l\u2019avoir mis \u00e0 l\u2019\u00e9cart.<\/p>\n<p class=\"my-0\"><strong>Le PSG soutenait que l\u2019emploi de footballeur est par nature temporaire et saisonnier<\/strong>, justifiant le recours aux CDD pour s\u2019adapter aux performances sportives et \u00e0 la composition des effectifs chaque saison. Mais la cour a estim\u00e9 que \u00ab\u202fMonsieur Rabiot fait valoir \u00e0 juste titre que l\u2019emploi d\u2019un joueur a vocation \u00e0 exister tant que le club dispose d\u2019une \u00e9quipe de football.\u202f\u00bb<\/p>\n<p><a target=\"_blank\" href=\"https:\/\/www.sofoot.com\/breves\/lassana-diarra-sur-larret-en-son-nom-qui-pourrait-revolutionner-le-marche-des-transferts-les-joueurs-ne-se-rendent-pas-compte-de-ce-que-jai-fait\" rel=\"nofollow noopener\">Vers un arr\u00eat Rabiot ?<\/a><\/p>\n<p>\t\t\t\t\t\t\t\t\t\t<a class=\"lien-connexe\" href=\"https:\/\/www.sofoot.com\/articles\/qui-sont-les-supporters-du-psg-qui-se-sont-rendus-aux-etats-unis-pour-aller-soutenir-leur-equipe\" rel=\"nofollow noopener\" target=\"_blank\">Qui sont ces supporters du PSG partis \u00e0 la conqu\u00eate de l&rsquo;Am\u00e9rique\u202f?<\/a>\t\t\t\t\t<\/p>\n","protected":false},"excerpt":{"rendered":"D\u00e9cision finale. D\u2019apr\u00e8s les informations de L\u2019\u00c9quipe, Adrien Rabiot a obtenu de la cour d\u2019appel de Paris la&hellip;\n","protected":false},"author":2,"featured_media":189067,"comment_status":"","ping_status":"","sticky":false,"template":"","format":"standard","meta":{"footnotes":""},"categories":[9],"tags":[47,61,69,65,64,63,1011,27,68,66,62,70,67,60],"class_list":{"0":"post-189066","1":"post","2":"type-post","3":"status-publish","4":"format-standard","5":"has-post-thumbnail","7":"category-sports","8":"tag-actualite","9":"tag-actus-football","10":"tag-bundesliga","11":"tag-championnats-europeens","12":"tag-equipe-de-france","13":"tag-football","14":"tag-fr","15":"tag-france","16":"tag-ligua","17":"tag-ligue-1","18":"tag-news-foot","19":"tag-premier-league","20":"tag-serie-a","21":"tag-sports"},"share_on_mastodon":{"url":"https:\/\/pubeurope.com\/@fr\/114711496186666600","error":""},"_links":{"self":[{"href":"https:\/\/www.europesays.com\/fr\/wp-json\/wp\/v2\/posts\/189066","targetHints":{"allow":["GET"]}}],"collection":[{"href":"https:\/\/www.europesays.com\/fr\/wp-json\/wp\/v2\/posts"}],"about":[{"href":"https:\/\/www.europesays.com\/fr\/wp-json\/wp\/v2\/types\/post"}],"author":[{"embeddable":true,"href":"https:\/\/www.europesays.com\/fr\/wp-json\/wp\/v2\/users\/2"}],"replies":[{"embeddable":true,"href":"https:\/\/www.europesays.com\/fr\/wp-json\/wp\/v2\/comments?post=189066"}],"version-history":[{"count":0,"href":"https:\/\/www.europesays.com\/fr\/wp-json\/wp\/v2\/posts\/189066\/revisions"}],"wp:featuredmedia":[{"embeddable":true,"href":"https:\/\/www.europesays.com\/fr\/wp-json\/wp\/v2\/media\/189067"}],"wp:attachment":[{"href":"https:\/\/www.europesays.com\/fr\/wp-json\/wp\/v2\/media?parent=189066"}],"wp:term":[{"taxonomy":"category","embeddable":true,"href":"https:\/\/www.europesays.com\/fr\/wp-json\/wp\/v2\/categories?post=189066"},{"taxonomy":"post_tag","embeddable":true,"href":"https:\/\/www.europesays.com\/fr\/wp-json\/wp\/v2\/tags?post=189066"}],"curies":[{"name":"wp","href":"https:\/\/api.w.org\/{rel}","templated":true}]}}