{"id":189068,"date":"2025-06-19T18:41:12","date_gmt":"2025-06-19T18:41:12","guid":{"rendered":"https:\/\/www.europesays.com\/fr\/189068\/"},"modified":"2025-06-19T18:41:12","modified_gmt":"2025-06-19T18:41:12","slug":"a-60-ans-stephanie-de-monaco-annonce-prendre-sa-retraite","status":"publish","type":"post","link":"https:\/\/www.europesays.com\/fr\/189068\/","title":{"rendered":"\u00e0 60 ans, St\u00e9phanie de Monaco annonce prendre sa retraite"},"content":{"rendered":"<p>La princesse a annonc\u00e9 au magazine Point de vue le 17 juin, qu\u2019elle se retirait de la vie publique. \u00c0 60 ans, elle souhaite prendre sa retraite apr\u00e8s des ann\u00e9es de services princiers et s\u2019investir davantage dans une lutte qui l\u2019accompagne depuis plus de trois d\u00e9cennies\u00a0: le VIH.<\/p>\n<p class=\"fig-paragraph\">C\u2019est un moment cl\u00e9 dans la carri\u00e8re de St\u00e9phanie de Monaco. Le 4 juin dernier, cette derni\u00e8re se rendait avec sa fille cadette, Camille Gottlieb, au quinzi\u00e8me anniversaire de la Maison de Vie\u00a0: un lieu qu\u2019elle a cr\u00e9\u00e9 pour accompagner les personnes porteuses du VIH, \u00e0 Carpentras. Un combat qu\u2019elle porte dans son c\u0153ur depuis les ann\u00e9es 1980, et qui va d\u00e9sormais prendre une place consid\u00e9rable dans sa vie, puisqu\u2019elle a annonc\u00e9 prendre sa retraite\u00a0<a href=\"https:\/\/www.pointdevue.fr\/royal\/monaco\/stephanie-de-monaco-a-carpentras-pour-celebrer-les-15-ans-de-la-maison-de-vie\" target=\"_blank\" rel=\"nofollow noopener\" data-gtm-custom-categorie=\"navigation\" data-gtm-custom-action=\"crossclick\" data-gtm-custom-label=\"Contextuel\" data-gtm-event=\"customEventSPE\">dans les pages du magazine Point de Vue<\/a>, le 17 juin dernier.<\/p>\n<p class=\"fig-paragraph\">Dans l\u2019interview, St\u00e9phanie de Monaco revient sur son parcours au sein de la famille princi\u00e8re mon\u00e9gasque\u00a0: \u00abJe ne vois plus l\u2019utilit\u00e9 de parler de moi. D\u2019ailleurs, \u00e7a n\u2019a jamais \u00e9t\u00e9 mon truc. J\u2019ai 60 ans, j\u2019estime avoir bien assez donn\u00e9 et surtout, avoir dit tout ce que j\u2019avais \u00e0 dire. D\u00e9sormais, j\u2019aspire \u00e0 autre chose. C\u2019est l\u2019heure de ma retraite. Je l\u2019ai bien m\u00e9rit\u00e9, non\u00a0?\u00bb. \u00c0 travers cette d\u00e9cision, la princesse souhaite se recentrer sur sa vie personnelle et profiter de ses petits-enfants, tout en tenant parole quant \u00e0 ses engagements, notamment au sein de l\u2019association Fight Aids Monaco, qu\u2019elle a fond\u00e9e en 2004.<\/p>\n<p><strong>Un combat de longue date<\/strong><\/p>\n<p class=\"fig-paragraph\">\u00abBienvenue chez vous, princesse\u00bb, ont entonn\u00e9 les r\u00e9sidents de la Maison de la Vie, sur fond de la chanson Oh Happy Days, lors de son arriv\u00e9e. Gr\u00e2ce \u00e0 sa bataille quotidienne,\u00a0<a href=\"https:\/\/madame.lefigaro.fr\/tag\/stephanie-de-monaco\" target=\"_blank\" rel=\"noopener\" data-gtm-custom-categorie=\"navigation\" data-gtm-custom-action=\"crossclick\" data-gtm-custom-label=\"Contextuel\" data-gtm-event=\"customEventSPE\">St\u00e9phanie de Monaco<\/a>\u00a0a su redonner de l\u2019espoir aux porteurs du virus. Dans les colonnes de Point de Vue, Nora, s\u00e9ropositive, t\u00e9moigne du d\u00e9vouement consid\u00e9rable de la cadette des Grimaldi\u00a0: \u00abJe me sens vivante et c\u2019est gr\u00e2ce \u00e0 St\u00e9phanie de Monaco. Je suis heureuse de pouvoir enfin la remercier pour de vrai.\u00bb \u00c9mue, la s\u0153ur d\u2019Albert II a profit\u00e9 de l\u2019\u00e9v\u00e9nement pour rappeler que son engagement est n\u00e9 pendant les ann\u00e9es 1980\u00a0: \u00abUne amie s\u00e9ropositive s\u2019est retrouv\u00e9e seule avec son enfant, sans ressources, sans personne pour l\u2019aider. C\u2019est pour elle que j\u2019ai initi\u00e9 tout cela. Elle avait une voie qui s\u2019ouvrait \u00e0 elle dans la vie, puis son statut sanitaire a tout ruin\u00e9. Je voulais lui redonner une voix\u00bb.<\/p>\n<p class=\"fig-paragraph\">14e dans l\u2019ordre de succession au tr\u00f4ne de Monaco, l\u2019interpr\u00e8te de Comme un ouragan souhaite que ses enfants (Louis, 32 ans, Pauline, 31 ans et\u00a0<a href=\"http:\/\/madame.lefigaro.fr\/celebrites\/actu-people\/camille-gottlieb-la-fille-de-stephanie-de-monaco-partage-une-rare-photo-avec-son-compagnon-20240304\" data-fig-type=\"Article\" data-gtm-custom-categorie=\"navigation\" data-gtm-custom-action=\"crossclick\" data-gtm-custom-label=\"Contextuel\" data-gtm-event=\"customEventSPE\" data-fig-domain=\"MADAME\" target=\"_blank\" rel=\"noopener\">Camille<\/a>, 26 ans), prennent sa rel\u00e8ve. St\u00e9phanie de Monaco souhaite ainsi s\u2019investir davantage dans les projets de ces derniers, \u00e0 la lumi\u00e8re des propres combats qu\u2019elle porte. Confiante, elle se confie \u00e0 propos de cette passation dans l\u2019interview de Point de Vue\u00a0: \u00abAujourd\u2019hui, c\u2019est \u00e0 eux de reprendre le flambeau\u00bb.<\/p>\n","protected":false},"excerpt":{"rendered":"La princesse a annonc\u00e9 au magazine Point de vue le 17 juin, qu\u2019elle se retirait de la vie&hellip;\n","protected":false},"author":2,"featured_media":189069,"comment_status":"","ping_status":"","sticky":false,"template":"","format":"standard","meta":{"footnotes":""},"categories":[8],"tags":[976,972,58,59,638,1011,27,977,3127,973,975,137,974,32691,10705],"class_list":{"0":"post-189068","1":"post","2":"type-post","3":"status-publish","4":"format-standard","5":"has-post-thumbnail","7":"category-divertissement","8":"tag-actu-people","9":"tag-celebrite","10":"tag-divertissement","11":"tag-entertainment","12":"tag-figaro","13":"tag-fr","14":"tag-france","15":"tag-madame","16":"tag-monaco","17":"tag-people","18":"tag-potain-de-stars","19":"tag-retraite","20":"tag-star","21":"tag-stephanie-de-monaco","22":"tag-vih"},"share_on_mastodon":{"url":"https:\/\/pubeurope.com\/@fr\/114711500162346467","error":""},"_links":{"self":[{"href":"https:\/\/www.europesays.com\/fr\/wp-json\/wp\/v2\/posts\/189068","targetHints":{"allow":["GET"]}}],"collection":[{"href":"https:\/\/www.europesays.com\/fr\/wp-json\/wp\/v2\/posts"}],"about":[{"href":"https:\/\/www.europesays.com\/fr\/wp-json\/wp\/v2\/types\/post"}],"author":[{"embeddable":true,"href":"https:\/\/www.europesays.com\/fr\/wp-json\/wp\/v2\/users\/2"}],"replies":[{"embeddable":true,"href":"https:\/\/www.europesays.com\/fr\/wp-json\/wp\/v2\/comments?post=189068"}],"version-history":[{"count":0,"href":"https:\/\/www.europesays.com\/fr\/wp-json\/wp\/v2\/posts\/189068\/revisions"}],"wp:featuredmedia":[{"embeddable":true,"href":"https:\/\/www.europesays.com\/fr\/wp-json\/wp\/v2\/media\/189069"}],"wp:attachment":[{"href":"https:\/\/www.europesays.com\/fr\/wp-json\/wp\/v2\/media?parent=189068"}],"wp:term":[{"taxonomy":"category","embeddable":true,"href":"https:\/\/www.europesays.com\/fr\/wp-json\/wp\/v2\/categories?post=189068"},{"taxonomy":"post_tag","embeddable":true,"href":"https:\/\/www.europesays.com\/fr\/wp-json\/wp\/v2\/tags?post=189068"}],"curies":[{"name":"wp","href":"https:\/\/api.w.org\/{rel}","templated":true}]}}