{"id":189075,"date":"2025-06-19T18:45:11","date_gmt":"2025-06-19T18:45:11","guid":{"rendered":"https:\/\/www.europesays.com\/fr\/189075\/"},"modified":"2025-06-19T18:45:11","modified_gmt":"2025-06-19T18:45:11","slug":"cet-echange-entre-rima-hassan-et-laurent-wauquiez-donne-le-ton-de-la-future-commission-sur-lfi","status":"publish","type":"post","link":"https:\/\/www.europesays.com\/fr\/189075\/","title":{"rendered":"Cet \u00e9change entre Rima Hassan et Laurent Wauquiez donne le ton de la future commission sur LFI"},"content":{"rendered":"<p>        <img decoding=\"async\" loading=\"lazy\" src=\"https:\/\/www.europesays.com\/fr\/wp-content\/uploads\/2025\/06\/e13585c_sirius-fs-upload-1-cwhvlpoupcw3-1743350558352-000-36zl7za-1.jpg\"  width=\"728\" height=\"409\" alt=\"Une premi\u00e8re passe d\u2019armes entre le d\u00e9put\u00e9 LR Laurent Wauquiez et l\u2019eurod\u00e9put\u00e9e LFI a eu lieu sur les r\u00e9seaux sociaux apr\u00e8s l\u2019annonce de cette commission visant en creux LFI.\"\/>  <\/p>\n<p>LUDOVIC MARIN \/ AFP<\/p>\n<p>Une premi\u00e8re passe d\u2019armes entre le d\u00e9put\u00e9 LR Laurent Wauquiez et l\u2019eurod\u00e9put\u00e9e LFI a eu lieu sur les r\u00e9seaux sociaux apr\u00e8s l\u2019annonce de cette commission visant en creux LFI.<\/p>\n<p class=\"asset asset-text\">POLITIQUE &#8211; Mort de rire. De premiers \u00e9changes vifs ont eu lieu ce jeudi 19\u00a0juin, au lendemain de l\u2019annonce de la cr\u00e9ation d\u2019une commission d\u2019enqu\u00eate parlementaire <a href=\"https:\/\/www.huffingtonpost.fr\/politique\/article\/laurent-wauquiez-face-a-un-camouflet-pour-sa-commission-d-enquete-sur-lfi_250881.html\" target=\"_blank\" rel=\"noopener\">sur les liens entre certains responsables politiques fran\u00e7ais et des r\u00e9seaux<\/a> soutenant \u00ab\u00a0l\u2019action terroriste ou propageant l\u2019id\u00e9ologie islamiste\u00a0\u00bb.<\/p>\n<p class=\"asset asset-text\">Impuls\u00e9e par le groupe Droite r\u00e9publicaine du d\u00e9put\u00e9 LR <a href=\"https:\/\/www.huffingtonpost.fr\/politique\/article\/pourquoi-cette-commission-d-enquete-sur-lfi-pourrait-se-retourner-contre-laurent-wauquiez_250579.html\" target=\"_blank\" rel=\"noopener\">Laurent Wauquiez<\/a>, cette proposition de r\u00e9solution pour cr\u00e9er cette commission d\u2019enqu\u00eate a \u00e9t\u00e9 valid\u00e9e mercredi, apr\u00e8s un premier refus de la commission des lois. Visant en creux <a href=\"https:\/\/www.huffingtonpost.fr\/politique\/article\/lfi-outree-par-la-reaction-de-la-france-aux-attaques-d-israel-en-iran-une-honte-absolue_251320.html\" target=\"_blank\" rel=\"noopener\">La France insoumise<\/a> et ses \u00e9lus, cette initiative politique cherche \u00e0 identifier \u00ab\u00a0les compromissions de certaines forces politiques avec les islamistes et les ennemis de la France\u00a0\u00bb, a d\u00e9clar\u00e9, triomphant, Laurent Wauquiez dans un communiqu\u00e9.<\/p>\n<p class=\"asset asset-text\">De quoi faire r\u00e9agir certains \u00e9lus insoumis. \u00c0 commencer par <a href=\"https:\/\/www.huffingtonpost.fr\/international\/article\/rima-hassan-de-retour-en-france-son-vol-jerusalem-paris-ne-s-est-pas-passe-comme-prevu_251291.html\" target=\"_blank\" rel=\"noopener\" title=\"Nouvelle fen\u00eatre\">Rima Hassan<\/a>, eurod\u00e9put\u00e9e LFI et fervente militante pour la cause palestinienne. Sur X, l\u2019\u00e9lue a ironis\u00e9 sur cette situation en \u00e9crivant \u00ab\u00a0Mdrr\u00a0\u00bb (mort de rire). Le tout accompagn\u00e9 du hashtag \u00ab\u00a0#soeurisme\u00a0\u00bb. R\u00e9f\u00e9rence claire au<a href=\"https:\/\/www.huffingtonpost.fr\/politique\/article\/apres-le-rapport-sur-les-freres-musulmans-emmanuel-macron-remonte-contre-la-methode-du-gouvernement_250357.html\" target=\"_blank\" rel=\"noopener\" title=\"Nouvelle fen\u00eatre\"> rapport r\u00e9cemment publi\u00e9 sur l\u2019\u00ab\u00a0entrisme fr\u00e9riste\u00a0\u00bb<\/a> dans <a href=\"https:\/\/www.lefigaro.fr\/actualite-france\/reseaux-tentaculaires-organisation-secrete-quartiers-islamises-le-rapport-choc-sur-les-freres-musulmans-qui-veulent-instaurer-la-charia-en-france-20250520\" target=\"_blank\" rel=\"noopener\" title=\"Nouvelle fen\u00eatre\">Le Figaro<\/a> et repris en ch\u0153ur par <a href=\"https:\/\/www.huffingtonpost.fr\/politique\/article\/derriere-le-rapport-sur-les-freres-musulmans-la-gauche-denonce-des-fantasmes-complotistes_250353.html\" target=\"_blank\" rel=\"noopener\" title=\"Nouvelle fen\u00eatre\">toute une partie de la classe politique fran\u00e7aise<\/a> pour prouver l\u2019existence bien r\u00e9elle d\u2019une menace li\u00e9e \u00e0 l\u2019entrisme des fr\u00e8res musulmans en France.<\/p>\n<p class=\"asset asset-text\">Visiblement piqu\u00e9 par son tweet ironique, Laurent Wauquiez s\u2019est donc permis de r\u00e9pondre \u00e0 sa coll\u00e8gue du Parlement europ\u00e9en en l\u2019invitant \u00e0 participer \u00e0 cette commission d\u2019enqu\u00eate. Non sans une r\u00e9f\u00e9rence au <a href=\"https:\/\/www.huffingtonpost.fr\/politique\/article\/pourquoi-rima-hassan-ne-peut-pas-faire-valoir-son-statut-d-eurodeputee-face-a-israel_251157.html\" target=\"_blank\" rel=\"noopener\">r\u00e9cent voyage militant de Rima Hassan \u00e0 bord du Madleen<\/a>. Un voilier avec douze militants \u00e0 bord, arr\u00eat\u00e9 par Isra\u00ebl dans les eaux internationales, \u00e0 185\u00a0km de la c\u00f4te de Gaza, alors qu\u2019il se rendait dans l\u2019enclave palestinienne pour une distribution alimentaire symbolique et ainsi \u00ab\u00a0mettre fin au blocus\u00a0\u00bb mis en place par Isra\u00ebl\u00a0dans la bande de Gaza.<\/p>\n<p> La lecture de ce contenu est susceptible d\u2019entra\u00eener un d\u00e9p\u00f4t de cookies de la part de l\u2019op\u00e9rateur tiers qui l\u2019h\u00e9berge. Compte-tenu des choix que vous avez exprim\u00e9s en mati\u00e8re de d\u00e9p\u00f4t de cookies, nous avons bloqu\u00e9 l\u2019affichage de ce contenu. Si vous souhaitez y acc\u00e9der, vous devez accepter la cat\u00e9gorie de cookies \u201cContenus tiers\u201d en cliquant sur le bouton ci-dessous. <\/p>\n<p> Lire la Vid\u00e9o        <\/p>\n<p class=\"asset asset-text\">\u00ab\u00a0Vous n\u2019aurez donc aucun probl\u00e8me \u00e0 \u00eatre auditionn\u00e9e pour nous raconter\u00a0l\u2019organisation de votre croisi\u00e8re\u00a0\u00bb, a ainsi r\u00e9pondu le d\u00e9put\u00e9 LR, comme un d\u00e9fi lanc\u00e9 \u00e0 Rima Hassan.<\/p>\n<p>    \u00ab\u00a0Un pr\u00e9c\u00e9dent dangereux\u00a0\u00bb    <\/p>\n<p class=\"asset asset-text\">Pour creuser et analyser les \u00e9ventuels liens entre des responsables politiques fran\u00e7ais et des r\u00e9seaux soutenant \u00ab\u00a0l\u2019action terroriste ou propageant l\u2019id\u00e9ologie islamiste\u00a0\u00bb, l\u2019id\u00e9e de Laurent Wauquiez a \u00e9t\u00e9 soutenue lors du vote par les trois groupes macronistes \u00e0 l\u2019Assembl\u00e9e nationale. Mais aussi par le RN et ses alli\u00e9s ciottistes, \u00e0 l\u2019inverse de la gauche et du groupe centriste Liot. Cette commission \u00ab\u00a0est toujours destin\u00e9e \u00e0 s\u2019attaquer \u00e0 La France insoumise, m\u00eame si notre mouvement n\u2019est plus mentionn\u00e9 dans le texte\u00a0\u00bb, a d\u00e9nonc\u00e9 la d\u00e9put\u00e9e\u00a0LFI\u00a0Gabrielle Cathala.<\/p>\n<p class=\"asset asset-text\">Lors de sa premi\u00e8re mouture, la premi\u00e8re demande du groupe de Laurent Wauquiez visait dans son expos\u00e9 des motifs \u00ab\u00a0des liens de complaisance et de soutien entre des \u00e9lus de la R\u00e9publique, essentiellement issus de La France insoumise, et des r\u00e9seaux islamistes voire terroristes\u00a0\u00bb. Alors que la seconde se contente de mentionner \u00ab\u00a0des repr\u00e9sentants de mouvements politiques\u00a0\u00bb.<\/p>\n<p class=\"asset asset-text\">Pour le d\u00e9put\u00e9 socialiste Paul Christophle, la cr\u00e9ation de cette commission cr\u00e9e dans tous les cas \u00ab\u00a0un pr\u00e9c\u00e9dent dangereux\u00a0\u00bb. En d\u00e9voyant, selon lui, \u00ab\u00a0un outil de contr\u00f4le parlementaire pr\u00e9cieux et s\u00e9rieux pour enqu\u00eater sur un adversaire politique alimentant la confusion des genres qui ne peut qu\u2019alimenter la d\u00e9fiance envers nos institutions\u00a0\u00bb.<\/p>\n","protected":false},"excerpt":{"rendered":"LUDOVIC MARIN \/ AFP Une premi\u00e8re passe d\u2019armes entre le d\u00e9put\u00e9 LR Laurent Wauquiez et l\u2019eurod\u00e9put\u00e9e LFI a&hellip;\n","protected":false},"author":2,"featured_media":189076,"comment_status":"","ping_status":"","sticky":false,"template":"","format":"standard","meta":{"footnotes":""},"categories":[4],"tags":[11,416,1011,27,1023,5639,12,316,25,15442],"class_list":{"0":"post-189075","1":"post","2":"type-post","3":"status-publish","4":"format-standard","5":"has-post-thumbnail","7":"category-france","8":"tag-actualites","9":"tag-assemblee-nationale","10":"tag-fr","11":"tag-france","12":"tag-la-france-insoumise-lfi","13":"tag-laurent-wauquiez","14":"tag-news","15":"tag-politique","16":"tag-republique-francaise","17":"tag-rima-hassan"},"share_on_mastodon":{"url":"https:\/\/pubeurope.com\/@fr\/114711515893100332","error":""},"_links":{"self":[{"href":"https:\/\/www.europesays.com\/fr\/wp-json\/wp\/v2\/posts\/189075","targetHints":{"allow":["GET"]}}],"collection":[{"href":"https:\/\/www.europesays.com\/fr\/wp-json\/wp\/v2\/posts"}],"about":[{"href":"https:\/\/www.europesays.com\/fr\/wp-json\/wp\/v2\/types\/post"}],"author":[{"embeddable":true,"href":"https:\/\/www.europesays.com\/fr\/wp-json\/wp\/v2\/users\/2"}],"replies":[{"embeddable":true,"href":"https:\/\/www.europesays.com\/fr\/wp-json\/wp\/v2\/comments?post=189075"}],"version-history":[{"count":0,"href":"https:\/\/www.europesays.com\/fr\/wp-json\/wp\/v2\/posts\/189075\/revisions"}],"wp:featuredmedia":[{"embeddable":true,"href":"https:\/\/www.europesays.com\/fr\/wp-json\/wp\/v2\/media\/189076"}],"wp:attachment":[{"href":"https:\/\/www.europesays.com\/fr\/wp-json\/wp\/v2\/media?parent=189075"}],"wp:term":[{"taxonomy":"category","embeddable":true,"href":"https:\/\/www.europesays.com\/fr\/wp-json\/wp\/v2\/categories?post=189075"},{"taxonomy":"post_tag","embeddable":true,"href":"https:\/\/www.europesays.com\/fr\/wp-json\/wp\/v2\/tags?post=189075"}],"curies":[{"name":"wp","href":"https:\/\/api.w.org\/{rel}","templated":true}]}}