{"id":189087,"date":"2025-06-19T18:51:09","date_gmt":"2025-06-19T18:51:09","guid":{"rendered":"https:\/\/www.europesays.com\/fr\/189087\/"},"modified":"2025-06-19T18:51:09","modified_gmt":"2025-06-19T18:51:09","slug":"bac-une-lyceenne-decouvre-quelle-a-planche-sur-le-mauvais-sujet-et-doit-repasser-lepreuve","status":"publish","type":"post","link":"https:\/\/www.europesays.com\/fr\/189087\/","title":{"rendered":"Bac. Une lyc\u00e9enne d\u00e9couvre qu\u2019elle a planch\u00e9 sur le mauvais sujet et doit repasser l\u2019\u00e9preuve"},"content":{"rendered":"<p>Lorsque les lyc\u00e9ens sortent d\u2019une \u00e9preuve du baccalaur\u00e9at, ils se r\u00e9unissent g\u00e9n\u00e9ralement pour un d\u00e9briefing. Mais apr\u00e8s avoir rendu sur sa copie de fran\u00e7ais, une \u00e9l\u00e8ve de premi\u00e8re de l\u2019acad\u00e9mie de Nice (Alpes-Maritimes) a eu la mauvaise surprise de d\u00e9couvrir qu\u2019elle n\u2019avait pas planch\u00e9 sur le m\u00eame sujet que ses camarades, rapporte <a href=\"https:\/\/france3-regions.franceinfo.fr\/provence-alpes-cote-d-azur\/alpes-maritimes\/elle-n-etait-pas-la-seule-dans-ce-cas-une-lyceenne-doit-repasser-une-epreuve-du-bac-car-elle-a-recu-le-mauvais-enonce-3172998.html\" target=\"_blank\" rel=\"noopener\"> France 3\u00a0PACA <\/a>. L\u2019\u00e9l\u00e8ve scolaris\u00e9e en fili\u00e8re litt\u00e9raire \u00e0\u00a0Antibes a re\u00e7u le mauvais sujet, vendredi 13\u00a0juin 2025.<\/p>\n<p>La jeune fille, qui avait opt\u00e9 pour le commentaire de texte, aurait d\u00fb travailler sur\u00a0L\u2019Ensorcel\u00e9e de Jules Barbey\u00a0d&rsquo;Aurevilly, r\u00e9serv\u00e9 \u00e0 la fili\u00e8re g\u00e9n\u00e9rale. Mais le sujet remis en d\u00e9but d\u2019\u00e9preuve portait\u00a0sur \u00c9l\u00e9gies pour le temps de vivre de Richard Rognet, le texte de la fili\u00e8re technologique.<\/p>\n<p>Convoqu\u00e9e pour repasser l\u2019\u00e9preuve<\/p>\n<p><strong>\u00ab\u00a0Au d\u00e9tour d\u2019une discussion avec ses camarades, elle a compris qu\u2019il y avait un probl\u00e8me. Elle m\u2019a appel\u00e9 en pleurs\u00a0\u00bb<\/strong>, relate le beau-p\u00e8re de l\u2019adolescente \u00e0 nos confr\u00e8res. La famille a imm\u00e9diatement donn\u00e9 l\u2019alerte et le rectorat s\u2019est saisi\u00a0du dossier, d\u2019autant que plusieurs \u00e9l\u00e8ves qui passaient le bac anticip\u00e9 de fran\u00e7ais sont concern\u00e9s par ce couac.<\/p>\n<p><strong>\u00ab\u00a0Nous sommes en lien avec la Direction g\u00e9n\u00e9rale de l\u2019enseignement scolaire (DGESCO) pour tenter d\u2019en savoir plus. Le centre d\u2019examen a inform\u00e9 l\u2019acad\u00e9mie de Nice qui a signal\u00e9 cette situation au minist\u00e8re pour \u00e9changer sur la conduite \u00e0 tenir, s\u2019agissant d\u2019\u00e9preuves nationales\u00a0\u00bb<\/strong>, pr\u00e9cise le rectorat \u00e0 France 3. Sans attendre, la lyc\u00e9enne a \u00e9t\u00e9 invit\u00e9e \u00e0 repasser son \u00e9preuve ce jeudi 19\u00a0juin, avant l\u2019oral maintenu entre le 26\u00a0juin et le 1er\u00a0juillet.<\/p>\n<p>Pour en savoir plus\u00a0: lire l\u2019article de <a href=\"https:\/\/france3-regions.franceinfo.fr\/provence-alpes-cote-d-azur\/alpes-maritimes\/elle-n-etait-pas-la-seule-dans-ce-cas-une-lyceenne-doit-repasser-une-epreuve-du-bac-car-elle-a-recu-le-mauvais-enonce-3172998.html\" target=\"_blank\" rel=\"noopener\"> France 3\u00a0PACA <\/a>.<\/p>\n<p>\u00a0<\/p>\n","protected":false},"excerpt":{"rendered":"Lorsque les lyc\u00e9ens sortent d\u2019une \u00e9preuve du baccalaur\u00e9at, ils se r\u00e9unissent g\u00e9n\u00e9ralement pour un d\u00e9briefing. Mais apr\u00e8s avoir&hellip;\n","protected":false},"author":2,"featured_media":189088,"comment_status":"","ping_status":"","sticky":false,"template":"","format":"standard","meta":{"footnotes":""},"categories":[9619],"tags":[1111,11,3050,4105,822,1777,674,1011,27,14876,32332,12,32556,882,9576,32692,25,7262,2310],"class_list":{"0":"post-189087","1":"post","2":"type-post","3":"status-publish","4":"format-standard","5":"has-post-thumbnail","7":"category-toulon","8":"tag-actu","9":"tag-actualites","10":"tag-bac","11":"tag-decouvre","12":"tag-epreuve","13":"tag-eu","14":"tag-europe","15":"tag-fr","16":"tag-france","17":"tag-lyceenne","18":"tag-mauvais","19":"tag-news","20":"tag-planche","21":"tag-provence-alpes-cote-dazur","22":"tag-qu","23":"tag-repasser","24":"tag-republique-francaise","25":"tag-sujet","26":"tag-toulon"},"share_on_mastodon":{"url":"https:\/\/pubeurope.com\/@fr\/114711539507776098","error":""},"_links":{"self":[{"href":"https:\/\/www.europesays.com\/fr\/wp-json\/wp\/v2\/posts\/189087","targetHints":{"allow":["GET"]}}],"collection":[{"href":"https:\/\/www.europesays.com\/fr\/wp-json\/wp\/v2\/posts"}],"about":[{"href":"https:\/\/www.europesays.com\/fr\/wp-json\/wp\/v2\/types\/post"}],"author":[{"embeddable":true,"href":"https:\/\/www.europesays.com\/fr\/wp-json\/wp\/v2\/users\/2"}],"replies":[{"embeddable":true,"href":"https:\/\/www.europesays.com\/fr\/wp-json\/wp\/v2\/comments?post=189087"}],"version-history":[{"count":0,"href":"https:\/\/www.europesays.com\/fr\/wp-json\/wp\/v2\/posts\/189087\/revisions"}],"wp:featuredmedia":[{"embeddable":true,"href":"https:\/\/www.europesays.com\/fr\/wp-json\/wp\/v2\/media\/189088"}],"wp:attachment":[{"href":"https:\/\/www.europesays.com\/fr\/wp-json\/wp\/v2\/media?parent=189087"}],"wp:term":[{"taxonomy":"category","embeddable":true,"href":"https:\/\/www.europesays.com\/fr\/wp-json\/wp\/v2\/categories?post=189087"},{"taxonomy":"post_tag","embeddable":true,"href":"https:\/\/www.europesays.com\/fr\/wp-json\/wp\/v2\/tags?post=189087"}],"curies":[{"name":"wp","href":"https:\/\/api.w.org\/{rel}","templated":true}]}}