{"id":189089,"date":"2025-06-19T18:52:14","date_gmt":"2025-06-19T18:52:14","guid":{"rendered":"https:\/\/www.europesays.com\/fr\/189089\/"},"modified":"2025-06-19T18:52:14","modified_gmt":"2025-06-19T18:52:14","slug":"vos-pronos-pour-les-demi-finales-de-top-14","status":"publish","type":"post","link":"https:\/\/www.europesays.com\/fr\/189089\/","title":{"rendered":"VOS pronos pour les demi finales de Top 14"},"content":{"rendered":"<p>            Par<br \/>\n        <strong><br \/>\n            <a href=\"https:\/\/actu.fr\/auteur\/nathan-heuillet\" title=\"Consulter tous les articles de Nathan Heuillet\" target=\"_blank\" rel=\"noopener\">Nathan Heuillet<\/a><br \/>\n        <\/strong><\/p>\n<p>        Publi\u00e9 le<\/p>\n<p>            19 juin 2025 \u00e0 12h07        <\/p>\n<p>Loin de conna\u00eetre les pr\u00e9tendus finalistes, la r\u00e9daction d\u2019Actu Rugby s\u2019en est remise \u00e0 sa communaut\u00e9 pour y voir un peu plus clair sur les finalistes pr\u00e9tendants de la <a href=\"https:\/\/actu.fr\/rugby\/top-14\" target=\"_blank\" rel=\"noopener\">saison 2024-2025 de Top 14<\/a>. Une chose est s\u00fbre : parmi les 4 candidats encore en lice, l\u2019un d\u2019eux sera champion de France de Top 14.<\/p>\n<p>Demi-finales de Top 14 : les pronostics<\/p>\n<p class=\" wall-content\">Les Basques n\u2019ont jamais atteint ce rang de la comp\u00e9tition et devront battre le champion en titre pour r\u00eaver plus grand. <strong>Bordeaux<\/strong>, actuel champion d\u2019Europe, va d\u00e9fier <strong>Toulon<\/strong> pour, pourquoi pas, tenter d\u2019obtenir un remake de la pr\u00e9c\u00e9dente finale. Qu\u2019en pense la communaut\u00e9 d\u2019<a href=\"https:\/\/actu.fr\/rugby\/\" target=\"_blank\" rel=\"noopener\">Actu Rugby<\/a> ?<\/p>\n<p>Toulouse \u2013 Bayonne : pas d\u2019exploit en vue pour les Basques<\/p>\n<p class=\" wall-content\">Le d\u00e9fi para\u00eet immense pour les Basques face au champion en titre. Bayonne s\u2019est donn\u00e9 le droit de r\u00eaver d\u2019une place en finale au terme d\u2019un barrage contre Clermont empreint de ma\u00eetrise, dans des conditions pourtant chaotiques. Mais il est s\u00fbr que ce match a fait beaucoup de mal \u00e0 l\u2019effectif de Gr\u00e9gory Patat. Si Manu Tuilagi \u00e9tait d\u00e9j\u00e0 forfait avant le barrage, il est rejoint par Cheikh Tiberghien et Baptiste Chouzenoux \u00e0 l\u2019infirmerie.<\/p>\n<p class=\" wall-content\">Tr\u00e8s en vue face \u00e0 Clermont, ces absences ne sont peut-\u00eatre pas pass\u00e9es inaper\u00e7ues aux yeux de certains membres de la communaut\u00e9, qui voient Toulouse l\u2019emporter largement. Le champion, lui, outre l\u2019absence d\u2019Antoine Dupont, Peato Mauvaka et Ange Capuozzo bless\u00e9s de longue date, s\u2019appuie sur un effectif quasi complet.<\/p>\n<p class=\" wall-content\"><strong>Verdict : 1220 r\u00e9ponses : Toulouse (77%) \u2013 (33%) Bayonne\u00a0<\/strong><\/p>\n<p>Vid\u00e9os : en ce moment sur ActuBordeaux \u2013 Toulon : Le duel le plus \u00e9quilibr\u00e9 des demi-finales<\/p>\n<p class=\" wall-content\">Respectivement 2e et 3e \u00e0 l\u2019issue de la phase r\u00e9guli\u00e8re, ces deux \u00e9quipes se sont longtemps march\u00e9 sur les talons pour obtenir une place en demi-finale directe. Mais c\u2019est Bordeaux qui s\u2019est \u00e9vit\u00e9 les barrages \u00e0 la derni\u00e8re journ\u00e9e, aux d\u00e9pens des Varois, qui sont sortis victorieux de Castres dans un Mayol chauff\u00e9 \u00e0 blanc.<\/p>\n<p class=\" wall-content\">Le champion d\u2019Europe en titre semble pourtant avoir une longueur d\u2019avance dans vos c\u0153urs, puisque c\u2019est le favori de cette demi-finale. Sans Louis Bielle-Biarrey, Bordeaux affiche un groupe quasi complet, tout comme Toulon, qui ne compte que l\u2019absence de longue date du Tricolore Charles Ollivon.<\/p>\n<p class=\" wall-content\"><strong>Verdict : 1218 r\u00e9ponses : Bordeaux (61%) \u2013 (39%) Toulon<\/strong><\/p>\n<p>Vers le remake de la finale 2023-2024 entre Bordeaux et Toulouse ?<\/p>\n<p class=\" wall-content\">Si vos pronostics s\u2019av\u00e8rent vrais, Bordeaux et Toulouse s\u2019affronteront \u00e0 nouveau en finale pour d\u00e9crocher un Brennus. L\u2019ann\u00e9e du doubl\u00e9 pour Bordeaux ou le 24e\u00a0bouclier pour Toulouse ? Bien malin celui qui saura donner une r\u00e9ponse. En attendant, les deux \u00e9quipes devront assurer leurs places face \u00e0 deux barragistes d\u00e9termin\u00e9s.<\/p>\n<p class=\" wall-content\">Suivez toute l\u2019actualit\u00e9 de vos villes et m\u00e9dias favoris en vous inscrivant \u00e0 <a href=\"https:\/\/moncompte.actu.fr\" title=\"D\u00e9couvez Mon Actu\" rel=\"nofollow noopener\" data-trk=\"{&quot;cta&quot;:{&quot;action&quot;:&quot;https:\\\/\\\/moncompte.actu.fr&quot;,&quot;category&quot;:&quot;mon compte&quot;,&quot;from&quot;:&quot;article footer&quot;,&quot;name&quot;:&quot;Mon actu&quot;,&quot;type&quot;:&quot;cta&quot;}}\" target=\"_blank\">Mon Actu<\/a>.<\/p>\n","protected":false},"excerpt":{"rendered":"Par Nathan Heuillet Publi\u00e9 le 19 juin 2025 \u00e0 12h07 Loin de conna\u00eetre les pr\u00e9tendus finalistes, la r\u00e9daction&hellip;\n","protected":false},"author":2,"featured_media":189090,"comment_status":"","ping_status":"","sticky":false,"template":"","format":"standard","meta":{"footnotes":""},"categories":[9619],"tags":[1111,11,1777,674,1011,27,12,882,6717,25,479,60,476,478,2310,4435],"class_list":{"0":"post-189089","1":"post","2":"type-post","3":"status-publish","4":"format-standard","5":"has-post-thumbnail","7":"category-toulon","8":"tag-actu","9":"tag-actualites","10":"tag-eu","11":"tag-europe","12":"tag-fr","13":"tag-france","14":"tag-news","15":"tag-provence-alpes-cote-dazur","16":"tag-rct-rugby-club-toulonnais","17":"tag-republique-francaise","18":"tag-rugby","19":"tag-sports","20":"tag-stade-toulousain","21":"tag-top-14","22":"tag-toulon","23":"tag-ubb-union-bordeaux-begles"},"share_on_mastodon":{"url":"https:\/\/pubeurope.com\/@fr\/114711543376151108","error":""},"_links":{"self":[{"href":"https:\/\/www.europesays.com\/fr\/wp-json\/wp\/v2\/posts\/189089","targetHints":{"allow":["GET"]}}],"collection":[{"href":"https:\/\/www.europesays.com\/fr\/wp-json\/wp\/v2\/posts"}],"about":[{"href":"https:\/\/www.europesays.com\/fr\/wp-json\/wp\/v2\/types\/post"}],"author":[{"embeddable":true,"href":"https:\/\/www.europesays.com\/fr\/wp-json\/wp\/v2\/users\/2"}],"replies":[{"embeddable":true,"href":"https:\/\/www.europesays.com\/fr\/wp-json\/wp\/v2\/comments?post=189089"}],"version-history":[{"count":0,"href":"https:\/\/www.europesays.com\/fr\/wp-json\/wp\/v2\/posts\/189089\/revisions"}],"wp:featuredmedia":[{"embeddable":true,"href":"https:\/\/www.europesays.com\/fr\/wp-json\/wp\/v2\/media\/189090"}],"wp:attachment":[{"href":"https:\/\/www.europesays.com\/fr\/wp-json\/wp\/v2\/media?parent=189089"}],"wp:term":[{"taxonomy":"category","embeddable":true,"href":"https:\/\/www.europesays.com\/fr\/wp-json\/wp\/v2\/categories?post=189089"},{"taxonomy":"post_tag","embeddable":true,"href":"https:\/\/www.europesays.com\/fr\/wp-json\/wp\/v2\/tags?post=189089"}],"curies":[{"name":"wp","href":"https:\/\/api.w.org\/{rel}","templated":true}]}}