{"id":189105,"date":"2025-06-19T19:01:13","date_gmt":"2025-06-19T19:01:13","guid":{"rendered":"https:\/\/www.europesays.com\/fr\/189105\/"},"modified":"2025-06-19T19:01:13","modified_gmt":"2025-06-19T19:01:13","slug":"a-rennes-le-musee-des-beaux-arts-a-ouvert-une-antenne-dans-le-quartier-de-maurepas","status":"publish","type":"post","link":"https:\/\/www.europesays.com\/fr\/189105\/","title":{"rendered":"\u00c0 Rennes, le mus\u00e9e des Beaux-Arts a ouvert une antenne dans le quartier de Maurepas"},"content":{"rendered":"<p>Construit entre 1950 et 1970, et devenu\u00a0entre-temps l&rsquo;un des plus pauvres de Rennes, le quartier de Maurepas fait actuellement l\u2019objet d\u2019un plan de r\u00e9novation urbaine et se trouve sur la nouvelle ligne de m\u00e9tro B, en fonction depuis un an. Ins\u00e9r\u00e9e dans la structure d\u2019un de ses b\u00e2timents, la <a href=\"https:\/\/mba.rennes.fr\/musee\/le-musee-maurepas\" target=\"_blank\" rel=\"noopener\">nouvelle antenne du mus\u00e9e des Beaux-Arts de Rennes<\/a> a\u2026<\/p>\n","protected":false},"excerpt":{"rendered":"Construit entre 1950 et 1970, et devenu\u00a0entre-temps l&rsquo;un des plus pauvres de Rennes, le quartier de Maurepas fait&hellip;\n","protected":false},"author":2,"featured_media":189106,"comment_status":"","ping_status":"","sticky":false,"template":"","format":"standard","meta":{"footnotes":""},"categories":[2821],"tags":[1111,11,829,1777,674,1011,27,3048,3897,12,584,25],"class_list":{"0":"post-189105","1":"post","2":"type-post","3":"status-publish","4":"format-standard","5":"has-post-thumbnail","7":"category-rennes","8":"tag-actu","9":"tag-actualites","10":"tag-bretagne","11":"tag-eu","12":"tag-europe","13":"tag-fr","14":"tag-france","15":"tag-musee","16":"tag-musee-des-beaux-arts","17":"tag-news","18":"tag-rennes","19":"tag-republique-francaise"},"share_on_mastodon":{"url":"https:\/\/pubeurope.com\/@fr\/114711578780870071","error":""},"_links":{"self":[{"href":"https:\/\/www.europesays.com\/fr\/wp-json\/wp\/v2\/posts\/189105","targetHints":{"allow":["GET"]}}],"collection":[{"href":"https:\/\/www.europesays.com\/fr\/wp-json\/wp\/v2\/posts"}],"about":[{"href":"https:\/\/www.europesays.com\/fr\/wp-json\/wp\/v2\/types\/post"}],"author":[{"embeddable":true,"href":"https:\/\/www.europesays.com\/fr\/wp-json\/wp\/v2\/users\/2"}],"replies":[{"embeddable":true,"href":"https:\/\/www.europesays.com\/fr\/wp-json\/wp\/v2\/comments?post=189105"}],"version-history":[{"count":0,"href":"https:\/\/www.europesays.com\/fr\/wp-json\/wp\/v2\/posts\/189105\/revisions"}],"wp:featuredmedia":[{"embeddable":true,"href":"https:\/\/www.europesays.com\/fr\/wp-json\/wp\/v2\/media\/189106"}],"wp:attachment":[{"href":"https:\/\/www.europesays.com\/fr\/wp-json\/wp\/v2\/media?parent=189105"}],"wp:term":[{"taxonomy":"category","embeddable":true,"href":"https:\/\/www.europesays.com\/fr\/wp-json\/wp\/v2\/categories?post=189105"},{"taxonomy":"post_tag","embeddable":true,"href":"https:\/\/www.europesays.com\/fr\/wp-json\/wp\/v2\/tags?post=189105"}],"curies":[{"name":"wp","href":"https:\/\/api.w.org\/{rel}","templated":true}]}}