{"id":189109,"date":"2025-06-19T19:03:10","date_gmt":"2025-06-19T19:03:10","guid":{"rendered":"https:\/\/www.europesays.com\/fr\/189109\/"},"modified":"2025-06-19T19:03:10","modified_gmt":"2025-06-19T19:03:10","slug":"strasbourg-une-manifestation-conjointe-pour-la-paix-en-iran-et-a-gaza","status":"publish","type":"post","link":"https:\/\/www.europesays.com\/fr\/189109\/","title":{"rendered":"Strasbourg. Une manifestation conjointe pour la paix en Iran et \u00e0 Gaza"},"content":{"rendered":"<p>Le <a href=\"https:\/\/www.dna.fr\/faits-divers-justice\/2023\/01\/14\/solidaires-avec-les-femmes-d-afghanistan\" target=\"_blank\" rel=\"nofollow noopener\">collectif Voix des femmes\u00a0: de Kaboul \u00e0 T\u00e9h\u00e9ran<\/a> a r\u00e9uni une cinquantaine de personnes sur la place du Corbeau, \u00e0 Strasbourg, pour dire non <a href=\"https:\/\/www.dna.fr\/politique\/2025\/06\/13\/israel-frappe-plusieurs-sites-militaires-et-nucleaires-en-iran-au-moins-50-personnes-blessees\" target=\"_blank\" rel=\"nofollow noopener\">\u00e0 la guerre en Iran et \u00e0 Gaza<\/a> ce jeudi 19\u00a0juin. \u00ab\u00a0Nous soutenons les civils et condamnons l\u2019attaque ill\u00e9gitime d\u2019Isra\u00ebl sur T\u00e9h\u00e9ran\u00a0\u00bb, souligne Salom\u00e9 Helbourg, participante au rassemblement. La mobilisation a \u00e9t\u00e9 rejointe par quelque 150 manifestants du collectif Palestine 67.<\/p>\n<p>Le rassemblement a \u00e9t\u00e9 soutenu par le d\u00e9put\u00e9 de la deuxi\u00e8me circonscription du Bas-Rhin <a href=\"https:\/\/www.dna.fr\/p\/emmanuel-fernandes\" target=\"_blank\" rel=\"nofollow noopener\">Emmanuel Fernandes<\/a> qui a rappel\u00e9 que LFI d\u00e9nonce les agissements du gouvernement Netanyahou. Surtout, l\u2019adjoint \u00e0 la mairie de Strasbourg n\u00e9 en Iran, Syamak Agha Babaei, a tenu \u00e0 \u00eatre pr\u00e9sent\u00a0: \u00ab\u00a0Voir les bombes sur T\u00e9h\u00e9ran m\u2019a rappel\u00e9 la guerre pendant mon enfance. Les frappes ne font qu\u2019affaiblir le droit international et le mouvement Femme, Vie, Libert\u00e9.\u00a0\u00bb<\/p>\n","protected":false},"excerpt":{"rendered":"Le collectif Voix des femmes\u00a0: de Kaboul \u00e0 T\u00e9h\u00e9ran a r\u00e9uni une cinquantaine de personnes sur la place&hellip;\n","protected":false},"author":2,"featured_media":189110,"comment_status":"","ping_status":"","sticky":false,"template":"","format":"standard","meta":{"footnotes":""},"categories":[2820],"tags":[1111,11,3206,2880,1777,674,274,107,1011,27,775,12,25,640,2879],"class_list":{"0":"post-189109","1":"post","2":"type-post","3":"status-publish","4":"format-standard","5":"has-post-thumbnail","7":"category-strasbourg","8":"tag-actu","9":"tag-actualites","10":"tag-defense-guerre-conflit","11":"tag-edition-strasbourg","12":"tag-eu","13":"tag-europe","14":"tag-faits-divers-justice","15":"tag-fil-info","16":"tag-fr","17":"tag-france","18":"tag-grand-est","19":"tag-news","20":"tag-republique-francaise","21":"tag-strasbourg","22":"tag-strasbourg-ville"},"share_on_mastodon":{"url":"https:\/\/pubeurope.com\/@fr\/114711586864742150","error":""},"_links":{"self":[{"href":"https:\/\/www.europesays.com\/fr\/wp-json\/wp\/v2\/posts\/189109","targetHints":{"allow":["GET"]}}],"collection":[{"href":"https:\/\/www.europesays.com\/fr\/wp-json\/wp\/v2\/posts"}],"about":[{"href":"https:\/\/www.europesays.com\/fr\/wp-json\/wp\/v2\/types\/post"}],"author":[{"embeddable":true,"href":"https:\/\/www.europesays.com\/fr\/wp-json\/wp\/v2\/users\/2"}],"replies":[{"embeddable":true,"href":"https:\/\/www.europesays.com\/fr\/wp-json\/wp\/v2\/comments?post=189109"}],"version-history":[{"count":0,"href":"https:\/\/www.europesays.com\/fr\/wp-json\/wp\/v2\/posts\/189109\/revisions"}],"wp:featuredmedia":[{"embeddable":true,"href":"https:\/\/www.europesays.com\/fr\/wp-json\/wp\/v2\/media\/189110"}],"wp:attachment":[{"href":"https:\/\/www.europesays.com\/fr\/wp-json\/wp\/v2\/media?parent=189109"}],"wp:term":[{"taxonomy":"category","embeddable":true,"href":"https:\/\/www.europesays.com\/fr\/wp-json\/wp\/v2\/categories?post=189109"},{"taxonomy":"post_tag","embeddable":true,"href":"https:\/\/www.europesays.com\/fr\/wp-json\/wp\/v2\/tags?post=189109"}],"curies":[{"name":"wp","href":"https:\/\/api.w.org\/{rel}","templated":true}]}}