{"id":189125,"date":"2025-06-19T19:12:10","date_gmt":"2025-06-19T19:12:10","guid":{"rendered":"https:\/\/www.europesays.com\/fr\/189125\/"},"modified":"2025-06-19T19:12:10","modified_gmt":"2025-06-19T19:12:10","slug":"toulouse-5000-m%c2%b2-partis-en-fumee-dans-un-depot-sauvage-deja-frappe-par-un-incendie-majeur","status":"publish","type":"post","link":"https:\/\/www.europesays.com\/fr\/189125\/","title":{"rendered":"Toulouse. 5000 m\u00b2 partis en fum\u00e9e dans un d\u00e9p\u00f4t sauvage d\u00e9j\u00e0 frapp\u00e9 par un incendie majeur"},"content":{"rendered":"<p>            Par<br \/>\n        <strong><br \/>\n            <a href=\"https:\/\/actu.fr\/auteur\/lea-afonso\" title=\"Consulter tous les articles de L\u00e9a Afonso\" rel=\"nofollow noopener\" target=\"_blank\">L\u00e9a Afonso<\/a><br \/>\n        <\/strong><\/p>\n<p>        Publi\u00e9 le<\/p>\n<p>            19 juin 2025 \u00e0 20h11        <\/p>\n<p>Plusieurs hectares br\u00fbl\u00e9s\u2026 En d\u00e9but d\u2019apr\u00e8s-midi, ce jeudi 19\u00a0juin 2025, un <strong>incendie<\/strong> s\u2019est d\u00e9clar\u00e9 au sein d\u2019un d\u00e9p\u00f4t sauvage au nord de <a href=\"https:\/\/actu.fr\/toulouse\/\" rel=\"nofollow noopener\" target=\"_blank\">Toulouse<\/a>, Rue des M\u00e9sanges. Les pompiers ont \u00e9t\u00e9 envoy\u00e9s sur place.<\/p>\n<p>    <a href=\"https:\/\/www.google.com\/maps\/embed?pb=!1m18!1m12!1m3!1d2886.397073541603!2d1.4089640773056096!3d43.66071105194326!2m3!1f0!2f0!3f0!3m2!1i1024!2i768!4f13.1!3m3!1m2!1s0x12aea4fbb53d7f6d%3A0xc583710d03d0af43!2sRue%20des%20M%C3%A9sanges%2C%2031200%20Toulouse!5e0!3m2!1sfr!2sfr!4v1750356302844!5m2!1sfr!2sfr\" title=\"Ouvrie le lien\" rel=\"nofollow noopener\" target=\"_blank\">Cliquez ici pour visualiser le contenu<\/a><\/p>\n<p>Un feu dans un d\u00e9p\u00f4t sauvage<\/p>\n<p class=\" wall-content\">Tout est parti de <strong>broussailles<\/strong> et de <strong>d\u00e9tritus<\/strong>. Au sein d\u2019un d\u00e9p\u00f4t sauvage du nord de Toulouse, des broussailles ont pris feu ce jeudi apr\u00e8s-midi, br\u00fblant pas moins de <strong>5000 m2 de terrain.<\/strong><\/p>\n<p class=\" wall-content\"><strong>18 sapeurs-pompiers<\/strong> de la Haute-Garonne \u00e0 bord de quatre v\u00e9hicules ont \u00e9t\u00e9 appel\u00e9s sur place, pour tenter d\u2019en venir \u00e0 bout des flammes. Chose faite, la propagation aux habitations alentour a \u00e9t\u00e9 \u00e9vit\u00e9e.<\/p>\n<p>Un lieu connu des incendies<\/p>\n<p class=\" wall-content\">Les plus observateurs l\u2019auront remarqu\u00e9. Ce lieu n\u2019est pas m\u00e9connu des incendies. En septembre\u00a02023, <a href=\"https:\/\/actu.fr\/occitanie\/toulouse_31555\/toulouse-un-violent-incendie-detruit-une-maison-la-fumee-visible-a-des-kilometres_60038771.html\" rel=\"nofollow noopener\" target=\"_blank\">de violentes flammes avaient ravag\u00e9 30 hectares de ce milieu naturel,<\/a> faisant huit personnes hospitalis\u00e9es pour intoxication.<\/p>\n<p class=\" wall-content\">Non loin de la rue des m\u00e9sanges, une entreprise de recyclage stockant des bouteilles de gaz se trouve. Une situation qui avait inqui\u00e9t\u00e9 les pompiers \u00e0 l\u2019\u00e9poque.<\/p>\n<p>Vid\u00e9os : en ce moment sur Actu<\/p>\n<p class=\" wall-content\">Suivez toute l\u2019actualit\u00e9 de vos villes et m\u00e9dias favoris en vous inscrivant \u00e0 <a href=\"https:\/\/moncompte.actu.fr\" title=\"D\u00e9couvez Mon Actu\" rel=\"nofollow noopener\" data-trk=\"{&quot;cta&quot;:{&quot;action&quot;:&quot;https:\\\/\\\/moncompte.actu.fr&quot;,&quot;category&quot;:&quot;mon compte&quot;,&quot;from&quot;:&quot;article footer&quot;,&quot;name&quot;:&quot;Mon actu&quot;,&quot;type&quot;:&quot;cta&quot;}}\" target=\"_blank\">Mon Actu<\/a>.<\/p>\n","protected":false},"excerpt":{"rendered":"Par L\u00e9a Afonso Publi\u00e9 le 19 juin 2025 \u00e0 20h11 Plusieurs hectares br\u00fbl\u00e9s\u2026 En d\u00e9but d\u2019apr\u00e8s-midi, ce jeudi&hellip;\n","protected":false},"author":2,"featured_media":189126,"comment_status":"","ping_status":"","sticky":false,"template":"","format":"standard","meta":{"footnotes":""},"categories":[2816],"tags":[1111,11,1777,674,118,1011,27,1310,12,2680,1311,25,2312],"class_list":{"0":"post-189125","1":"post","2":"type-post","3":"status-publish","4":"format-standard","5":"has-post-thumbnail","7":"category-toulouse","8":"tag-actu","9":"tag-actualites","10":"tag-eu","11":"tag-europe","12":"tag-faits-divers","13":"tag-fr","14":"tag-france","15":"tag-incendie","16":"tag-news","17":"tag-occitanie","18":"tag-pompiers","19":"tag-republique-francaise","20":"tag-toulouse"},"share_on_mastodon":{"url":"https:\/\/pubeurope.com\/@fr\/114711622041706448","error":""},"_links":{"self":[{"href":"https:\/\/www.europesays.com\/fr\/wp-json\/wp\/v2\/posts\/189125","targetHints":{"allow":["GET"]}}],"collection":[{"href":"https:\/\/www.europesays.com\/fr\/wp-json\/wp\/v2\/posts"}],"about":[{"href":"https:\/\/www.europesays.com\/fr\/wp-json\/wp\/v2\/types\/post"}],"author":[{"embeddable":true,"href":"https:\/\/www.europesays.com\/fr\/wp-json\/wp\/v2\/users\/2"}],"replies":[{"embeddable":true,"href":"https:\/\/www.europesays.com\/fr\/wp-json\/wp\/v2\/comments?post=189125"}],"version-history":[{"count":0,"href":"https:\/\/www.europesays.com\/fr\/wp-json\/wp\/v2\/posts\/189125\/revisions"}],"wp:featuredmedia":[{"embeddable":true,"href":"https:\/\/www.europesays.com\/fr\/wp-json\/wp\/v2\/media\/189126"}],"wp:attachment":[{"href":"https:\/\/www.europesays.com\/fr\/wp-json\/wp\/v2\/media?parent=189125"}],"wp:term":[{"taxonomy":"category","embeddable":true,"href":"https:\/\/www.europesays.com\/fr\/wp-json\/wp\/v2\/categories?post=189125"},{"taxonomy":"post_tag","embeddable":true,"href":"https:\/\/www.europesays.com\/fr\/wp-json\/wp\/v2\/tags?post=189125"}],"curies":[{"name":"wp","href":"https:\/\/api.w.org\/{rel}","templated":true}]}}