{"id":189131,"date":"2025-06-19T19:15:10","date_gmt":"2025-06-19T19:15:10","guid":{"rendered":"https:\/\/www.europesays.com\/fr\/189131\/"},"modified":"2025-06-19T19:15:10","modified_gmt":"2025-06-19T19:15:10","slug":"apres-le-coup-de-pression-la-ministre-juliette-meadel-distribue-bons-et-mauvais-points-aux-bailleurs-a-marseille","status":"publish","type":"post","link":"https:\/\/www.europesays.com\/fr\/189131\/","title":{"rendered":"Apr\u00e8s le coup de pression, la ministre Juliette M\u00e9adel distribue bons et mauvais points aux bailleurs \u00e0 Marseille"},"content":{"rendered":"<p>Elle a fait de la \u00ab\u00a0gestion urbaine de proximit\u00e9\u00a0\u00bb l\u2019une des priorit\u00e9s de son mandat. Pour sa sixi\u00e8me venue \u00e0 Marseille, ce jeudi 19\u00a0juin, Juliette M\u00e9adel a une nouvelle fois focalis\u00e9 sa visite sur ce th\u00e8me, notamment \u00e0 la Busserine (14e), avec l\u2019inauguration de la <a href=\"https:\/\/www.laprovence.com\/article\/edition-marseille\/5322887\/la-busserine-a-besoin-de-sa-creche-de-l%C2%8Cuf.html\" target=\"_blank\" rel=\"noopener\">cr\u00e8che de l\u2019\u0152uf<\/a>, dont le chantier \u00e9tait au point mort lors de sa premi\u00e8re escale marseillaise. Et par une d\u00e9ambulation aux <a href=\"https:\/\/www.laprovence.com\/article\/region\/5802650220555715\/insecurite-liee-au-trafic-de-drogue-quartier-colbert-la-creche-des-carmes-rouvre\" target=\"_blank\" rel=\"noopener\">Carmes<\/a> (2e) pour permettre \u00e0 la ministre de la Ville de constater \u00ab\u00a0les am\u00e9liorations\u00a0\u00bb quant au \u00ab\u00a0surentretien\u00a0\u00bb des ensembles g\u00e9r\u00e9s par des bailleurs sociaux.<\/p>\n","protected":false},"excerpt":{"rendered":"Elle a fait de la \u00ab\u00a0gestion urbaine de proximit\u00e9\u00a0\u00bb l\u2019une des priorit\u00e9s de son mandat. Pour sa sixi\u00e8me&hellip;\n","protected":false},"author":2,"featured_media":189132,"comment_status":"","ping_status":"","sticky":false,"template":"","format":"standard","meta":{"footnotes":""},"categories":[2814],"tags":[17,1111,11,150,3952,32697,1777,674,1011,27,20091,884,32696,3784,12,14363,882,16,25],"class_list":{"0":"post-189131","1":"post","2":"type-post","3":"status-publish","4":"format-standard","5":"has-post-thumbnail","7":"category-marseille","8":"tag-17","9":"tag-actu","10":"tag-actualites","11":"tag-apres","12":"tag-coup","13":"tag-distribue","14":"tag-eu","15":"tag-europe","16":"tag-fr","17":"tag-france","18":"tag-juliette","19":"tag-marseille","20":"tag-meadel","21":"tag-ministre","22":"tag-news","23":"tag-pression","24":"tag-provence-alpes-cote-dazur","25":"tag-region","26":"tag-republique-francaise"},"share_on_mastodon":{"url":"https:\/\/pubeurope.com\/@fr\/114711633838378650","error":""},"_links":{"self":[{"href":"https:\/\/www.europesays.com\/fr\/wp-json\/wp\/v2\/posts\/189131","targetHints":{"allow":["GET"]}}],"collection":[{"href":"https:\/\/www.europesays.com\/fr\/wp-json\/wp\/v2\/posts"}],"about":[{"href":"https:\/\/www.europesays.com\/fr\/wp-json\/wp\/v2\/types\/post"}],"author":[{"embeddable":true,"href":"https:\/\/www.europesays.com\/fr\/wp-json\/wp\/v2\/users\/2"}],"replies":[{"embeddable":true,"href":"https:\/\/www.europesays.com\/fr\/wp-json\/wp\/v2\/comments?post=189131"}],"version-history":[{"count":0,"href":"https:\/\/www.europesays.com\/fr\/wp-json\/wp\/v2\/posts\/189131\/revisions"}],"wp:featuredmedia":[{"embeddable":true,"href":"https:\/\/www.europesays.com\/fr\/wp-json\/wp\/v2\/media\/189132"}],"wp:attachment":[{"href":"https:\/\/www.europesays.com\/fr\/wp-json\/wp\/v2\/media?parent=189131"}],"wp:term":[{"taxonomy":"category","embeddable":true,"href":"https:\/\/www.europesays.com\/fr\/wp-json\/wp\/v2\/categories?post=189131"},{"taxonomy":"post_tag","embeddable":true,"href":"https:\/\/www.europesays.com\/fr\/wp-json\/wp\/v2\/tags?post=189131"}],"curies":[{"name":"wp","href":"https:\/\/api.w.org\/{rel}","templated":true}]}}