{"id":189133,"date":"2025-06-19T19:16:12","date_gmt":"2025-06-19T19:16:12","guid":{"rendered":"https:\/\/www.europesays.com\/fr\/189133\/"},"modified":"2025-06-19T19:16:12","modified_gmt":"2025-06-19T19:16:12","slug":"des-plages-au-centre-ville-ou-passer-la-fete-de-la-musique-a-marseille","status":"publish","type":"post","link":"https:\/\/www.europesays.com\/fr\/189133\/","title":{"rendered":"Des plages au centre-ville&#8230; o\u00f9 passer la F\u00eate de la musique \u00e0 Marseille"},"content":{"rendered":"<p>Devenue un rituel du passage au solstice d&rsquo;\u00e9t\u00e9, la F\u00eate de la musique lanc\u00e9e en 1982 par Jack Lang, alors ministre de la Culture, est l&rsquo;occasion d&rsquo;\u00e9couter de la musique, quel que soit le style, partout dans la ville. Du troquet de quartier \u00e0 la moindre place ou esplanade, jusqu&rsquo;aux grands espaces, des plages du Prado au Vieux-Port, tour d&rsquo;horizon des propositions (gratuites et payantes). Une liste \u00e9videmment non exhaustive.<\/p>\n<p><strong>Le Vieux-Port s&rsquo;ambiance avec Soolking\u00a0<\/strong><\/p>\n<p>C&rsquo;est une premi\u00e8re. La Ville de Marseille organise un concert gratuit sur le Vieux-Port. De 19h \u00e0 22h30, elle convoque aux platines DJ Trackworks et le collectif marseillais Maraboutage, r\u00e9put\u00e9 pour ses performances m\u00ealant cultures afro, latino et europ\u00e9enne, chor\u00e9graphies d\u00e9brid\u00e9es et costumes flamboyants. La t\u00eate d&rsquo;affiche de cette soir\u00e9e reste <a href=\"https:\/\/laprovence.com\/article\/sortie-loisirs\/1094038956093916\/soolking-ce-jeudi-soir-sur-la-scene-flottante-du-vieux-port-a-marseille\" target=\"_blank\" rel=\"noopener\">Soolking<\/a>, artiste originaire d&rsquo;Alg\u00e9rie, r\u00e9f\u00e9rence de la pop urbaine actuelle, auteur des tubes Suavemente et Casanova, en featuring avec Gazo.\u00a0<\/p>\n","protected":false},"excerpt":{"rendered":"Devenue un rituel du passage au solstice d&rsquo;\u00e9t\u00e9, la F\u00eate de la musique lanc\u00e9e en 1982 par Jack&hellip;\n","protected":false},"author":2,"featured_media":189134,"comment_status":"","ping_status":"","sticky":false,"template":"","format":"standard","meta":{"footnotes":""},"categories":[2814],"tags":[17,1111,11,11898,251,154,1777,674,4768,1011,27,884,873,12,4615,8302,882,25],"class_list":{"0":"post-189133","1":"post","2":"type-post","3":"status-publish","4":"format-standard","5":"has-post-thumbnail","7":"category-marseille","8":"tag-17","9":"tag-actu","10":"tag-actualites","11":"tag-centre-ville","12":"tag-culture","13":"tag-des","14":"tag-eu","15":"tag-europe","16":"tag-fete","17":"tag-fr","18":"tag-france","19":"tag-marseille","20":"tag-musique","21":"tag-news","22":"tag-passer","23":"tag-plages","24":"tag-provence-alpes-cote-dazur","25":"tag-republique-francaise"},"share_on_mastodon":{"url":"https:\/\/pubeurope.com\/@fr\/114711637741764500","error":""},"_links":{"self":[{"href":"https:\/\/www.europesays.com\/fr\/wp-json\/wp\/v2\/posts\/189133","targetHints":{"allow":["GET"]}}],"collection":[{"href":"https:\/\/www.europesays.com\/fr\/wp-json\/wp\/v2\/posts"}],"about":[{"href":"https:\/\/www.europesays.com\/fr\/wp-json\/wp\/v2\/types\/post"}],"author":[{"embeddable":true,"href":"https:\/\/www.europesays.com\/fr\/wp-json\/wp\/v2\/users\/2"}],"replies":[{"embeddable":true,"href":"https:\/\/www.europesays.com\/fr\/wp-json\/wp\/v2\/comments?post=189133"}],"version-history":[{"count":0,"href":"https:\/\/www.europesays.com\/fr\/wp-json\/wp\/v2\/posts\/189133\/revisions"}],"wp:featuredmedia":[{"embeddable":true,"href":"https:\/\/www.europesays.com\/fr\/wp-json\/wp\/v2\/media\/189134"}],"wp:attachment":[{"href":"https:\/\/www.europesays.com\/fr\/wp-json\/wp\/v2\/media?parent=189133"}],"wp:term":[{"taxonomy":"category","embeddable":true,"href":"https:\/\/www.europesays.com\/fr\/wp-json\/wp\/v2\/categories?post=189133"},{"taxonomy":"post_tag","embeddable":true,"href":"https:\/\/www.europesays.com\/fr\/wp-json\/wp\/v2\/tags?post=189133"}],"curies":[{"name":"wp","href":"https:\/\/api.w.org\/{rel}","templated":true}]}}