{"id":189137,"date":"2025-06-19T19:18:14","date_gmt":"2025-06-19T19:18:14","guid":{"rendered":"https:\/\/www.europesays.com\/fr\/189137\/"},"modified":"2025-06-19T19:18:14","modified_gmt":"2025-06-19T19:18:14","slug":"bruno-retailleau-en-deplacement-pres-de-lyon-ce-vendredi","status":"publish","type":"post","link":"https:\/\/www.europesays.com\/fr\/189137\/","title":{"rendered":"Bruno Retailleau en d\u00e9placement pr\u00e8s de Lyon ce vendredi"},"content":{"rendered":"<p><img loading=\"lazy\" decoding=\"async\" alt=\"\u00a9 Shutterstock - Bruno Retailleau sera pr\u00e9sent \u00e0 l'Ecole nationale sup\u00e9rieure de la police, \u00e0 Saint-Cyr-au-Mont-d'Or, vendredi 20 juin.\" data-zoom-src=\"https:\/\/www.europesays.com\/fr\/wp-content\/uploads\/2025\/06\/initial-bruno-retailleau-ministre-interieur-credit-shutterstock.jpg\" data-zoomable=\"\" height=\"702\" src=\"https:\/\/www.europesays.com\/fr\/wp-content\/uploads\/2025\/06\/initial-bruno-retailleau-ministre-interieur-credit-shutterstock.jpg\" width=\"1248\"\/>  <\/p>\n<p class=\"article-desc\">\u00a9 Shutterstock &#8211; Bruno Retailleau sera pr\u00e9sent \u00e0 l&rsquo;Ecole nationale sup\u00e9rieure de la police, \u00e0 Saint-Cyr-au-Mont-d&rsquo;Or, vendredi 20 juin. <\/p>\n<p>Les prochains <strong>commissaires de police<\/strong> vont pouvoir rencontrer leur futur patron. <strong>Bruno Retailleau, ministre de l&rsquo;Int\u00e9rieur<\/strong>, sera en visite \u00e0 l&rsquo;<strong>Ecole nationale sup\u00e9rieure de la police<\/strong> \u00e0 l&rsquo;occasion de leur sortie de promotion. L&rsquo;\u00e9v\u00e9nement se d\u00e9roule vendredi 20 juin dans l&rsquo;enceinte de l&rsquo;\u00e9tablissement, situ\u00e9 \u00e0 <strong>Saint-Cyr-au-Mont-d&rsquo;Or pr\u00e8s de Lyon<\/strong>.\u00a0 <\/p>\n<p>Bruno Retailleau \u00e0 la rencontre des futurs commissaires de police <\/p>\n<p><a href=\"https:\/\/mesinfos.fr\/69130-ecully\/le-ministre-de-l-interieur-en-deplacement-pres-de-lyon-vendredi-218337.html\" rel=\"nofollow noopener\" target=\"_blank\">D\u00e9j\u00e0 pr\u00e9sent en r\u00e9gion lyonnaise au mois de mars<\/a>, Bruno Retailleau effectuera cette fois-ci une visite \u00e9clair d&rsquo;une heure et demie. Elle sera marqu\u00e9e les c\u00e9r\u00e9monies de sortie et de bapt\u00eame de deux promotions de commissaires de police : la 75e qui arrive au bout de son cursus et la 76e qui entrera \u00e0 l&rsquo;\u00e9cole pour 22 mois. A l&rsquo;issue de ce premier temps, le locataire de la place Beauvau\u00a0tiendra une discours, avant son d\u00e9part. <\/p>\n<p>Mercredi 18 juin, <a href=\"https:\/\/mesinfos.fr\/bruno-retailleau-gardien-d-une-droite-conservatrice-en-quete-de-cap-222752.html\" rel=\"noopener nofollow\" target=\"_blank\">le nouveau pr\u00e9sident des R\u00e9publicains (LR)<\/a> avait assist\u00e9 \u00e0 des c\u00e9r\u00e9monies \u00e0 l\u2019Ecole nationale sup\u00e9rieure des officiers sapeurs-pompiers \u00e0 Aix-en-Provence, profitant de ce moment pour annoncer la cr\u00e9ation d&rsquo;une acad\u00e9mie de la s\u00e9curit\u00e9 civile.<\/p>\n","protected":false},"excerpt":{"rendered":"\u00a9 Shutterstock &#8211; Bruno Retailleau sera pr\u00e9sent \u00e0 l&rsquo;Ecole nationale sup\u00e9rieure de la police, \u00e0 Saint-Cyr-au-Mont-d&rsquo;Or, vendredi 20&hellip;\n","protected":false},"author":2,"featured_media":189138,"comment_status":"","ping_status":"","sticky":false,"template":"","format":"standard","meta":{"footnotes":""},"categories":[1889],"tags":[1111,11,2430,1013,1777,674,1011,27,2428,12,25,7691],"class_list":{"0":"post-189137","1":"post","2":"type-post","3":"status-publish","4":"format-standard","5":"has-post-thumbnail","7":"category-lyon","8":"tag-actu","9":"tag-actualites","10":"tag-auvergne-rhone-alpes","11":"tag-bruno-retailleau","12":"tag-eu","13":"tag-europe","14":"tag-fr","15":"tag-france","16":"tag-lyon","17":"tag-news","18":"tag-republique-francaise","19":"tag-su00e9curitu00e9"},"share_on_mastodon":{"url":"https:\/\/pubeurope.com\/@fr\/114711645835493781","error":""},"_links":{"self":[{"href":"https:\/\/www.europesays.com\/fr\/wp-json\/wp\/v2\/posts\/189137","targetHints":{"allow":["GET"]}}],"collection":[{"href":"https:\/\/www.europesays.com\/fr\/wp-json\/wp\/v2\/posts"}],"about":[{"href":"https:\/\/www.europesays.com\/fr\/wp-json\/wp\/v2\/types\/post"}],"author":[{"embeddable":true,"href":"https:\/\/www.europesays.com\/fr\/wp-json\/wp\/v2\/users\/2"}],"replies":[{"embeddable":true,"href":"https:\/\/www.europesays.com\/fr\/wp-json\/wp\/v2\/comments?post=189137"}],"version-history":[{"count":0,"href":"https:\/\/www.europesays.com\/fr\/wp-json\/wp\/v2\/posts\/189137\/revisions"}],"wp:featuredmedia":[{"embeddable":true,"href":"https:\/\/www.europesays.com\/fr\/wp-json\/wp\/v2\/media\/189138"}],"wp:attachment":[{"href":"https:\/\/www.europesays.com\/fr\/wp-json\/wp\/v2\/media?parent=189137"}],"wp:term":[{"taxonomy":"category","embeddable":true,"href":"https:\/\/www.europesays.com\/fr\/wp-json\/wp\/v2\/categories?post=189137"},{"taxonomy":"post_tag","embeddable":true,"href":"https:\/\/www.europesays.com\/fr\/wp-json\/wp\/v2\/tags?post=189137"}],"curies":[{"name":"wp","href":"https:\/\/api.w.org\/{rel}","templated":true}]}}