{"id":189145,"date":"2025-06-19T19:22:19","date_gmt":"2025-06-19T19:22:19","guid":{"rendered":"https:\/\/www.europesays.com\/fr\/189145\/"},"modified":"2025-06-19T19:22:19","modified_gmt":"2025-06-19T19:22:19","slug":"liran-a-t-il-retrouve-une-bombe-francaise-sur-son-sol-et-menace-de-bombarder-paris-en-represailles-cest-faux-2","status":"publish","type":"post","link":"https:\/\/www.europesays.com\/fr\/189145\/","title":{"rendered":"L\u2019Iran a-t-il retrouv\u00e9 une bombe fran\u00e7aise sur son sol et menac\u00e9 de bombarder Paris en repr\u00e9sailles\u00a0? C\u2019est faux"},"content":{"rendered":"<p>Paris sous les bombes\u00a0? C\u2019est ce qu\u2019affirment plusieurs vid\u00e9os publi\u00e9es sur TikTok qui, en quelques jours, ont cumul\u00e9 pr\u00e8s de six millions de vues. Cet int\u00e9r\u00eat de la part des internautes est bien compr\u00e9hensible\u00a0: selon ces contenus, le sol fran\u00e7ais serait directement menac\u00e9 par l\u2019\u00c9tat iranien. La plupart de ces vid\u00e9os ont \u00e9t\u00e9 post\u00e9es par les comptes \u00ab\u00a0Donovox.fr\u00a0\u00bb (<a href=\"https:\/\/www.tiktok.com\/@donvox.fr\/video\/7516589110924971286\" rel=\"nofollow noopener\" target=\"_blank\" class=\"color-ultramarine c-link\">ici<\/a>, <a href=\"https:\/\/www.tiktok.com\/@donvox.fr\/video\/7516646470712413462\" rel=\"nofollow noopener\" target=\"_blank\" class=\"color-ultramarine c-link\">ici<\/a> et <a href=\"https:\/\/www.tiktok.com\/@donvox.fr\/video\/7516964047581957398\" rel=\"nofollow noopener\" target=\"_blank\" class=\"color-ultramarine c-link\">l\u00e0<\/a>) et \u00ab\u00a0Orizon News\u00a0\u00bb (<a href=\"https:\/\/www.tiktok.com\/@orizon.fr\/video\/7516682968002333974\" rel=\"nofollow noopener\" target=\"_blank\" class=\"color-ultramarine c-link\">ici<\/a>, <a href=\"https:\/\/www.tiktok.com\/@orizon.fr\/video\/7516799613471411478\" rel=\"nofollow noopener\" target=\"_blank\" class=\"color-ultramarine c-link\">ici<\/a> et <a href=\"https:\/\/www.tiktok.com\/@orizon.fr\/video\/7516588021303495958\" rel=\"nofollow noopener\" target=\"_blank\" class=\"color-ultramarine c-link\">l\u00e0<\/a>), mais on en retrouve des variantes sur d\u2019autres cha\u00eenes TikTok, comme <a href=\"https:\/\/www.tiktok.com\/@histoire202552\/video\/7517579105664060694\" rel=\"nofollow noopener\" target=\"_blank\" class=\"color-ultramarine c-link\">ici<\/a>, <a href=\"https:\/\/www.tiktok.com\/@strmfoott\/video\/7516520950360280342\" rel=\"nofollow noopener\" target=\"_blank\" class=\"color-ultramarine c-link\">ici<\/a> ou <a href=\"https:\/\/www.tiktok.com\/@jirozium\/video\/7516670500295298326\" rel=\"nofollow noopener\" target=\"_blank\" class=\"color-ultramarine c-link\">l\u00e0<\/a>.<\/p>\n<p><img decoding=\"async\" alt=\"L\u2019une des vid\u00e9os qui, \u00e0 elles toutes, cumulent pr\u00e8s de six millions de vues sur TikTok.\" class=\"c-img\" loading=\"lazy\" fetchpriority=\"auto\" width=\"718\"  src=\"https:\/\/img.20mn.fr\/U7lTR95kTZyhUanVjhunryk\/718x0\" \/>L\u2019une des vid\u00e9os qui, \u00e0 elles toutes, cumulent pr\u00e8s de six millions de vues sur TikTok.\u2002-\u00a0TikTok<\/p>\n<p>On v\u00e9rifie\u00a0?<\/p>\n<p>FAKE OFF<\/p>\n<p>Le narratif conna\u00eet quelques divergences d\u2019une vid\u00e9o \u00e0 l\u2019autre, mais voici les points essentiels \u00e0 retenir\u2026 et les r\u00e9ponses que 20 Minutes est en mesure de leur apporter.<\/p>\n<p>Les causes de l\u2019attaque et la source des informations<\/p>\n<ul>\n<li>L\u2019attaque serait motiv\u00e9e par le soutien \u00ab\u00a0publiquement exprim\u00e9\u00a0\u00bb d\u2019Emmanuel Macron \u00e0 Isra\u00ebl face \u00e0 l\u2019Iran ou parce que l\u2019Iran aurait \u00ab\u00a0officiellement\u00a0\u00bb annonc\u00e9 avoir \u00ab\u00a0retrouv\u00e9 une bombe marqu\u00e9e du drapeau fran\u00e7ais\u00a0\u00bb dans le cadre des \u00ab\u00a0frappes isra\u00e9liennes sur son territoire\u00a0\u00bb.<\/li>\n<li>L\u2019annonce de ces bombardements serait le fruit de \u00ab\u00a0rumeurs\u00a0\u00bb, aurait \u00e9t\u00e9 faite \u00ab\u00a0dans les journaux en Iran\u00a0\u00bb ou proviendrait d\u2019un \u00ab\u00a0communiqu\u00e9\u00a0\u00bb de l\u2019\u00c9tat iranien, qui aurait \u00ab\u00a0officiellement\u00a0\u00bb accus\u00e9 la France de \u00ab\u00a0complicit\u00e9 avec Isra\u00ebl\u00a0\u00bb et \u00ab\u00a0menac\u00e9 de bombarder le sol fran\u00e7ais\u00a0\u00bb.<\/li>\n<\/ul>\n<p>Si la position fran\u00e7aise vis-\u00e0-vis du conflit qui oppose Tel-Aviv \u00e0 T\u00e9h\u00e9ran <a href=\"https:\/\/www.la-croix.com\/international\/conflit-israel-iran-les-propos-contradictoires-d-emmanuel-macron-brouillent-le-message-de-la-france-20250617\" rel=\"nofollow noopener\" target=\"_blank\" class=\"color-ultramarine c-link\">peut para\u00eetre ambivalente<\/a>, l\u2019\u00c9lys\u00e9e <a href=\"https:\/\/www.bfmtv.com\/politique\/elysee\/ni-soutien-ni-condamnation-le-en-meme-temps-diplomatique-d-emmanuel-macron-sur-le-conflit-entre-israel-et-l-iran_AN-202506160655.html\" rel=\"nofollow noopener\" target=\"_blank\" class=\"color-ultramarine c-link\">a d\u00e9clar\u00e9<\/a> ne pas \u00ab\u00a0partager l\u2019approche\u00a0\u00bb d\u2019Isra\u00ebl ni \u00ab\u00a0la n\u00e9cessit\u00e9 d\u2019une op\u00e9ration militaire\u00a0\u00bb. Comme <a href=\"https:\/\/www.20minutes.fr\/monde\/israel\/4158679-20250616-attaques-entre-israel-iran-appeler-cessez-feu-von-der-leyen-insiste-solution-negociee\" class=\"color-ultramarine c-link\" rel=\"nofollow noopener\" target=\"_blank\">le rapportait<\/a> 20 Minutes, Emmanuel Macron a de surcro\u00eet appel\u00e9 \u00e0 \u00ab\u00a0cesser les frappes contre les civils\u00a0\u00bb en Iran et en Isra\u00ebl, et affirm\u00e9 que vouloir changer le r\u00e9gime iranien par la force serait une \u00ab\u00a0erreur strat\u00e9gique\u00a0\u00bb.<\/p>\n<p>Les agences de presse internationales n\u2019ont rapport\u00e9 aucun communiqu\u00e9 \u00ab\u00a0officiel\u00a0\u00bb de l\u2019\u00c9tat ou des m\u00e9dias iraniens concernant des menaces de bombarder le sol fran\u00e7ais ou l\u2019existence d\u2019une \u00ab\u00a0bombe marqu\u00e9e du drapeau fran\u00e7ais\u00a0\u00bb.<\/p>\n<p>La photographie de la bombe en question partag\u00e9e sur TikTok \u2013 de toute \u00e9vidence g\u00e9n\u00e9r\u00e9e par IA et orn\u00e9e d\u2019un design si admirable qu\u2019on l\u2019ach\u00e8terait si on tombait dessus au supermarch\u00e9 \u2013 pr\u00eate par ailleurs \u00e0 sourire.<\/p>\n<p><img decoding=\"async\" alt=\"La tr\u00e8s jolie bombe &quot;made in France&quot; qui aurait \u00e9t\u00e9 retrouv\u00e9e en Iran.\" class=\"c-img\" loading=\"lazy\" fetchpriority=\"auto\" width=\"718\"  src=\"https:\/\/img.20mn.fr\/Ul3hPpZJS0m9TjUcZdX9eSk\/718x0\" \/>La tr\u00e8s jolie bombe \u00ab\u00a0made in France\u00a0\u00bb qui aurait \u00e9t\u00e9 retrouv\u00e9e en Iran.\u2002-\u00a0TikTokLes attaques pr\u00e9vues et effectives<\/p>\n<ul>\n<li>Des attaques auraient lieu \u00ab\u00a0cette nuit\u00a0\u00bb. Paris serait \u00ab\u00a0bombard\u00e9 aux alentours de trois heures du matin\u00a0\u00bb et Marseille \u00ab\u00a0\u00e0 minuit\u00a0\u00bb. Lyon et Saint-Denis seraient \u00e9galement vis\u00e9es.<\/li>\n<li>De plus, \u00ab\u00a0plusieurs camions militaires iraniens transportant des missiles auraient \u00e9t\u00e9 rep\u00e9r\u00e9s cet apr\u00e8s-midi en direction de la <a href=\"https:\/\/www.20minutes.fr\/dossier\/mediterranee\" class=\"color-ultramarine c-link\" rel=\"nofollow noopener\" target=\"_blank\">M\u00e9diterran\u00e9e<\/a>\u00a0\u00bb.<\/li>\n<li>Les forces militaires fran\u00e7aises seraient \u00ab\u00a0en alerte maximale\u00a0\u00bb, avec une \u00ab\u00a0surveillance accrue\u00a0\u00bb, une \u00ab\u00a0s\u00e9curit\u00e9\u00a0\u00bb et une \u00ab\u00a0pr\u00e9sence militaire\u00a0\u00bb renforc\u00e9es \u00e0 Paris et Marseille.<\/li>\n<li>Dans le ciel de Marseille, \u00ab\u00a0onze missiles en provenance d\u2019Iran\u00a0\u00bb auraient \u00ab\u00a0\u00e9t\u00e9 intercept\u00e9s\u00a0\u00bb sans faire ni d\u00e9g\u00e2ts ni victimes.<\/li>\n<li>Une vid\u00e9o annonce m\u00eame, images de <a href=\"https:\/\/www.20minutes.fr\/dossier\/bfm_tv\" class=\"color-ultramarine c-link\" rel=\"nofollow noopener\" target=\"_blank\">BFMTV<\/a> \u00ab\u00a0qui secouent le monde entier\u00a0\u00bb \u00e0 l\u2019appui, que l\u2019Iran \u00ab\u00a0vient de frapper la <a href=\"https:\/\/www.20minutes.fr\/dossier\/tour_eiffel\" class=\"color-ultramarine c-link\" rel=\"nofollow noopener\" target=\"_blank\">tour Eiffel<\/a> avec un missile\u00a0\u00bb.<\/li>\n<\/ul>\n<p>Le <a href=\"https:\/\/www.interieur.gouv.fr\/\" rel=\"nofollow noopener\" target=\"_blank\" class=\"color-ultramarine c-link\">minist\u00e8re de l\u2019Int\u00e9rieur<\/a> et le <a href=\"https:\/\/www.defense.gouv.fr\/\" rel=\"nofollow noopener\" target=\"_blank\" class=\"color-ultramarine c-link\">minist\u00e8re des Arm\u00e9es<\/a> n\u2019ont \u00e9mis aucun communiqu\u00e9 concernant une attaque \u00e0 venir ou act\u00e9e sur le sol fran\u00e7ais, un \u00e9tat \u00ab\u00a0d\u2019alerte maximale\u00a0\u00bb ou une \u00ab\u00a0surveillance accrue\u00a0\u00bb.<\/p>\n<p>La vid\u00e9o de BFMTV relative au bombardement de la tour Eiffel est introuvable sur <a href=\"https:\/\/www.bfmtv.com\/\" target=\"_blank\" class=\"color-ultramarine c-link\" rel=\"nofollow noopener\">le site de la cha\u00eene<\/a>, pour la simple raison qu\u2019il s\u2019agit d\u2019un faux grossier, \u00e9galement r\u00e9alis\u00e9 \u00e0 l\u2019aide d\u2019une IA.<\/p>\n<p><img decoding=\"async\" alt=\"Les images tr\u00e8s cr\u00e9dibles de la tour Eiffel en flammes suite \u00e0 une attaque iranienne.\" class=\"c-img\" loading=\"lazy\" fetchpriority=\"auto\" width=\"718\"  src=\"https:\/\/img.20mn.fr\/_X1pRhJUQCmwO27KQt3CgSk\/718x0\" \/>Les images tr\u00e8s cr\u00e9dibles de la tour Eiffel en flammes suite \u00e0 une attaque iranienne.\u2002-\u00a0TikTok<\/p>\n<p>Et comme les producteurs de contenus TikTok sont nuls en g\u00e9ographie, on rappellera que l\u2019Iran aurait quelques difficult\u00e9s \u00e0 acheminer des missiles \u00ab\u00a0en direction de la M\u00e9diterran\u00e9e\u00a0\u00bb, pour la bonne raison que le pays ne poss\u00e8de aucune cote sur cette mer, qui se trouve <a href=\"https:\/\/commons.wikimedia.org\/wiki\/File:Map_of_Middle_East.png\" rel=\"nofollow noopener\" target=\"_blank\" class=\"color-ultramarine c-link\">\u00e0 plusieurs centaines de kilom\u00e8tres<\/a> de ses fronti\u00e8res.<\/p>\n<p>Les r\u00e9actions de l\u2019\u00c9lys\u00e9e<\/p>\n<ul>\n<li>L\u2019\u00c9lys\u00e9e aurait \u00ab\u00a0appel\u00e9 au calme\u00a0\u00bb. Emmanuel Macron aurait affirm\u00e9 que \u00ab\u00a0la France est pr\u00eate \u00e0 faire face \u00e0 toute menace et qu\u2019il ne faut pas c\u00e9der \u00e0 la peur\u00a0\u00bb, mais aurait en m\u00eame temps \u00ab\u00a0appel\u00e9 les citoyens \u00e0 la pri\u00e8re et \u00e0 la recherche de protection divine, un message rare qui souligne la gravit\u00e9 de la situation\u00a0\u00bb.<\/li>\n<li>Le pr\u00e9sident fran\u00e7ais aurait ensuite \u00ab\u00a0discr\u00e8tement pris la direction du Canada\u00a0\u00bb, soit pour \u00ab\u00a0fuir\u00a0\u00bb l\u2019attaque imminente, soit par \u00ab\u00a0strat\u00e9gie\u00a0\u00bb afin de supplier <a href=\"https:\/\/www.20minutes.fr\/dossier\/donald_trump\" class=\"color-ultramarine c-link\" rel=\"nofollow noopener\" target=\"_blank\">Donald Trump<\/a> de lui apporter de l\u2019aide.<\/li>\n<\/ul>\n<p>Ces d\u00e9clarations d\u2019Emmanuel Macron sont introuvables, que ce soit aupr\u00e8s de la presse fran\u00e7aise ou internationale, ou sur <a href=\"https:\/\/www.elysee.fr\/toutes-les-actualites\" rel=\"nofollow noopener\" target=\"_blank\" class=\"color-ultramarine c-link\">le site de l\u2019\u00c9lys\u00e9e<\/a>.<\/p>\n<p>L\u2019une des IA qui ont produit ces contenus semble aussi s\u2019\u00eatre emm\u00eal\u00e9 les pinceaux entre les protagonistes du r\u00e9cit, puisque, contrairement \u00e0 la R\u00e9publique islamique d\u2019Iran, la France est un \u00c9tat la\u00efc. Aucun pr\u00e9sident de la cinqui\u00e8me R\u00e9publique n\u2019a jamais fait usage de sa fonction pour \u00ab\u00a0appeler\u00a0\u00bb les citoyens \u00ab\u00a0\u00e0 la pri\u00e8re\u00a0\u00bb ou \u00e0 la \u00ab\u00a0recherche de protection divine\u00a0\u00bb en temps de crise.<\/p>\n<p>Quant \u00e0 la pr\u00e9sum\u00e9e \u00ab\u00a0fuite discr\u00e8te\u00a0\u00bb d\u2019<a href=\"https:\/\/www.20minutes.fr\/politique\/emmanuel-macron\/\" class=\"color-ultramarine c-link\" rel=\"nofollow noopener\" target=\"_blank\">Emmanuel Macron<\/a> au Canada, il s\u2019agit en r\u00e9alit\u00e9 d\u2019un d\u00e9placement tr\u00e8s officiel, tr\u00e8s m\u00e9diatis\u00e9 et pr\u00e9vu de longue date\u2026 puisqu\u2019il s\u2019est d\u00e9roul\u00e9 dans le cadre <a href=\"https:\/\/www.20minutes.fr\/diaporama\/diaporama-4159020-images-puissants-monde-reunis-g7\" class=\"color-ultramarine c-link\" rel=\"nofollow noopener\" target=\"_blank\">du 51e sommet du G7<\/a>.<\/p>\n<p><img decoding=\"async\" alt=\"Emmanuel Macron &quot;en fuite&quot;... au sommet du G7.\" class=\"c-img\" loading=\"lazy\" fetchpriority=\"auto\" width=\"718\"  src=\"https:\/\/img.20mn.fr\/cO7z8ynMS1eOV2IBN_26Lyk\/718x0\" \/>Emmanuel Macron \u00ab\u00a0en fuite\u00a0\u00bb&#8230; au sommet du G7.\u2002-\u00a0TikTokUne perle de sagesse au milieu des affabulations<\/p>\n<p>Une des vid\u00e9os conclut bien \u00e0 propos\u00a0: \u00ab\u00a0Dans ces moments, il faut se fier uniquement \u00e0 des sources fiables, \u00e9viter les fausses informations et suivre les recommandations de s\u00e9curit\u00e9 si elles sont \u00e9mises.\u00a0\u00bb Sur ce point, on ne la contredira pas.<\/p>\n<p><script async src=\"\/\/www.tiktok.com\/embed.js\"><\/script><\/p>\n","protected":false},"excerpt":{"rendered":"Paris sous les bombes\u00a0? C\u2019est ce qu\u2019affirment plusieurs vid\u00e9os publi\u00e9es sur TikTok qui, en quelques jours, ont cumul\u00e9&hellip;\n","protected":false},"author":2,"featured_media":189146,"comment_status":"","ping_status":"","sticky":false,"template":"","format":"standard","meta":{"footnotes":""},"categories":[1888],"tags":[1111,1928,47,11,1927,1777,674,841,842,840,1011,27,1146,3019,664,12,1926,626,1925,25,104,2439],"class_list":{"0":"post-189145","1":"post","2":"type-post","3":"status-publish","4":"format-standard","5":"has-post-thumbnail","7":"category-paris","8":"tag-actu","9":"tag-actu-paris","10":"tag-actualite","11":"tag-actualites","12":"tag-actualites-paris","13":"tag-eu","14":"tag-europe","15":"tag-fact-checking-fake-off","16":"tag-fake-news","17":"tag-fake-off","18":"tag-fr","19":"tag-france","20":"tag-guerre","21":"tag-iran","22":"tag-israel","23":"tag-news","24":"tag-news-paris","25":"tag-paris","26":"tag-paris-news","27":"tag-republique-francaise","28":"tag-societe","29":"tag-tiktok"},"share_on_mastodon":{"url":"https:\/\/pubeurope.com\/@fr\/114711661413830078","error":""},"_links":{"self":[{"href":"https:\/\/www.europesays.com\/fr\/wp-json\/wp\/v2\/posts\/189145","targetHints":{"allow":["GET"]}}],"collection":[{"href":"https:\/\/www.europesays.com\/fr\/wp-json\/wp\/v2\/posts"}],"about":[{"href":"https:\/\/www.europesays.com\/fr\/wp-json\/wp\/v2\/types\/post"}],"author":[{"embeddable":true,"href":"https:\/\/www.europesays.com\/fr\/wp-json\/wp\/v2\/users\/2"}],"replies":[{"embeddable":true,"href":"https:\/\/www.europesays.com\/fr\/wp-json\/wp\/v2\/comments?post=189145"}],"version-history":[{"count":0,"href":"https:\/\/www.europesays.com\/fr\/wp-json\/wp\/v2\/posts\/189145\/revisions"}],"wp:featuredmedia":[{"embeddable":true,"href":"https:\/\/www.europesays.com\/fr\/wp-json\/wp\/v2\/media\/189146"}],"wp:attachment":[{"href":"https:\/\/www.europesays.com\/fr\/wp-json\/wp\/v2\/media?parent=189145"}],"wp:term":[{"taxonomy":"category","embeddable":true,"href":"https:\/\/www.europesays.com\/fr\/wp-json\/wp\/v2\/categories?post=189145"},{"taxonomy":"post_tag","embeddable":true,"href":"https:\/\/www.europesays.com\/fr\/wp-json\/wp\/v2\/tags?post=189145"}],"curies":[{"name":"wp","href":"https:\/\/api.w.org\/{rel}","templated":true}]}}