{"id":189148,"date":"2025-06-19T19:24:09","date_gmt":"2025-06-19T19:24:09","guid":{"rendered":"https:\/\/www.europesays.com\/fr\/189148\/"},"modified":"2025-06-19T19:24:09","modified_gmt":"2025-06-19T19:24:09","slug":"le-batonnier-de-paris-pierre-hoffman-quitte-le-conseil-national-des-barreaux","status":"publish","type":"post","link":"https:\/\/www.europesays.com\/fr\/189148\/","title":{"rendered":"Le b\u00e2tonnier de Paris, Pierre Hoffman, quitte le Conseil national des barreaux"},"content":{"rendered":"<p>Le b\u00e2tonnier de Paris d\u00e9nonce un manque de repr\u00e9sentation des avocats parisiens au sein du CNB o\u00f9 il \u00e9tait vice-pr\u00e9sident de droit, et dont il \u00abclaque la porte\u00bb.<\/p>\n<p class=\"fig-paragraph\">\u00c9lu le 29 juin 2023 \u00e0 la t\u00eate du barreau de Paris avec sa cons\u0153ur Vanessa Bousardo au poste de vice-b\u00e2tonni\u00e8re,\u00a0<a href=\"https:\/\/www.lefigaro.fr\/actualite-france\/l-ia-peut-etre-notre-meilleure-amie-comme-notre-pire-ennemie-les-pistes-de-reflexion-de-pierre-hoffman-batonnier-de-paris-20240102\" target=\"_blank\" data-fig-type=\"Article\" rel=\"noopener nofollow\" data-gtm-custom-categorie=\"navigation\" data-gtm-custom-action=\"crossclick\" data-gtm-custom-label=\"Contextuel\" data-gtm-event=\"customEventSPE\" data-fig-domain=\"LEFIGARO\">Pierre Hoffman<\/a>, avocat sp\u00e9cialis\u00e9 dans le droit de la propri\u00e9t\u00e9 intellectuelle, a annonc\u00e9 son d\u00e9part du Conseil national des barreaux (CNB) ce mercredi, a appris Le Figaro, confirmant une information du\u00a0<a href=\"https:\/\/www.lepoint.fr\/societe\/une-mascarade-le-batonnier-de-paris-claque-la-porte-du-conseil-national-des-barreaux-19-06-2025-2592450_23.php\" target=\"_blank\" rel=\"nofollow noopener\" data-gtm-custom-categorie=\"navigation\" data-gtm-custom-action=\"crossclick\" data-gtm-custom-label=\"Contextuel\" data-gtm-event=\"customEventSPE\">Point<\/a> .<\/p>\n<p class=\"fig-paragraph\">Pierre Hoffman, avocat au barreau de Paris depuis 2003, exerce dans un cabinet sp\u00e9cialis\u00e9 en propri\u00e9t\u00e9 intellectuelle. Membre du conseil de l\u2019Ordre des avocats de 2016 \u00e0 2018, il a d\u00e9j\u00e0 eu des responsabilit\u00e9s au sein du barreau de Paris (charg\u00e9 du lobbying, charg\u00e9 des diff\u00e9rends entre les collaborateurs et leurs cabinets, copr\u00e9sident de la commission de droit de la propri\u00e9t\u00e9 intellectuelle, la COMPI).<\/p>\n<p class=\"fig-paragraph\">Mais cette semaine, il a d\u00e9cid\u00e9 de \u00abclaquer la porte\u00bb du CNB et quitter son post de vice-pr\u00e9sident, qui repr\u00e9sente pr\u00e8s de 78.000 avocats fran\u00e7ais. \u00abOn ne me reverra plus jusqu\u2019\u00e0 la fin de mon mandat\u00bb, a-t-il pr\u00e9cis\u00e9 \u00e0 nos confr\u00e8res. Il regrette la pr\u00e9sence \u00abminoritaires dans toutes les instances du CNB\u00bb des robes noires de la capitale, qui se chiffrent \u00e0 environ 34.000. \u00abNos instances sont devenues d\u00e9connect\u00e9es des r\u00e9alit\u00e9s et totalement inaudibles. J\u2019ai autre chose \u00e0 faire que de construire des lignes Maginot. (&#8230;) Je n\u2019ai plus rien \u00e0 faire ici\u00bb, a-t-il \u00e9galement argu\u00e9.<\/p>\n","protected":false},"excerpt":{"rendered":"Le b\u00e2tonnier de Paris d\u00e9nonce un manque de repr\u00e9sentation des avocats parisiens au sein du CNB o\u00f9 il&hellip;\n","protected":false},"author":2,"featured_media":189149,"comment_status":"","ping_status":"","sticky":false,"template":"","format":"standard","meta":{"footnotes":""},"categories":[1888],"tags":[47,1058,1054,1059,1060,1055,11,20933,1057,1777,674,118,1011,27,1061,303,12,626,1062,25,656,104,1056,809],"class_list":{"0":"post-189148","1":"post","2":"type-post","3":"status-publish","4":"format-standard","5":"has-post-thumbnail","7":"category-paris","8":"tag-actualite","9":"tag-actualite-education","10":"tag-actualite-france","11":"tag-actualite-justice","12":"tag-actualite-securite","13":"tag-actualite-societe","14":"tag-actualites","15":"tag-avocat","16":"tag-education","17":"tag-eu","18":"tag-europe","19":"tag-faits-divers","20":"tag-fr","21":"tag-france","22":"tag-immigration","23":"tag-justice","24":"tag-news","25":"tag-paris","26":"tag-polemique","27":"tag-republique-francaise","28":"tag-securite","29":"tag-societe","30":"tag-societe-francaise","31":"tag-violence"},"share_on_mastodon":{"url":"https:\/\/pubeurope.com\/@fr\/114711669254355293","error":""},"_links":{"self":[{"href":"https:\/\/www.europesays.com\/fr\/wp-json\/wp\/v2\/posts\/189148","targetHints":{"allow":["GET"]}}],"collection":[{"href":"https:\/\/www.europesays.com\/fr\/wp-json\/wp\/v2\/posts"}],"about":[{"href":"https:\/\/www.europesays.com\/fr\/wp-json\/wp\/v2\/types\/post"}],"author":[{"embeddable":true,"href":"https:\/\/www.europesays.com\/fr\/wp-json\/wp\/v2\/users\/2"}],"replies":[{"embeddable":true,"href":"https:\/\/www.europesays.com\/fr\/wp-json\/wp\/v2\/comments?post=189148"}],"version-history":[{"count":0,"href":"https:\/\/www.europesays.com\/fr\/wp-json\/wp\/v2\/posts\/189148\/revisions"}],"wp:featuredmedia":[{"embeddable":true,"href":"https:\/\/www.europesays.com\/fr\/wp-json\/wp\/v2\/media\/189149"}],"wp:attachment":[{"href":"https:\/\/www.europesays.com\/fr\/wp-json\/wp\/v2\/media?parent=189148"}],"wp:term":[{"taxonomy":"category","embeddable":true,"href":"https:\/\/www.europesays.com\/fr\/wp-json\/wp\/v2\/categories?post=189148"},{"taxonomy":"post_tag","embeddable":true,"href":"https:\/\/www.europesays.com\/fr\/wp-json\/wp\/v2\/tags?post=189148"}],"curies":[{"name":"wp","href":"https:\/\/api.w.org\/{rel}","templated":true}]}}