{"id":189156,"date":"2025-06-19T19:28:12","date_gmt":"2025-06-19T19:28:12","guid":{"rendered":"https:\/\/www.europesays.com\/fr\/189156\/"},"modified":"2025-06-19T19:28:12","modified_gmt":"2025-06-19T19:28:12","slug":"londres-redoute-detre-entraine-dans-une-spirale-guerriere","status":"publish","type":"post","link":"https:\/\/www.europesays.com\/fr\/189156\/","title":{"rendered":"Londres redoute d\u2019\u00eatre entra\u00een\u00e9 dans une spirale guerri\u00e8re"},"content":{"rendered":"<p><strong>D\u00c9CRYPTAGE <\/strong>&#8211; Soucieux de plaire au pr\u00e9sident am\u00e9ricain, Keir Starmer doit notamment statuer sur l\u2019autorisation d\u2019utiliser la base de Diego Garcia par les bombardiers furtifs B-2 de l\u2019US Air Force.<\/p>\n<p class=\"fig-paragraph\">La relation sp\u00e9ciale impose quelques devoirs. Comme cela fut le cas lors de l\u2019\u00e9pisode irakien, les cousins britanniques se doivent d\u2019\u00eatre aux c\u00f4t\u00e9s de l\u2019Am\u00e9rique quand elle entre en guerre. Depuis que\u00a0<a href=\"http:\/\/www.lefigaro.fr\/international\/donald-trump-seul-face-au-choix-d-une-operation-militaire-contre-l-iran-20250618\" data-fig-type=\"Article\" data-gtm-custom-categorie=\"navigation\" data-gtm-custom-action=\"crossclick\" data-gtm-custom-label=\"Contextuel\" data-gtm-event=\"customEventSPE\" data-fig-domain=\"LEFIGARO\" rel=\"nofollow noopener\" target=\"_blank\">Donald Trump a menac\u00e9 de faire donner du canon contre les mollahs,<\/a>\u00a0le Royaume-Uni s\u2019interroge sur le degr\u00e9 d\u2019implication qu\u2019il pourrait avoir dans l\u2019affrontement. Et redoute d\u2019\u00eatre entra\u00een\u00e9 dans une spirale guerri\u00e8re. Ce jeudi, Keir Starmer a appel\u00e9 \u00e0 la \u00ab\u00a0raison\u00a0\u00bb.<\/p>\n<p class=\"fig-paragraph\">La \u00ab\u00a0raison\u00a0\u00bb, au sens o\u00f9 l\u2019entend Londres, pourrait ne pas pr\u00e9valoir. Et le premier ministre britannique a r\u00e9uni mercredi un comit\u00e9 d\u2019urgence Cobra, afin d\u2019\u00e9tudier toutes les options possibles avec les ministres concern\u00e9s et les hauts responsables militaires. Si le tr\u00e8s courtis\u00e9\u00a0<a href=\"http:\/\/www.lefigaro.fr\/international\/je-m-en-fiche-de-ce-qu-elle-dit-donald-trump-contredit-sa-cheffe-du-renseignement-sur-le-programme-nucleaire-iranien-20250617\" data-fig-type=\"NewsFlash\" data-gtm-custom-categorie=\"navigation\" data-gtm-custom-action=\"crossclick\" data-gtm-custom-label=\"Contextuel\" data-gtm-event=\"customEventSPE\" data-fig-domain=\"LEFIGARO\" rel=\"nofollow noopener\" target=\"_blank\">Donald Trump\u00a0<\/a>demande de l\u2019aide, il faudra bien r\u00e9pondre\u2026 Le comit\u00e9 a \u00e9tudi\u00e9 divers sc\u00e9narios, allant du refus de tout soutien \u00e0 la participation aux bombardements en passant par l\u2019autorisation de l\u2019utilisation de Diego Garcia et la fourniture\u2026<\/p>\n<p class=\"fig-premium-paywall__infos\">\n        Cet article est r\u00e9serv\u00e9 aux abonn\u00e9s.        Il vous reste 78% \u00e0 d\u00e9couvrir.\n    <\/p>\n<p>                <img  data- alt=\"Le Figaro\" class=\"fig-img--complete fig-img\"\/><\/p>\n<p class=\"fig-premium-paywall__title\">Vente Flash<\/p>\n<p class=\"fig-premium-paywall__subtitle\">3,99\u20ac par mois pendant 12 mois. Sans engagement.<\/p>\n<p class=\"fig-premium-paywall__connect\">\n                D\u00e9j\u00e0 abonn\u00e9\u00a0?                <a class=\"fig-premium-paywall__connect-link\" href=\"https:\/\/connect.lefigaro.fr\/login?client=horizon_web&amp;type=main&amp;redirect_uri=https%3A%2F%2Fwww.lefigaro.fr%2Finternational%2Fmenaces-de-donald-trump-contre-l-iran-londres-redoute-d-etre-entraine-dans-une-spirale-guerriere-20250619\" data-js-gtm=\"{&quot;customCategorie&quot;: &quot;conversion&quot;, &quot;customAction&quot;: &quot;before_Landing_Connexion_paywall_auto&quot;, &quot;customLabel&quot;: &quot;bGVmaWdhcm8uZnJfXzFmMDRkMWZkLTk0NGYtNjQ4ZS05ZjBmLTM5NWJkYThhMDViYl9fQXJ0aWNsZQ==_Menaces de Donald Trump contre l\u2019Iran\u00a0: Londres redoute d\u2019\u00eatre entra\u00een\u00e9 dans une spirale guerri\u00e8re_528&quot;, &quot;customIDSPE&quot;: &quot;bGVmaWdhcm8uZnJfXzFmMDRkMWZkLTk0NGYtNjQ4ZS05ZjBmLTM5NWJkYThhMDViYl9fQXJ0aWNsZQ==&quot;, &quot;event&quot;: &quot;customEventSPE&quot;}\" rel=\"nofollow noopener\" target=\"_blank\"><br \/>\n                    Connectez-vous<br \/>\n                <\/a>\n            <\/p>\n","protected":false},"excerpt":{"rendered":"D\u00c9CRYPTAGE &#8211; Soucieux de plaire au pr\u00e9sident am\u00e9ricain, Keir Starmer doit notamment statuer sur l\u2019autorisation d\u2019utiliser la base&hellip;\n","protected":false},"author":2,"featured_media":189157,"comment_status":"","ping_status":"","sticky":false,"template":"","format":"standard","meta":{"footnotes":""},"categories":[1588],"tags":[259,11,260,554,1777,674,14,3019,2581,261,12,262,473,1853,1851,1850,1852],"class_list":{"0":"post-189156","1":"post","2":"type-post","3":"status-publish","4":"format-standard","5":"has-post-thumbnail","7":"category-royaume-uni","8":"tag-actualite-internationale","9":"tag-actualites","10":"tag-affaires-etrangeres","11":"tag-defense","12":"tag-eu","13":"tag-europe","14":"tag-international","15":"tag-iran","16":"tag-keir-starmer","17":"tag-ministere-des-affaires-etrangeres","18":"tag-news","19":"tag-politique-etrangere","20":"tag-royaume-uni","21":"tag-royaume-uni-de-grande-bretagne-et-dirlande-du-nord","22":"tag-uk","23":"tag-united-kingdom","24":"tag-united-kingdom-of-great-britain-and-northern-ireland"},"share_on_mastodon":{"url":"https:\/\/pubeurope.com\/@fr\/114711684942224154","error":""},"_links":{"self":[{"href":"https:\/\/www.europesays.com\/fr\/wp-json\/wp\/v2\/posts\/189156","targetHints":{"allow":["GET"]}}],"collection":[{"href":"https:\/\/www.europesays.com\/fr\/wp-json\/wp\/v2\/posts"}],"about":[{"href":"https:\/\/www.europesays.com\/fr\/wp-json\/wp\/v2\/types\/post"}],"author":[{"embeddable":true,"href":"https:\/\/www.europesays.com\/fr\/wp-json\/wp\/v2\/users\/2"}],"replies":[{"embeddable":true,"href":"https:\/\/www.europesays.com\/fr\/wp-json\/wp\/v2\/comments?post=189156"}],"version-history":[{"count":0,"href":"https:\/\/www.europesays.com\/fr\/wp-json\/wp\/v2\/posts\/189156\/revisions"}],"wp:featuredmedia":[{"embeddable":true,"href":"https:\/\/www.europesays.com\/fr\/wp-json\/wp\/v2\/media\/189157"}],"wp:attachment":[{"href":"https:\/\/www.europesays.com\/fr\/wp-json\/wp\/v2\/media?parent=189156"}],"wp:term":[{"taxonomy":"category","embeddable":true,"href":"https:\/\/www.europesays.com\/fr\/wp-json\/wp\/v2\/categories?post=189156"},{"taxonomy":"post_tag","embeddable":true,"href":"https:\/\/www.europesays.com\/fr\/wp-json\/wp\/v2\/tags?post=189156"}],"curies":[{"name":"wp","href":"https:\/\/api.w.org\/{rel}","templated":true}]}}