{"id":189159,"date":"2025-06-19T19:30:10","date_gmt":"2025-06-19T19:30:10","guid":{"rendered":"https:\/\/www.europesays.com\/fr\/189159\/"},"modified":"2025-06-19T19:30:10","modified_gmt":"2025-06-19T19:30:10","slug":"les-fleurettistes-francais-battus-en-finale-par-litalie","status":"publish","type":"post","link":"https:\/\/www.europesays.com\/fr\/189159\/","title":{"rendered":"les fleurettistes fran\u00e7ais battus en finale par l&rsquo;Italie"},"content":{"rendered":"<p>Sacr\u00e9s en 2024, les fleurettistes fran\u00e7ais ne sont pas parvenus \u00e0 conserver leur titre de champions d&rsquo;Europe par \u00e9quipe, battus de justesse par l&rsquo;Italie 45 touches \u00e0 43 jeudi \u00e0 G\u00eanes.<\/p>\n<p>Emmen\u00e9e par le tout nouveau vice-champion d&rsquo;Europe, Anas Anane, et Maxime Pauty, seul fleurettiste membre de l&rsquo;\u00e9quipe titr\u00e9e l&rsquo;an dernier et m\u00e9daill\u00e9 de bronze par \u00e9quipe aux Jeux olympiques de Paris, la France n&rsquo;est pas pass\u00e9e loin de battre les vice-champions olympiques.<\/p>\n<p>Le quatuor de fleurettistes, compos\u00e9 \u00e9galement de Pierre Loisel et Rafael Savin, remporte une cinqui\u00e8me m\u00e9daille cons\u00e9cutive (deux en or, trois en argent) aux Championnats d&rsquo;Europe, s\u00e9rie d\u00e9but\u00e9e en 2019 (\u00e9ditions de 2020 et 2021 annul\u00e9es).<\/p>\n<p>  \u00a0L&rsquo;Italie g\u00e8re mieux le money-time<\/p>\n<p>L&rsquo;\u00e9quipe de France masculine de fleuret retrouvait en finale les Italiens qui l&rsquo;avaient battue \u00e0 ce stade de la comp\u00e9tition aux Jeux europ\u00e9ens, faisant office de championnats d&rsquo;Europe par \u00e9quipe en 2023. Apr\u00e8s avoir eu jusqu&rsquo;\u00e0 cinq touches de retard, les Fran\u00e7ais \u00e9taient pass\u00e9s devant pour la premi\u00e8re fois \u00e0 la fin de la huiti\u00e8me et avant-derni\u00e8re rotation, avant de laisser l&rsquo;Italie revenir et filer vers le sacre.<\/p>\n<p>En demi-finales, les Fran\u00e7ais avaient \u00e9limin\u00e9 la Belgique 45-41 au terme d&rsquo;une partie accroch\u00e9e, apr\u00e8s une victoire plus ais\u00e9e contre l&rsquo;Allemagne au tour pr\u00e9c\u00e9dent (45-29).\u00a0<\/p>\n<p>Le fleuret fran\u00e7ais apporte une quatri\u00e8me m\u00e9daille (une en or, trois en argent), autant que le sabre, qui a offert trois sacres \u00e0 la d\u00e9l\u00e9gation tricolore (et une m\u00e9daille de bronze).<\/p>\n<p class=\"insetTitle\">Les Bleues bredouilles \u00e0 l&rsquo;\u00e9p\u00e9e par \u00e9quipe<\/p>\n<p>M\u00e9daill\u00e9e de bronze l&rsquo;an pass\u00e9 et d&rsquo;argent aux JO de Paris, l&rsquo;\u00e9quipe de France f\u00e9minine d&rsquo;\u00e9p\u00e9e est la seule, avec les hommes en sabre, \u00e0 repartir d&rsquo;Italie sans avoir accroch\u00e9 de podium lors de la derni\u00e8re journ\u00e9e des championnats d&rsquo;Europe.<\/p>\n<p>Elle a \u00e9t\u00e9 \u00e9limin\u00e9e plus t\u00f4t jeudi d\u00e8s les quarts de finale par la Suisse 38-36, malgr\u00e9 la pr\u00e9sence de Marie-Florence Candassamy et Alexandra Louis-Marie, m\u00e9daill\u00e9es d&rsquo;argent par \u00e9quipe \u00e0 Paris l&rsquo;\u00e9t\u00e9 dernier.<\/p>\n","protected":false},"excerpt":{"rendered":"Sacr\u00e9s en 2024, les fleurettistes fran\u00e7ais ne sont pas parvenus \u00e0 conserver leur titre de champions d&rsquo;Europe par&hellip;\n","protected":false},"author":2,"featured_media":189160,"comment_status":"","ping_status":"","sticky":false,"template":"","format":"standard","meta":{"footnotes":""},"categories":[1586],"tags":[11,1946,1777,674,107,1011,27,12,25,517,1947],"class_list":{"0":"post-189159","1":"post","2":"type-post","3":"status-publish","4":"format-standard","5":"has-post-thumbnail","7":"category-europe","8":"tag-actualites","9":"tag-escrime","10":"tag-eu","11":"tag-europe","12":"tag-fil-info","13":"tag-fr","14":"tag-france","15":"tag-news","16":"tag-republique-francaise","17":"tag-sport","18":"tag-sport-national"},"share_on_mastodon":{"url":"https:\/\/pubeurope.com\/@fr\/114711692794261081","error":""},"_links":{"self":[{"href":"https:\/\/www.europesays.com\/fr\/wp-json\/wp\/v2\/posts\/189159","targetHints":{"allow":["GET"]}}],"collection":[{"href":"https:\/\/www.europesays.com\/fr\/wp-json\/wp\/v2\/posts"}],"about":[{"href":"https:\/\/www.europesays.com\/fr\/wp-json\/wp\/v2\/types\/post"}],"author":[{"embeddable":true,"href":"https:\/\/www.europesays.com\/fr\/wp-json\/wp\/v2\/users\/2"}],"replies":[{"embeddable":true,"href":"https:\/\/www.europesays.com\/fr\/wp-json\/wp\/v2\/comments?post=189159"}],"version-history":[{"count":0,"href":"https:\/\/www.europesays.com\/fr\/wp-json\/wp\/v2\/posts\/189159\/revisions"}],"wp:featuredmedia":[{"embeddable":true,"href":"https:\/\/www.europesays.com\/fr\/wp-json\/wp\/v2\/media\/189160"}],"wp:attachment":[{"href":"https:\/\/www.europesays.com\/fr\/wp-json\/wp\/v2\/media?parent=189159"}],"wp:term":[{"taxonomy":"category","embeddable":true,"href":"https:\/\/www.europesays.com\/fr\/wp-json\/wp\/v2\/categories?post=189159"},{"taxonomy":"post_tag","embeddable":true,"href":"https:\/\/www.europesays.com\/fr\/wp-json\/wp\/v2\/tags?post=189159"}],"curies":[{"name":"wp","href":"https:\/\/api.w.org\/{rel}","templated":true}]}}