{"id":189168,"date":"2025-06-19T19:36:08","date_gmt":"2025-06-19T19:36:08","guid":{"rendered":"https:\/\/www.europesays.com\/fr\/189168\/"},"modified":"2025-06-19T19:36:08","modified_gmt":"2025-06-19T19:36:08","slug":"ligue-a-le-champion-olympique-daryl-bultor-au-gfca","status":"publish","type":"post","link":"https:\/\/www.europesays.com\/fr\/189168\/","title":{"rendered":"Ligue A : le champion olympique, Daryl Bultor, au GFCA"},"content":{"rendered":"<p>Il sera le troisi\u00e8me champion olympique \u00e0 \u00e9voluer \u00e0 la rentr\u00e9e en Marmara Spikeligue apr\u00e8s le retour officiel de Quentin Jouffroy (pass\u00e9 par le GFCA en 20\/21) \u00e0 Montpellier o\u00f9 \u00e9volue d\u00e9j\u00e0 Nicolas le Goff et si, cette arriv\u00e9e ne permet pas d&rsquo;enrayer l&rsquo;exode des meilleurs joueurs fran\u00e7ais vers des Championnats plus lucratifs, elle a au moins le m\u00e9rite de porter un nouveau coup de projecteur sur la remont\u00e9e d&rsquo;Ajaccio au plus haut niveau. En d\u00e9pit d&rsquo;un budget qui sera vraisemblablement le plus faible de la Ligue A et dans l&rsquo;attente de savoir quel sera son encadrement financier, les dirigeants gaziers ont en effet r\u00e9ussi \u00e0 avancer sur un dossier, qui ressemblait au d\u00e9part \u00e0 une opportunit\u00e9 relevant quasiment de la providence et qui somme toute, s&rsquo;est av\u00e9r\u00e9 tr\u00e8s vite r\u00e9alisable autour d&rsquo;un projet sportif sur lequel, les deux parties ont eu aucun mal \u00e0 se rejoindre.\u00ab\u00a0Le joueur souhaitait rejoindre un club o\u00f9 les conditions de travail sont bonnes, de mani\u00e8re \u00e0 taper \u00e0 nouveau \u00e0 la porte de l&rsquo;\u00e9quipe de France\u00a0(Jouffroy lui avait \u00e9t\u00e9 pr\u00e9f\u00e9r\u00e9 pour les JO de Paris, ndlr).\u00a0Il \u00e9tait d\u00e9sireux de revenir en Ligue A dans les meilleures conditions possibles et pour cela, il \u00e9tait pr\u00eat \u00e0 consentir de gros efforts financiers, ce qui nous a permis de rapidement trouver un accord. Il va nous apporter son talent et son exp\u00e9rience ce dont on aura besoin pour relever le challenge du maintien\u00a0\u00bb\u00a0soulignait hier l&rsquo;entra\u00eeneur gazier Fr\u00e9d\u00e9ric Ferrandez, heureux d&rsquo;accueillir le premier champion olympique \u00e0 rev\u00eatir maillot rouge et bleu.<\/p>\n","protected":false},"excerpt":{"rendered":"Il sera le troisi\u00e8me champion olympique \u00e0 \u00e9voluer \u00e0 la rentr\u00e9e en Marmara Spikeligue apr\u00e8s le retour officiel&hellip;\n","protected":false},"author":2,"featured_media":52861,"comment_status":"","ping_status":"","sticky":false,"template":"","format":"standard","meta":{"footnotes":""},"categories":[1417],"tags":[17,32701,3362,32700,1011,27,6392,3022,32699,60,1470,1469],"class_list":{"0":"post-189168","1":"post","2":"type-post","3":"status-publish","4":"format-standard","5":"has-post-thumbnail","7":"category-volley","8":"tag-17","9":"tag-bultor","10":"tag-champion","11":"tag-daryl","12":"tag-fr","13":"tag-france","14":"tag-gfca","15":"tag-ligue","16":"tag-olympique","17":"tag-sports","18":"tag-volley","19":"tag-volleyball"},"share_on_mastodon":{"url":"https:\/\/pubeurope.com\/@fr\/114711716402108503","error":""},"_links":{"self":[{"href":"https:\/\/www.europesays.com\/fr\/wp-json\/wp\/v2\/posts\/189168","targetHints":{"allow":["GET"]}}],"collection":[{"href":"https:\/\/www.europesays.com\/fr\/wp-json\/wp\/v2\/posts"}],"about":[{"href":"https:\/\/www.europesays.com\/fr\/wp-json\/wp\/v2\/types\/post"}],"author":[{"embeddable":true,"href":"https:\/\/www.europesays.com\/fr\/wp-json\/wp\/v2\/users\/2"}],"replies":[{"embeddable":true,"href":"https:\/\/www.europesays.com\/fr\/wp-json\/wp\/v2\/comments?post=189168"}],"version-history":[{"count":0,"href":"https:\/\/www.europesays.com\/fr\/wp-json\/wp\/v2\/posts\/189168\/revisions"}],"wp:featuredmedia":[{"embeddable":true,"href":"https:\/\/www.europesays.com\/fr\/wp-json\/wp\/v2\/media\/52861"}],"wp:attachment":[{"href":"https:\/\/www.europesays.com\/fr\/wp-json\/wp\/v2\/media?parent=189168"}],"wp:term":[{"taxonomy":"category","embeddable":true,"href":"https:\/\/www.europesays.com\/fr\/wp-json\/wp\/v2\/categories?post=189168"},{"taxonomy":"post_tag","embeddable":true,"href":"https:\/\/www.europesays.com\/fr\/wp-json\/wp\/v2\/tags?post=189168"}],"curies":[{"name":"wp","href":"https:\/\/api.w.org\/{rel}","templated":true}]}}