{"id":189182,"date":"2025-06-19T19:45:22","date_gmt":"2025-06-19T19:45:22","guid":{"rendered":"https:\/\/www.europesays.com\/fr\/189182\/"},"modified":"2025-06-19T19:45:22","modified_gmt":"2025-06-19T19:45:22","slug":"a-londres-une-maison-victorienne-mi-galerie-dart-mi-habitat","status":"publish","type":"post","link":"https:\/\/www.europesays.com\/fr\/189182\/","title":{"rendered":"\u00c0 Londres, une maison victorienne mi-galerie d\u2019art, mi-habitat"},"content":{"rendered":"<p><strong>\u00c0 Londres, une maison victorienne transform\u00e9e en espace contemporain<\/strong><\/p>\n<p>En 2019, Tanya Grigoroglou et Rupert Worrall, directeurs cr\u00e9atifs de la <a href=\"https:\/\/www.admagazine.fr\/article\/sceners-nouvelle-galerie-parisienne\" rel=\"nofollow noopener\" target=\"_blank\">galerie<\/a> d\u2019art Raw Editions, ont acquis une propri\u00e9t\u00e9 dans le quartier de Clapham, au sud de Londres. Il s\u2019agissait d\u2019une maison mitoyenne victorienne typique, dot\u00e9e d\u2019une fa\u00e7ade en briques, qui ne s\u2019\u00e9tendait pas en largeur mais en hauteur, sur 140 m\u00e8tres carr\u00e9s. Le probl\u00e8me ? L\u2019int\u00e9rieur \u00e9tait frais et sombre, la lumi\u00e8re naturelle peinant \u00e0 y p\u00e9n\u00e9trer. Le couple souhaitait en faire un lieu qui allie vie familiale et activit\u00e9 professionnelle. La maison devait permettre une vie de famille avec enfants tout en accueillant les \u0153uvres d\u2019art postmoderne et contemporain au c\u0153ur de l\u2019identit\u00e9 de Raw Editions. C\u2019est l\u00e0 qu\u2019interviennent les <a href=\"https:\/\/www.admagazine.fr\/article\/erreurs-architectes-plus-cheres-histoire\" rel=\"nofollow noopener\" target=\"_blank\">architectes<\/a> O\u2019Sullivan Skoufoglou. Sensibles aux relations spatiales flexibles, aux mat\u00e9riaux, aux couleurs et au design mobilier, ce duo londonien, fond\u00e9 en 2016, a con\u00e7u une maison hybride et multifonctionnelle, o\u00f9 vie quotidienne et travail coexistent en \u00e9quilibre.<\/p>\n<p>Tanya Grigoroglou et Rupert Worrall dirigent la galerie d\u2019art londonienne Raw Editions.<\/p>\n<p>Jasper Fry<\/p>\n<p>Le luminaire est sign\u00e9 Established and Sons. Le sol en ch\u00eane a \u00e9t\u00e9 pos\u00e9 par Chaunceys.<\/p>\n<p>St\u00e5le EriksenUne maison qui fusionne galerie et habitation<\/p>\n<p>Dynamique, cr\u00e9ative, flexible, multifonctionnelle : tels \u00e9taient les ma\u00eetres-mots du projet. L\u2019objectif \u00e9tait de fusionner galerie et habitation, vie de famille et passion pour l\u2019<a href=\"https:\/\/www.admagazine.fr\/article\/curateur-jacquemus-petit-espace\" rel=\"nofollow noopener\" target=\"_blank\">art<\/a>. Un d\u00e9fi, car le b\u00e2timent ne pouvait \u00eatre agrandi sans entra\u00eener des travaux co\u00fbteux en raison du d\u00e9nivel\u00e9 du jardin. O\u2019Sullivan Skoufoglou a rapidement compris qu\u2019il fallait repenser le plan afin d\u2019am\u00e9liorer la coh\u00e9rence, la lumi\u00e8re et la fonctionnalit\u00e9. Le repositionnement des fen\u00eatres s\u2019est \u00e9galement impos\u00e9.<\/p>\n<p>\u00ab L\u2019adaptation des deux \u00e9tages inf\u00e9rieurs et le d\u00e9placement de la cuisine au sous-sol ont sans doute constitu\u00e9 la modification la plus importante \u00bb, explique Amalia Skoufoglou. La nouvelle entr\u00e9e s\u2019\u00e9tend d\u00e9sormais jusqu\u2019\u00e0 la galerie, dot\u00e9e de baies vitr\u00e9es offrant une vue sur le <a href=\"https:\/\/www.admagazine.fr\/article\/quest-ce-que-le-jardin-punk-et-pourquoi-vous-devez-ladopter\" rel=\"nofollow noopener\" target=\"_blank\">jardin<\/a>. Des portes coulissantes garantissent l\u2019intimit\u00e9 n\u00e9cessaire tout en permettant une ouverture fluide.<\/p>\n<p>L\u2019\u00e9l\u00e9ment central, con\u00e7u comme un \u00e9crin pour l\u2019art, est une bande murale en terrazzo rouge baptis\u00e9e \u00ab Granby Rock \u00bb, qui int\u00e8gre une chemin\u00e9e et se compose \u00e0 70 % d\u2019agr\u00e9gats recycl\u00e9s. \u00c0 proximit\u00e9, un bureau, lui aussi dot\u00e9 de portes coulissantes, prolonge l\u2019espace. L\u2019escalier, redessin\u00e9, isole les niveaux sup\u00e9rieur et inf\u00e9rieur de la galerie situ\u00e9e au rez-de-chauss\u00e9e : il assure une s\u00e9paration fonctionnelle tout en m\u00e9nageant une transition fluide. Les teintes douces de rose et de jaune de Little Greene sur les <a href=\"https:\/\/www.admagazine.fr\/article\/decoration-murale-idees-sublimer-murs\" rel=\"nofollow noopener\" target=\"_blank\">murs<\/a>, ainsi que les touches d\u2019olive et de rouille du mobilier, renforcent cette impression. Une s\u00e9paration subtile s\u2019op\u00e8re, sans jamais compromettre l\u2019ouverture.<\/p>\n","protected":false},"excerpt":{"rendered":"\u00c0 Londres, une maison victorienne transform\u00e9e en espace contemporain En 2019, Tanya Grigoroglou et Rupert Worrall, directeurs cr\u00e9atifs&hellip;\n","protected":false},"author":2,"featured_media":189183,"comment_status":"","ping_status":"","sticky":false,"template":"","format":"standard","meta":{"footnotes":""},"categories":[1358],"tags":[1348,1384,1385,1386,58,59,1011,27,4534],"class_list":{"0":"post-189182","1":"post","2":"type-post","3":"status-publish","4":"format-standard","5":"has-post-thumbnail","7":"category-arts-et-design","8":"tag-arts","9":"tag-arts-and-design","10":"tag-arts-et-design","11":"tag-design","12":"tag-divertissement","13":"tag-entertainment","14":"tag-fr","15":"tag-france","16":"tag-londres"},"share_on_mastodon":{"url":"https:\/\/pubeurope.com\/@fr\/114711751761502860","error":""},"_links":{"self":[{"href":"https:\/\/www.europesays.com\/fr\/wp-json\/wp\/v2\/posts\/189182","targetHints":{"allow":["GET"]}}],"collection":[{"href":"https:\/\/www.europesays.com\/fr\/wp-json\/wp\/v2\/posts"}],"about":[{"href":"https:\/\/www.europesays.com\/fr\/wp-json\/wp\/v2\/types\/post"}],"author":[{"embeddable":true,"href":"https:\/\/www.europesays.com\/fr\/wp-json\/wp\/v2\/users\/2"}],"replies":[{"embeddable":true,"href":"https:\/\/www.europesays.com\/fr\/wp-json\/wp\/v2\/comments?post=189182"}],"version-history":[{"count":0,"href":"https:\/\/www.europesays.com\/fr\/wp-json\/wp\/v2\/posts\/189182\/revisions"}],"wp:featuredmedia":[{"embeddable":true,"href":"https:\/\/www.europesays.com\/fr\/wp-json\/wp\/v2\/media\/189183"}],"wp:attachment":[{"href":"https:\/\/www.europesays.com\/fr\/wp-json\/wp\/v2\/media?parent=189182"}],"wp:term":[{"taxonomy":"category","embeddable":true,"href":"https:\/\/www.europesays.com\/fr\/wp-json\/wp\/v2\/categories?post=189182"},{"taxonomy":"post_tag","embeddable":true,"href":"https:\/\/www.europesays.com\/fr\/wp-json\/wp\/v2\/tags?post=189182"}],"curies":[{"name":"wp","href":"https:\/\/api.w.org\/{rel}","templated":true}]}}