{"id":189186,"date":"2025-06-19T19:47:16","date_gmt":"2025-06-19T19:47:16","guid":{"rendered":"https:\/\/www.europesays.com\/fr\/189186\/"},"modified":"2025-06-19T19:47:16","modified_gmt":"2025-06-19T19:47:16","slug":"verif-que-sait-on-du-piratage-de-la-television-publique-iranienne","status":"publish","type":"post","link":"https:\/\/www.europesays.com\/fr\/189186\/","title":{"rendered":"V\u00c9RIF&rsquo; &#8211; Que sait-on du piratage de la t\u00e9l\u00e9vision publique iranienne ?"},"content":{"rendered":"<ul class=\"jsx-862013697 ArticleChapo__List\">\n<li class=\"jsx-862013697 ArticleChapo__List_Item flex\">La t\u00e9l\u00e9vision publique iranienne a \u00e9t\u00e9 victime d&rsquo;une cyberattaque, le 18 juin au soir.<\/li>\n<li class=\"jsx-862013697 ArticleChapo__List_Item flex\">Voici ce que l&rsquo;on sait de cette op\u00e9ration de piratage, en plein conflit avec Isra\u00ebl.<\/li>\n<\/ul>\n<p><a href=\"https:\/\/www.tf1info.fr\/actualite\/les-verificateurs-12325\/\" rel=\"noopener\" class=\"jsx-484472199 Link jsx-1428418400 jsx-1910851033\" target=\"_blank\"><\/p>\n<p style=\"font-weight:400\" class=\"jsx-1837267516\">Suivez la couverture compl\u00e8te<\/p>\n<p style=\"font-weight:800\" class=\"jsx-1837267516\">L&rsquo;info pass\u00e9e au crible des V\u00e9rificateurs<\/p>\n<p><\/a><\/p>\n<p data-module=\"article-paragraph\" class=\"jsx-3046738180 Paragraph Paragraph__End\">Pendant un bref instant, la chaine IRIB n&rsquo;a pas diffus\u00e9 ses programmes habituels. Mercredi 18 juin dans la soir\u00e9e, la t\u00e9l\u00e9vision d&rsquo;\u00c9tat iranienne a \u00e9t\u00e9 victime d&rsquo;un piratage. Des images semblant provenir du mouvement \u00ab\u00a0Femme, Vie, Libert\u00e9\u00a0\u00bb, n\u00e9 en Iran apr\u00e8s la <a href=\"https:\/\/www.tf1info.fr\/actualite\/iran-colere-apres-la-mort-de-mahsa-amini-a-teheran-revolte-du-voile-13087\/\" target=\"_blank\" rel=\"noopener\">mort tragique<\/a> de Mahsa Amini, ont \u00e9t\u00e9 diffus\u00e9es pendant quelques secondes. Si le moment fut court, il interroge sur les dessous de l&rsquo;initiative. De son c\u00f4t\u00e9, le r\u00e9gime iranien a rapidement accus\u00e9 Isra\u00ebl d&rsquo;en \u00eatre \u00e0 l&rsquo;origine.<\/p>\n<p>\u00ab\u00a0Soulevez-vous ! C&rsquo;est votre moment\u00a0\u00bb<\/p>\n<p data-module=\"article-paragraph\" class=\"jsx-3046738180 Paragraph\">Les images de la cyberattaque ont d&rsquo;abord \u00e9t\u00e9 partag\u00e9es par le quotidien iranien Hamshahri. \u00ab\u00a0Des pirates informatiques auraient infiltr\u00e9 la t\u00e9l\u00e9vision iranienne et diffus\u00e9 un appel \u00e0 manifester\u00a0\u00bb, \u00e9crit le m\u00e9dia sur sa <a href=\"https:\/\/t.me\/hamshahrinews\/275945 \" target=\"_blank\" rel=\"nofollow\">chaine Telegram (nouvelle fen\u00eatre)<\/a>, mercredi \u00e0 20h47. Le moment devient rapidement viral sur les r\u00e9seaux sociaux, \u00e9tant relay\u00e9 <a href=\"https:\/\/www.instagram.com\/reel\/DLDUDESNTMC\/?igsh=MWxqbWJ2eGNnYzl1Nw%3D%3D \" target=\"_blank\" rel=\"noopener\">sur Instagram (nouvelle fen\u00eatre)<\/a> ou par l&rsquo;association Femme Azadi, sur son <a href=\"https:\/\/x.com\/femmeazadi\/status\/1935397591208051114 \" target=\"_blank\">compte X (nouvelle fen\u00eatre)<\/a>.\u00a0<\/p>\n<p data-module=\"article-paragraph\" class=\"jsx-3046738180 Paragraph Paragraph__End\">Comme le fait d&rsquo;ailleurs remarquer le collectif iranien d&rsquo;opposition, les extraits pass\u00e9s ont appel\u00e9 au \u00ab\u00a0soul\u00e8vement\u00a0\u00bb des Iraniens face au r\u00e9gime des mollahs. Les images choisies sont celles des manifestations de 2022, lorsque les femmes et une large partie de la population ont aspir\u00e9 \u00e0 plus de libert\u00e9s. On y voit des femmes avec le poing lev\u00e9 et ayant enlev\u00e9 leur voile, un geste pourtant passible d&#8217;emprisonnement et d&rsquo;internement dans le pays.\u00a0<\/p>\n<blockquote data-testid=\"EmbedTwitter\" id=\"tweet-1935396969028968633-:R4mmij9n79m:\" class=\"jsx-aeff1a1c40f54d7a twitter-tweet flex justify-center items-center\"><p>\u0635\u062f\u0627\u0648\u0633\u06cc\u0645\u0627 \u0631\u0648 \u0647\u06a9 \u06a9\u0631\u062f\u0646\u062f  pic.twitter.com\/9SgjW9FhbB \u2014 \u0645\u0645\u0644\u06a9\u062a\u0647 (@mamlekate)  June 18, 2025<\/p><\/blockquote>\n<p data-module=\"article-paragraph\" class=\"jsx-3046738180 Paragraph\">D&rsquo;autres extraits plus r\u00e9cents ont \u00e9t\u00e9 diffus\u00e9s, ceux des locaux de la radiot\u00e9l\u00e9vision en feu apr\u00e8s avoir <a href=\"https:\/\/www.tf1info.fr\/international\/video-bombardements-sur-teheran-la-radiotelevision-iranienne-touchee-en-plein-direct-2377356.html\" target=\"_blank\" rel=\"noopener\">\u00e9t\u00e9 touch\u00e9s (nouvelle fen\u00eatre)<\/a> par un missile isra\u00e9lien. Le tout assorti du logo d&rsquo;un lion en haut \u00e0 droite de l&rsquo;\u00e9cran, faisant r\u00e9f\u00e9rence sans nul doute \u00e0 l&rsquo;<a href=\"https:\/\/www.tf1info.fr\/international\/operation-rising-lion-ce-que-l-on-sait-des-frappes-menees-par-israel-en-iran-2376737.html\" target=\"_blank\" rel=\"noopener\">op\u00e9ration \u00ab\u00a0Rising Lion\u00a0\u00bb (nouvelle fen\u00eatre)<\/a>, lanc\u00e9e par Isra\u00ebl contre l&rsquo;Iran vendredi 13 juin.\u00a0<\/p>\n<p data-module=\"article-paragraph\" class=\"jsx-3046738180 Paragraph Paragraph__End\">Des images accompagn\u00e9es d&rsquo;un texte, le plus souvent en anglais, parfois en persan, et qui enjoint les Iraniens \u00e0 la r\u00e9volte : \u00ab\u00a0Soulevez-vous ! C&rsquo;est votre moment. Allez prendre le contr\u00f4le de votre futur. C&rsquo;est entre vos mains. C&rsquo;est possible [&#8230;] Le r\u00e9gime a \u00e9chou\u00e9 \u00e0 prot\u00e9ger l&rsquo;espace a\u00e9rien iranien. Il a \u00e9chou\u00e9 dans ses efforts offensifs. Il a aussi \u00e9chou\u00e9 \u00e0 fournir vos besoins primaires, y compris l&rsquo;eau et l&rsquo;essence\u00a0\u00bb.\u00a0<\/p>\n<p>Pas de revendication pour l&rsquo;heure<\/p>\n<p data-module=\"article-paragraph\" class=\"jsx-3046738180 Paragraph\">Dans un communiqu\u00e9, la chaine publique a indiqu\u00e9 que la br\u00e8ve interruption des programmes \u00e9tait due \u00ab\u00a0\u00e0 une interf\u00e9rence du signal satellite par l&rsquo;ennemi sioniste\u00a0\u00bb, sans apporter plus d&rsquo;\u00e9l\u00e9ments. <a href=\"https:\/\/x.com\/IranIntl_En\/status\/1935398611212251584\" target=\"_blank\">D&rsquo;apr\u00e8s le m\u00e9dia (nouvelle fen\u00eatre)<\/a> d&rsquo;opposition Iran International, cela \u00ab\u00a0sugg\u00e8re que le message n&rsquo;apparaissait que sur les \u00e9crans recevant la cha\u00eene par satellite\u00a0\u00bb. D&rsquo;apr\u00e8s Damien Bancal, journaliste sp\u00e9cialis\u00e9 en cybers\u00e9curit\u00e9 invit\u00e9 \u00e0 r\u00e9agir sur LCI, le piratage de la t\u00e9l\u00e9vision rel\u00e8ve de \u00ab\u00a0l&rsquo;art de la guerre\u00a0\u00bb puisque \u00ab\u00a0bloquer la t\u00e9l\u00e9vision par la diffusion de vid\u00e9os, c&rsquo;est une communication de guerre classique\u00a0\u00bb.\u00a0<\/p>\n<p data-module=\"article-paragraph\" class=\"jsx-3046738180 Paragraph Paragraph__End\">En revanche, aucune entit\u00e9 n&rsquo;a revendiqu\u00e9 pour l&rsquo;heure le piratage de la chaine iranienne. On peut toutefois pr\u00e9sumer que le groupe \u00e0 l&rsquo;origine de deux r\u00e9centes cyberattaques en Iran n&rsquo;est pas derri\u00e8re cette nouvelle op\u00e9ration de d\u00e9stabilisation. En effet, Gonjeshke Darande (\u00ab\u00a0moineau pr\u00e9dateur\u00a0\u00bb, en fran\u00e7ais) a annonc\u00e9 sur Telegram avoir pirat\u00e9 la banque en ligne <a href=\"https:\/\/t.me\/gonjeshkdarand\/9\" target=\"_blank\" rel=\"nofollow\">Sepah (nouvelle fen\u00eatre)<\/a>, qui g\u00e8re les comptes de l\u2019arm\u00e9e iranienne, ainsi que la plateforme de cryptomonnaies <a href=\"https:\/\/t.me\/gonjeshkdarand\/16\" target=\"_blank\" rel=\"nofollow\">Nobitex (nouvelle fen\u00eatre)<\/a>, provoquant la perte de 48 millions de dollars, sans mentionner le piratage de la t\u00e9l\u00e9vision.\u00a0<\/p>\n<p><a href=\"https:\/\/www.tf1info.fr\/international\/video-offensive-israelienne-gbu-57-cette-bombe-americaine-qui-serait-capable-de-detruire-les-sites-nucleaires-iraniens-2377503.html\" rel=\"noopener\" class=\"jsx-3308031228 Link flex\" target=\"_blank\"><img decoding=\"async\" src=\"https:\/\/www.europesays.com\/fr\/wp-content\/uploads\/2025\/06\/bombardier-furtif-b-2-aca5cf-0@1x.jpeg\" alt=\"HO \/ DOD \/ AFP\" loading=\"lazy\" importance=\"low\" fetchpriority=\"low\" class=\"\"\/><\/p>\n<p class=\"jsx-3657663356 ReadMoreArticle__Title\">Lire aussi<\/p>\n<p class=\"jsx-3657663356\">Offensive isra\u00e9lienne : GBU-57, cette bombe am\u00e9ricaine qui serait capable de d\u00e9truire les sites nucl\u00e9aires iraniens<\/p>\n<p><\/a><\/p>\n<p data-module=\"article-paragraph\" class=\"jsx-3046738180 Paragraph Paragraph__End\">D&rsquo;autres piratages de la t\u00e9l\u00e9vision d&rsquo;\u00c9tat ont eu lieu par le pass\u00e9, mais avaient tous fait l&rsquo;objet d&rsquo;une revendication. Par exemple, en <a href=\"https:\/\/x.com\/IranIntl_En\/status\/1624341623369871360\" target=\"_blank\">f\u00e9vrier 2023 (nouvelle fen\u00eatre)<\/a>, le groupe de hackers Edaalate Ali a affirm\u00e9 \u00eatre derri\u00e8re le piratage d&rsquo;un discours de l&rsquo;ancien pr\u00e9sident Ebrahim Raisi, tout comme en <a href=\"https:\/\/x.com\/SalomeSeyednia\/status\/1578810940887560194\" target=\"_blank\">octobre 2022 (nouvelle fen\u00eatre)<\/a>, o\u00f9 l&rsquo;ayatollah Khamenei avait \u00e9t\u00e9 vis\u00e9. Aucune communication sur ce nouveau piratage n&rsquo;a \u00e9t\u00e9 adress\u00e9e par les activistes.\u00a0<\/p>\n<p data-module=\"article-paragraph\" class=\"jsx-3046738180 Paragraph Paragraph__End\"><strong>Vous souhaitez nous poser des questions ou nous soumettre une information qui ne vous para\u00eet pas fiable ? N&rsquo;h\u00e9sitez pas \u00e0 nous \u00e9crire \u00e0 l&rsquo;adresse lesverificateurs@tf1.fr. Retrouvez-nous \u00e9galement sur X : notre \u00e9quipe y est pr\u00e9sente derri\u00e8re le compte @verif_TF1LCI.<\/strong><\/p>\n<p>Caroline QUEVRAIN<\/p>\n<p><script async src=\"https:\/\/platform.twitter.com\/widgets.js\" charset=\"utf-8\"><\/script><script async src=\"\/\/www.instagram.com\/embed.js\"><\/script><\/p>\n","protected":false},"excerpt":{"rendered":"La t\u00e9l\u00e9vision publique iranienne a \u00e9t\u00e9 victime d&rsquo;une cyberattaque, le 18 juin au soir. Voici ce que l&rsquo;on&hellip;\n","protected":false},"author":2,"featured_media":189187,"comment_status":"","ping_status":"","sticky":false,"template":"","format":"standard","meta":{"footnotes":""},"categories":[1356],"tags":[1111,11,1921,1075,58,32705,59,1011,27,1922,3019,32704,664,12736,32447,7541,32448,2088,252,1364,133,1920],"class_list":{"0":"post-189186","1":"post","2":"type-post","3":"status-publish","4":"format-standard","5":"has-post-thumbnail","7":"category-television","8":"tag-actu","9":"tag-actualites","10":"tag-article-video","11":"tag-cybersecurite","12":"tag-divertissement","13":"tag-ebrahim-raissi","14":"tag-entertainment","15":"tag-fr","16":"tag-france","17":"tag-info","18":"tag-iran","19":"tag-iran-la-revolte-du-voile","20":"tag-israel","21":"tag-israel-palestine","22":"tag-israel-iran-en-guerre","23":"tag-linfo-passee-au-crible-des-verificateurs","24":"tag-la-crainte-de-lescalade","25":"tag-manifestation","26":"tag-television","27":"tag-tv","28":"tag-video","29":"tag-video-international"},"share_on_mastodon":{"url":"https:\/\/pubeurope.com\/@fr\/114711759954856788","error":""},"_links":{"self":[{"href":"https:\/\/www.europesays.com\/fr\/wp-json\/wp\/v2\/posts\/189186","targetHints":{"allow":["GET"]}}],"collection":[{"href":"https:\/\/www.europesays.com\/fr\/wp-json\/wp\/v2\/posts"}],"about":[{"href":"https:\/\/www.europesays.com\/fr\/wp-json\/wp\/v2\/types\/post"}],"author":[{"embeddable":true,"href":"https:\/\/www.europesays.com\/fr\/wp-json\/wp\/v2\/users\/2"}],"replies":[{"embeddable":true,"href":"https:\/\/www.europesays.com\/fr\/wp-json\/wp\/v2\/comments?post=189186"}],"version-history":[{"count":0,"href":"https:\/\/www.europesays.com\/fr\/wp-json\/wp\/v2\/posts\/189186\/revisions"}],"wp:featuredmedia":[{"embeddable":true,"href":"https:\/\/www.europesays.com\/fr\/wp-json\/wp\/v2\/media\/189187"}],"wp:attachment":[{"href":"https:\/\/www.europesays.com\/fr\/wp-json\/wp\/v2\/media?parent=189186"}],"wp:term":[{"taxonomy":"category","embeddable":true,"href":"https:\/\/www.europesays.com\/fr\/wp-json\/wp\/v2\/categories?post=189186"},{"taxonomy":"post_tag","embeddable":true,"href":"https:\/\/www.europesays.com\/fr\/wp-json\/wp\/v2\/tags?post=189186"}],"curies":[{"name":"wp","href":"https:\/\/api.w.org\/{rel}","templated":true}]}}