{"id":189206,"date":"2025-06-19T19:58:15","date_gmt":"2025-06-19T19:58:15","guid":{"rendered":"https:\/\/www.europesays.com\/fr\/189206\/"},"modified":"2025-06-19T19:58:15","modified_gmt":"2025-06-19T19:58:15","slug":"firminy-pres-de-500-familles-ont-pousse-la-porte-du-centre-social-du-soleil-levant-en-2024","status":"publish","type":"post","link":"https:\/\/www.europesays.com\/fr\/189206\/","title":{"rendered":"Firminy. Pr\u00e8s de 500 familles ont pouss\u00e9 la porte du centre social du Soleil Levant en 2024"},"content":{"rendered":"<blockquote class=\"question\"><p>Comment se sont pass\u00e9es les activit\u00e9s cette ann\u00e9e\u00a0?<\/p><\/blockquote>\n<p>\u00ab\u00a0On est encore en progression, notamment au niveau du centre de loisirs o\u00f9 on a r\u00e9alis\u00e9 plus d\u2019heures. On a accueilli plus d\u2019enfants, malgr\u00e9 les fermetures suppl\u00e9mentaires. On a ferm\u00e9 quatre semaines en ao\u00fbt au lieu de trois et une semaine \u00e0 No\u00ebl, p\u00e9riode o\u00f9 l\u2019on restait ouvert, mais on a eu une meilleure fr\u00e9quentation, 43\u00a0115\u00a0heures en 2024 contre 42\u00a0198 en 2023. On a par ailleurs de nouvelles activit\u00e9s qui ont bien fonctionn\u00e9, la gym adapt\u00e9e pour des personnes atteintes d\u2019une maladie longue dur\u00e9e ou en reprise d\u2019activit\u00e9, des s\u00e9ances qu\u2019il est possible de faire financer par la Caisse primaire d\u2019assurance maladie ou une mutuelle. Les \u2018\u2018mardis papote\u2019\u2019, initi\u00e9s par C\u00e9line V\u00e9ricel la r\u00e9f\u00e9rente famille ont \u00e9galement trouv\u00e9 leur public. Des parents viennent \u00e9changer sur l\u2019\u00e9ducation et enfin le jardin partag\u00e9, largement pl\u00e9biscit\u00e9. On a d\u00e9velopp\u00e9 beaucoup de projets autour de l\u2019alimentation avec des repas interg\u00e9n\u00e9rationnels ou des&#8230;<\/p>\n","protected":false},"excerpt":{"rendered":"Comment se sont pass\u00e9es les activit\u00e9s cette ann\u00e9e\u00a0? \u00ab\u00a0On est encore en progression, notamment au niveau du centre&hellip;\n","protected":false},"author":2,"featured_media":189207,"comment_status":"","ping_status":"","sticky":false,"template":"","format":"standard","meta":{"footnotes":""},"categories":[9653],"tags":[1111,11,2430,7539,1777,674,10282,10283,1011,27,12,25,4001,104,1631],"class_list":{"0":"post-189206","1":"post","2":"type-post","3":"status-publish","4":"format-standard","5":"has-post-thumbnail","7":"category-saint-etienne","8":"tag-actu","9":"tag-actualites","10":"tag-auvergne-rhone-alpes","11":"tag-edition-loire-sud","12":"tag-eu","13":"tag-europe","14":"tag-firminy","15":"tag-firminy-ville","16":"tag-fr","17":"tag-france","18":"tag-news","19":"tag-republique-francaise","20":"tag-saint-etienne","21":"tag-societe","22":"tag-vie-associative"},"share_on_mastodon":{"url":"https:\/\/pubeurope.com\/@fr\/114711802911417376","error":""},"_links":{"self":[{"href":"https:\/\/www.europesays.com\/fr\/wp-json\/wp\/v2\/posts\/189206","targetHints":{"allow":["GET"]}}],"collection":[{"href":"https:\/\/www.europesays.com\/fr\/wp-json\/wp\/v2\/posts"}],"about":[{"href":"https:\/\/www.europesays.com\/fr\/wp-json\/wp\/v2\/types\/post"}],"author":[{"embeddable":true,"href":"https:\/\/www.europesays.com\/fr\/wp-json\/wp\/v2\/users\/2"}],"replies":[{"embeddable":true,"href":"https:\/\/www.europesays.com\/fr\/wp-json\/wp\/v2\/comments?post=189206"}],"version-history":[{"count":0,"href":"https:\/\/www.europesays.com\/fr\/wp-json\/wp\/v2\/posts\/189206\/revisions"}],"wp:featuredmedia":[{"embeddable":true,"href":"https:\/\/www.europesays.com\/fr\/wp-json\/wp\/v2\/media\/189207"}],"wp:attachment":[{"href":"https:\/\/www.europesays.com\/fr\/wp-json\/wp\/v2\/media?parent=189206"}],"wp:term":[{"taxonomy":"category","embeddable":true,"href":"https:\/\/www.europesays.com\/fr\/wp-json\/wp\/v2\/categories?post=189206"},{"taxonomy":"post_tag","embeddable":true,"href":"https:\/\/www.europesays.com\/fr\/wp-json\/wp\/v2\/tags?post=189206"}],"curies":[{"name":"wp","href":"https:\/\/api.w.org\/{rel}","templated":true}]}}