{"id":189214,"date":"2025-06-19T20:02:13","date_gmt":"2025-06-19T20:02:13","guid":{"rendered":"https:\/\/www.europesays.com\/fr\/189214\/"},"modified":"2025-06-19T20:02:13","modified_gmt":"2025-06-19T20:02:13","slug":"il-y-a-30-ans-a-toulon-la-ville-plombee-par-lideologie-et-les-finances","status":"publish","type":"post","link":"https:\/\/www.europesays.com\/fr\/189214\/","title":{"rendered":"Il y a 30 ans, \u00e0 Toulon: la ville plomb\u00e9e par l\u2019id\u00e9ologie et les finances"},"content":{"rendered":"<p>              <img ci-src=\"https:\/\/www.varmatin.com\/politique\/protec\/DATA_ART_15748280-EU2hB7kQ.jpg?vh=9f67d4&amp;ci_seal=e08e4df398\" alt=\"\"\/><br \/>\n        L\u2019\u00e9lu municipal Didier Gestat de Garamb\u00e9 (\u00e0 gauche) et le pr\u00e9sident du Mouvement national r\u00e9publicain (MNR) Bruno M\u00e9gret (\u00e0 droite), qui cr\u00e9era un schisme au sein de l\u2019extr\u00eame droite fran\u00e7aise et, par ricochet, \u00e0 Toulon. <strong>Photo doc. Andr\u00e9 Dupeyroux.<\/strong> <\/p>\n<p>\u00ab\u00a0La premi\u00e8re mesure prise par la municipalit\u00e9 Front national fut de supprimer les places de parking pour les \u00e9lus devant la mairie et de les remplacer par des pots de fleurs\u00a0\u00bb, se souvient l\u2019ancien journaliste de Var-matin Jean-Pierre Bonicco. Une d\u00e9cision symbolique, comme le sera celle, plus tard, de doubler les effectifs de la police municipale ou de cr\u00e9er une brigade d\u2019agents \u00e0 cheval au Mourillon.<\/p>\n<p>Pour le reste, les Toulonnais attendront longtemps les changements promis. Jean-Marie Le Chevallier est vite surnomm\u00e9 \u00ab\u00a0docteur \u00e8s nid-de-poule\u00a0\u00bb par ses adversaires, qui moquent son inaction. Pire: l\u2019\u00e9dile avait jur\u00e9 de rendre les imp\u00f4ts \u00ab\u00a0plus l\u00e9gers\u00a0\u00bb? Ceux-ci seront augment\u00e9s d\u00e8s le premier budget vot\u00e9. (1)<\/p>\n<p>Coup de rabot pour les assos<\/p>\n<p>Hors la loi, la \u00ab\u00a0pr\u00e9f\u00e9rence nationale\u00a0\u00bb ne restera qu\u2019un affichage de son programme \u00e9lectoral. Si l\u2019\u00e9lu se fait remarquer, finalement, c\u2019est surtout pour ses d\u00e9rapages \u00e0 la sauce FN \u2013 \u00ab\u00a0Quand on voit les photos parues dans Var-matin, on se demande si on est \u00e0 Toulon ou en Alg\u00e9rie\u00a0\u00bb, rit-il au sujet du quartier de Sainte-Musse. Il encha\u00eene \u00e9galement les prises de position id\u00e9ologiques, pour le moins clivantes, dans le domaine de la culture ou du monde associatif.<\/p>\n<p>Les aides aux structures de lutte contre l\u2019exclusion sont rabot\u00e9es. Le relais socioculturel Peiresc ou le centre communal d\u2019action sociale voient leur budget amput\u00e9. Tremplin, qui d\u00e9fend l\u2019insertion par le travail, doit d\u00e9poser le bilan. Et tandis que la Soci\u00e9t\u00e9 des amis des chats se voit cr\u00e9dit\u00e9e de 40.000 francs, le Secours populaire en obtient cinq fois moins. Les associations d\u2019anciens combattants ou de pieds-noirs sont bien mieux loties.<\/p>\n<p>Quant \u00e0 la redynamisation pr\u00e9vue de l\u2019\u00e9conomie locale, elle reste au point mort. La capitale du Var est mise sous l\u2019\u00e9teignoir. Toulon n\u2019a plus de relais \u00e0 la t\u00eate de l\u2019\u00c9tat, qui r\u00eave de voir l\u2019autoproclam\u00e9 \u00ab\u00a0laboratoire du FN\u00a0\u00bb se planter. Pareil pour les autres collectivit\u00e9s locales, adversaires politiques, qui ferment le robinet d\u2019argent public.<\/p>\n<p>\u00ab\u00a0On n\u2019a pas inaugur\u00e9 grand-chose\u00a0\u00bb, conc\u00e8de aujourd\u2019hui Didier Gestat de Garamb\u00e9, ancien adjoint au maire. \u00ab\u00a0Mais apr\u00e8s Trucy, la ville \u00e9tait au bord de la faillite et on s\u2019est surtout attel\u00e9 \u00e0 la redresser.\u00a0\u00bb Dat\u00e9 de 2005, un rapport de la chambre r\u00e9gionale des comptes sur la p\u00e9riode admet \u00ab\u00a0une r\u00e9duction de l\u2019endettement\u00a0\u00bb pendant le mandat de Jean-Marie Le Chevallier, qui sera accentu\u00e9e par la suite avec l\u2019arriv\u00e9e d\u2019Hubert Falco aux manettes.<\/p>\n<p>Les marges de man\u0153uvre financi\u00e8res r\u00e9duites, les projets se font rares, m\u00eame si l\u2019\u00e9dile affiche ses \u00ab\u00a0douze travaux d\u2019Hercule\u00a0\u00bb en 4&#215;3. \u00ab\u00a0Le b\u00e2timent en bas du cours Louis-Blanc, le groupe scolaire Saint-Louis, la porte des Oliviers, la m\u00e9diath\u00e8que du Pont-du-Las ou le mus\u00e9e des Arts asiatiques ont \u00e9t\u00e9 r\u00e9alis\u00e9s pendant cette mandature\u00a0\u00bb, tient \u00e0 rappeler Amaury Navarranne, actuel \u00e9lu du Rassemblement national. \u00ab\u00a0Et le Palais Libert\u00e9, certes inaugur\u00e9 par Hubert Falco, avait \u00e9t\u00e9 lanc\u00e9 sous Le Chevallier.\u00a0\u00bb L\u2019op\u00e9ration tramway, \u00ab\u00a0r\u00e9anim\u00e9e par le FN\u00a0\u00bb, aurait d\u00fb conna\u00eetre le m\u00eame sort, regrette encore Didier Gestat de Garamb\u00e9, qui portait le dossier.<\/p>\n<p>\u00ab\u00a0Facholand\u00a0\u00bb dans les livres<\/p>\n<p>Si l\u2019action de la mairie ne bouleverse pas le quotidien des Toulonnais, la p\u00e9riode n\u2019en est pas moins difficile \u00e0 vivre pour eux. \u00ab\u00a0Quand tu prenais un taxi \u00e0 Paris, il fallait \u00e9viter de dire d\u2019o\u00f9 tu venais\u00a0\u00bb, r\u00e9sume l\u2019homme d\u2019affaires Mourad Boudjellal. \u00ab\u00a0Toulon, c\u2019\u00e9tait Facholand\u00a0\u00bb. Avec cette \u00e9tiquette poisseuse, les moindres faits et gestes de la municipalit\u00e9 frontiste seront \u00e9pi\u00e9s et, bien souvent, d\u00e9nonc\u00e9s.<\/p>\n<p>\u00ab\u00a0Si Jean-Marie Le Chevallier avait un ongle incarn\u00e9, Le Monde me commandait deux feuillets\u00a0\u00bb, image le journaliste Jos\u00e9 Lenzini, qui \u00e9voque une \u00ab\u00a0p\u00e9riode b\u00e9nie\u00a0\u00bb pour sa corporation. Les \u00e9crivains en herbe, avec une dizaine de livres consacr\u00e9s \u00e0 la capitale du Var, ne manquent pas non plus d\u2019inspiration. Quitte \u00e0 exag\u00e9rer? C\u2019est l\u2019avis du maire, qui se moque de ses contempteurs: \u00ab\u00a0Vous avez vu, il y a toujours de l\u2019eau dans le port!\u00a0\u00bb L\u2019homme de gauche G\u00e9rard Estragon estime, lui, que la municipalit\u00e9 Front national n\u2019avait pas vol\u00e9 cette exposition m\u00e9diatique. \u00ab\u00a0C\u2019\u00e9tait une \u00e9quipe de bras cass\u00e9s, avec un discours poujadiste. Ils \u00e9taient nuls, c\u2019est tout\u2026\u00a0\u00bb<\/p>\n<p>            Les divisions internes \u00e9clatent en fin de mandat<\/p>\n<p>Dominique Michel soupire. L\u2019ancien adjoint au maire FN, pass\u00e9 au Mouvement national r\u00e9publicain (MNR) de Bruno M\u00e9gret en 1999, a v\u00e9cu de pr\u00e8s les divisions de la majorit\u00e9 municipale qui ont perturb\u00e9 la fin du mandat de Jean-Marie Le Chevallier. \u00ab\u00a0Les m\u00e9gr\u00e9tistes \u00e9taient devenus des tra\u00eetres pour les lep\u00e9nistes. Avec du recul, je me dis qu\u2019on aurait pu faire autrement. Nous \u00e9tions loin de l\u2019image qu\u2019on aurait aim\u00e9 donner de nous\u00a0\u00bb<\/p>\n<p>\u00c0 l\u2019\u00e9poque, le maire lui-m\u00eame finira par quitter le Front national, lass\u00e9 de prendre ses ordres \u00e0 Saint-Cloud, et de \u00ab\u00a0jouer au mikado avec des b\u00e2tons de dynamite\u00a0\u00bb (1). Accus\u00e9 de n\u00e9potisme par une partie de ses troupes, sa femme Cendrine cristallisant les ranc\u0153urs, Jean-Marie Le Chevallier voit sa majorit\u00e9 \u00e9clater en cinq groupes: les loyalistes, les frontistes convaincus, les m\u00e9gr\u00e9tistes, la \u00ab\u00a0droite r\u00e9publicaine\u00a0\u00bb et les ind\u00e9pendants. D\u00e8s lors, les conseils municipaux, o\u00f9 le retrait de d\u00e9l\u00e9gations est le nouveau sport \u00e0 la mode, deviennent particuli\u00e8rement houleux.<\/p>\n<p>Salan fait l\u2019unanimit\u00e9<\/p>\n<p>\u00ab\u00a0Une seule d\u00e9cision leur aura permis de retrouver la belle harmonie d\u2019antan: celle de donner, le 21 d\u00e9cembre 2000, \u00e0 un carrefour de la haute ville le nom du g\u00e9n\u00e9ral Salan (qui fut chef de l\u2019OAS, Ndlr)\u00a0\u00bb \u00e9crit Jos\u00e9 Lenzini dans le quotidien Le Monde. Et en avril 2000, \u00ab\u00a0c\u2019est au prix de petits renoncements et de contorsions douloureuses que le maire a r\u00e9ussi \u00e0 faire passer in extremis le budget, accusant un d\u00e9s\u00e9quilibre de 13 millions de francs (1,98 million d\u2019euros)\u00a0\u00bb.<\/p>\n<p>C\u2019est le moment que choisit Jean-Marie Le Chevallier pour se lancer dans la campagne des municipales de 2001, \u00e0 la t\u00eate du groupe \u00ab\u00a0Toulonnais d\u2019abord\u00a0\u00bb. Mais ce dernier n\u2019est gu\u00e8re optimiste, il confie au quotidien du soir: \u00ab\u00a0Le FN fonctionne comme une secte. D\u00e8s qu\u2019on en est sorti, ceux qui y restent vous tirent dessus.\u00a0\u00bb De fait, le scrutin sera une claque pour l\u2019extr\u00eame droite, divis\u00e9e comme jamais. La liste de l\u2019ancien pr\u00e9fet Jean-Charles Marchiani, proche des id\u00e9es lep\u00e9nistes, r\u00e9cup\u00e8re 14 % des voix. L\u2019ex-premier magistrat est cr\u00e9dit\u00e9 de 7,8 %, tandis que seuls 5,5% des Toulonnais votent \u00e0 nouveau Front national (Jean-Louis Bouguereau) et 2% donnent leur bulletin \u00e0 Dominique Michel. Les quarante et un \u00e9lus de 1995 quittent d\u00e9finitivement l\u2019h\u00f4tel de ville.<\/p>\n<p>1. Dans Le Front national aux affaires, de Michel Samson, chez Calmann-L\u00e9vy (1997).<\/p>\n","protected":false},"excerpt":{"rendered":"L\u2019\u00e9lu municipal Didier Gestat de Garamb\u00e9 (\u00e0 gauche) et le pr\u00e9sident du Mouvement national r\u00e9publicain (MNR) Bruno M\u00e9gret&hellip;\n","protected":false},"author":2,"featured_media":189215,"comment_status":"","ping_status":"","sticky":false,"template":"","format":"standard","meta":{"footnotes":""},"categories":[9619],"tags":[1111,11,1777,674,1011,27,12,316,882,25,2310,3366],"class_list":{"0":"post-189214","1":"post","2":"type-post","3":"status-publish","4":"format-standard","5":"has-post-thumbnail","7":"category-toulon","8":"tag-actu","9":"tag-actualites","10":"tag-eu","11":"tag-europe","12":"tag-fr","13":"tag-france","14":"tag-news","15":"tag-politique","16":"tag-provence-alpes-cote-dazur","17":"tag-republique-francaise","18":"tag-toulon","19":"tag-vie-locale"},"share_on_mastodon":{"url":"https:\/\/pubeurope.com\/@fr\/114711818624373940","error":""},"_links":{"self":[{"href":"https:\/\/www.europesays.com\/fr\/wp-json\/wp\/v2\/posts\/189214","targetHints":{"allow":["GET"]}}],"collection":[{"href":"https:\/\/www.europesays.com\/fr\/wp-json\/wp\/v2\/posts"}],"about":[{"href":"https:\/\/www.europesays.com\/fr\/wp-json\/wp\/v2\/types\/post"}],"author":[{"embeddable":true,"href":"https:\/\/www.europesays.com\/fr\/wp-json\/wp\/v2\/users\/2"}],"replies":[{"embeddable":true,"href":"https:\/\/www.europesays.com\/fr\/wp-json\/wp\/v2\/comments?post=189214"}],"version-history":[{"count":0,"href":"https:\/\/www.europesays.com\/fr\/wp-json\/wp\/v2\/posts\/189214\/revisions"}],"wp:featuredmedia":[{"embeddable":true,"href":"https:\/\/www.europesays.com\/fr\/wp-json\/wp\/v2\/media\/189215"}],"wp:attachment":[{"href":"https:\/\/www.europesays.com\/fr\/wp-json\/wp\/v2\/media?parent=189214"}],"wp:term":[{"taxonomy":"category","embeddable":true,"href":"https:\/\/www.europesays.com\/fr\/wp-json\/wp\/v2\/categories?post=189214"},{"taxonomy":"post_tag","embeddable":true,"href":"https:\/\/www.europesays.com\/fr\/wp-json\/wp\/v2\/tags?post=189214"}],"curies":[{"name":"wp","href":"https:\/\/api.w.org\/{rel}","templated":true}]}}