{"id":18922,"date":"2025-04-12T03:09:11","date_gmt":"2025-04-12T03:09:11","guid":{"rendered":"https:\/\/www.europesays.com\/fr\/18922\/"},"modified":"2025-04-12T03:09:11","modified_gmt":"2025-04-12T03:09:11","slug":"noah-dettwiler-va-enfin-debuter-la-saison-de-moto3-rts-ch","status":"publish","type":"post","link":"https:\/\/www.europesays.com\/fr\/18922\/","title":{"rendered":"Noah Dettwiler va enfin d\u00e9buter la saison de Moto3 &#8211; rts.ch"},"content":{"rendered":"\n<p>Noah Dettwiler pourra enfin faire ses d\u00e9buts dans la saison ce week-end au Qatar. Le B\u00e2lois de 19 ans est pr\u00eat pour la course dans la cat\u00e9gorie Moto3 apr\u00e8s sa pause forc\u00e9e.<\/p>\n<p>Il y a pr\u00e8s de deux mois, Dettwiler avait subi une fracture du poignet gauche et une blessure au coude droit lors d&rsquo;une violente chute pendant les essais \u00e0 Jerez en Andalousie. Ces blessures ont n\u00e9cessit\u00e9 une op\u00e9ration et l&rsquo;ont contraint \u00e0 renoncer \u00e0 prendre le d\u00e9part des trois premiers Grands Prix.<\/p>\n<p class=\"sources\">ats\/fg<\/p>\n<p>   Publi\u00e9 jeudi \u00e0 11:41   Modifi\u00e9 hier \u00e0 07:13  <\/p>\n","protected":false},"excerpt":{"rendered":"Noah Dettwiler pourra enfin faire ses d\u00e9buts dans la saison ce week-end au Qatar. Le B\u00e2lois de 19&hellip;\n","protected":false},"author":2,"featured_media":18923,"comment_status":"","ping_status":"","sticky":false,"template":"","format":"standard","meta":{"footnotes":""},"categories":[1413],"tags":[7447,1431,1011,27,7448,1457,7449,1456,5831,7450,1463,517,60,7451],"class_list":{"0":"post-18922","1":"post","2":"type-post","3":"status-publish","4":"format-standard","5":"has-post-thumbnail","7":"category-moto","8":"tag-bale","9":"tag-blessure","10":"tag-fr","11":"tag-france","12":"tag-jerez","13":"tag-moto","14":"tag-moto3","15":"tag-motocycle","16":"tag-motocyclette","17":"tag-noah-dettwiler","18":"tag-qatar","19":"tag-sport","20":"tag-sports","21":"tag-tentative"},"share_on_mastodon":{"url":"https:\/\/pubeurope.com\/@fr\/114322798572689503","error":""},"_links":{"self":[{"href":"https:\/\/www.europesays.com\/fr\/wp-json\/wp\/v2\/posts\/18922","targetHints":{"allow":["GET"]}}],"collection":[{"href":"https:\/\/www.europesays.com\/fr\/wp-json\/wp\/v2\/posts"}],"about":[{"href":"https:\/\/www.europesays.com\/fr\/wp-json\/wp\/v2\/types\/post"}],"author":[{"embeddable":true,"href":"https:\/\/www.europesays.com\/fr\/wp-json\/wp\/v2\/users\/2"}],"replies":[{"embeddable":true,"href":"https:\/\/www.europesays.com\/fr\/wp-json\/wp\/v2\/comments?post=18922"}],"version-history":[{"count":0,"href":"https:\/\/www.europesays.com\/fr\/wp-json\/wp\/v2\/posts\/18922\/revisions"}],"wp:featuredmedia":[{"embeddable":true,"href":"https:\/\/www.europesays.com\/fr\/wp-json\/wp\/v2\/media\/18923"}],"wp:attachment":[{"href":"https:\/\/www.europesays.com\/fr\/wp-json\/wp\/v2\/media?parent=18922"}],"wp:term":[{"taxonomy":"category","embeddable":true,"href":"https:\/\/www.europesays.com\/fr\/wp-json\/wp\/v2\/categories?post=18922"},{"taxonomy":"post_tag","embeddable":true,"href":"https:\/\/www.europesays.com\/fr\/wp-json\/wp\/v2\/tags?post=18922"}],"curies":[{"name":"wp","href":"https:\/\/api.w.org\/{rel}","templated":true}]}}