{"id":189222,"date":"2025-06-19T20:06:11","date_gmt":"2025-06-19T20:06:11","guid":{"rendered":"https:\/\/www.europesays.com\/fr\/189222\/"},"modified":"2025-06-19T20:06:11","modified_gmt":"2025-06-19T20:06:11","slug":"metropole-de-grenoble-non-la-zfe-ne-va-pas-sarreter-de-sitot-explications-le-dauphine-libere","status":"publish","type":"post","link":"https:\/\/www.europesays.com\/fr\/189222\/","title":{"rendered":"M\u00e9tropole de Grenoble. Non, la ZFE ne va pas s\u2019arr\u00eater de sit\u00f4t ! Explications &#8211; Le Dauphin\u00e9 Lib\u00e9r\u00e9"},"content":{"rendered":"<ol>\n<li><a href=\"https:\/\/news.google.com\/rss\/articles\/CBMilgFBVV95cUxQdGZJTlhWcHV2V2VOQmd2M0RNcW9XdFM3ZGhwLXcybGVRUVJENWxuTWVtUHE2VDVEMERMRWt2Q2lQX2lldzlaZ2pKZ213eFFUREQxYW8ycW5VdVRvZkdBOWNZNjFJUk1mU1V3VEd4MzFoU2V2VzhtWnh6WG90VS1VZjFBNXZkejM2WktjTU5EQ05vQ2JxNUE?oc=5\" target=\"_blank\" rel=\"nofollow noopener\">M\u00e9tropole de Grenoble. Non, la ZFE ne va pas s\u2019arr\u00eater de sit\u00f4t ! Explications<\/a>&nbsp;&nbsp;Le Dauphin\u00e9 Lib\u00e9r\u00e9<\/li>\n<li><a href=\"https:\/\/news.google.com\/rss\/articles\/CBMi0gFBVV95cUxQY1Q2X2prUXMxLVJqaDVYb2RaZnRUM2RjOHNLMFVHcUJNcU9nOVg0UkdxMGJ5ZGJHTjM5a0lkRktWYkZrV2VhaFpwUTRjWGh5TE5KVWxlRjZlRTlQRHBQUllmNkR0WVI0VDlSbk83al9STGUtZFdUUy1ybW1RWEEzeEVwNVJ4b3ZYbEVZcldBcWxBWlpNRDFEUmtRMXNvSE5DRFl6cnR3b1VDbzV3MXcwQkpEcXd3VmlwVFRBZ051RmpQYWdhUmNXNGdNT1VsRWtLZlE?oc=5\" target=\"_blank\" rel=\"nofollow noopener\">S\u00e9v\u00e8res sur le bilan \u00e9cologique d\u2019Emmanuel Macron, les Fran\u00e7ais saluent la suppression des ZFE<\/a>&nbsp;&nbsp;Le Figaro<\/li>\n<li><a href=\"https:\/\/news.google.com\/rss\/articles\/CBMi3gFBVV95cUxPaUNrT0JMN0FMQmxqVFAzc21NdjNUenFxSTU4bnlTNzJZaHhsLXZ2d2t0RGFFRGo0UTVRUVd5dEVZU3NyZS1SU3ZZT0V6dkIzUnlnMS0zRURLZUF3ZXVGTXdXdFI0Nk51bzhOUVRtRTNFeDgwU3BhNnlTZ2dEalZ6U0VKTWRKUDM5UjJ4eXppb3hOam5kaFlvNWxqQmVyYWhlNkJOdzRCcFE4cHN6LXlSbVpaUTFIUnlHSnBoR2ZLeHRaUFBqanRBdEk0VWRHR1I1ZjdhSEhsbTF5UllVMXc?oc=5\" target=\"_blank\" rel=\"nofollow noopener\">L\u2019adoption surprise de la loi de \u00ab simplification \u00bb par l\u2019Assembl\u00e9e nationale<\/a>&nbsp;&nbsp;Le Monde.fr<\/li>\n<li><a href=\"https:\/\/news.google.com\/rss\/articles\/CBMitwFBVV95cUxOV3M4WEFMc01MblBnTUtQV0ZGSDBwdGhUZlNCLTV6bkkwemFqX2RnQ245X0N3eUpuaUV0a3hlWmZFUUJJVGFoOTVzUGFHeFpjeVhxVklYdndDbk0yb2NMeDBMM1cwa09mY0dmazdBNHRvRDBpVVllNFVScmlnX1gzQmhFWTdrUXd1ZHNfX1I2bGcteDR5U1h2N051dHNzUUFiQWVwcG83MFNwZ2pmY1FTVDlURlY2ODg?oc=5\" target=\"_blank\" rel=\"nofollow noopener\">Circulation : Fin du suspense, l\u2019Assembl\u00e9e vote la suppression d\u00e9finitive des ZFE<\/a>&nbsp;&nbsp;20 Minutes<\/li>\n<\/ol>\n","protected":false},"excerpt":{"rendered":"M\u00e9tropole de Grenoble. Non, la ZFE ne va pas s\u2019arr\u00eater de sit\u00f4t ! Explications&nbsp;&nbsp;Le Dauphin\u00e9 Lib\u00e9r\u00e9 S\u00e9v\u00e8res sur&hellip;\n","protected":false},"author":2,"featured_media":189223,"comment_status":"","ping_status":"","sticky":false,"template":"","format":"standard","meta":{"footnotes":""},"categories":[9587],"tags":[1111,11,3542,112,436,1777,674,107,1011,27,329,2731,2732,108,12,5161,1800,25,9590,2803],"class_list":{"0":"post-189222","1":"post","2":"type-post","3":"status-publish","4":"format-standard","5":"has-post-thumbnail","7":"category-rouen","8":"tag-actu","9":"tag-actualites","10":"tag-circulation","11":"tag-edition-grenoble-agglomeration","12":"tag-environnement","13":"tag-eu","14":"tag-europe","15":"tag-fil-info","16":"tag-fr","17":"tag-france","18":"tag-france-monde","19":"tag-grenoble","20":"tag-grenoble-bassin","21":"tag-isere","22":"tag-news","23":"tag-normandie","24":"tag-pollution","25":"tag-republique-francaise","26":"tag-rouen","27":"tag-transport"},"share_on_mastodon":{"url":"https:\/\/pubeurope.com\/@fr\/114711834336371342","error":""},"_links":{"self":[{"href":"https:\/\/www.europesays.com\/fr\/wp-json\/wp\/v2\/posts\/189222","targetHints":{"allow":["GET"]}}],"collection":[{"href":"https:\/\/www.europesays.com\/fr\/wp-json\/wp\/v2\/posts"}],"about":[{"href":"https:\/\/www.europesays.com\/fr\/wp-json\/wp\/v2\/types\/post"}],"author":[{"embeddable":true,"href":"https:\/\/www.europesays.com\/fr\/wp-json\/wp\/v2\/users\/2"}],"replies":[{"embeddable":true,"href":"https:\/\/www.europesays.com\/fr\/wp-json\/wp\/v2\/comments?post=189222"}],"version-history":[{"count":0,"href":"https:\/\/www.europesays.com\/fr\/wp-json\/wp\/v2\/posts\/189222\/revisions"}],"wp:featuredmedia":[{"embeddable":true,"href":"https:\/\/www.europesays.com\/fr\/wp-json\/wp\/v2\/media\/189223"}],"wp:attachment":[{"href":"https:\/\/www.europesays.com\/fr\/wp-json\/wp\/v2\/media?parent=189222"}],"wp:term":[{"taxonomy":"category","embeddable":true,"href":"https:\/\/www.europesays.com\/fr\/wp-json\/wp\/v2\/categories?post=189222"},{"taxonomy":"post_tag","embeddable":true,"href":"https:\/\/www.europesays.com\/fr\/wp-json\/wp\/v2\/tags?post=189222"}],"curies":[{"name":"wp","href":"https:\/\/api.w.org\/{rel}","templated":true}]}}