{"id":189240,"date":"2025-06-19T20:17:13","date_gmt":"2025-06-19T20:17:13","guid":{"rendered":"https:\/\/www.europesays.com\/fr\/189240\/"},"modified":"2025-06-19T20:17:13","modified_gmt":"2025-06-19T20:17:13","slug":"aides-de-la-region-a-la-culture-entre-la-droite-et-la-gauche-cest-pas-du-mozart-a-nantes","status":"publish","type":"post","link":"https:\/\/www.europesays.com\/fr\/189240\/","title":{"rendered":"Aides de la R\u00e9gion \u00e0 la culture\u00a0: entre la droite et la gauche, c\u2019est pas du Mozart \u00e0 Nantes"},"content":{"rendered":"<p>Julien Bainvel, conseiller r\u00e9gional et candidat (LR) aux municipales de Nantes, s\u2019est \u00e9mu, mercredi soir, devant la place Royale noire de monde lors de la retransmission de l\u2019op\u00e9ra de Mozart La Fl\u00fbte enchant\u00e9e sur grand \u00e9cran.\u00a0Un moment suspendu, au milieu de<strong> \u00ab\u00a0Nantais conquis\u00a0\u00bb,<\/strong> qu\u2019il a relay\u00e9 sur les r\u00e9seaux sociaux\u00a0en parlant de <strong>\u00ab\u00a0magnifique \u00e9v\u00e9nement culturel soutenu par la R\u00e9gion des Pays de la Loire\u00a0\u00bb.<\/strong><\/p>\n<p>\u00ab\u00a0Pr\u00e8s de 350\u00a0000\u00a0\u20ac supprim\u00e9s\u00a0\u00bb<\/p>\n<p>Des propos qui n\u2019ont pas fait vibrer Aymeric Seassau (PC), adjoint \u00e0 la Culture. Qui ne manque jamais une occasion de rappeler le coup de sabre port\u00e9 par la R\u00e9gion dans ses aides \u00e0 la culture. <strong>\u00ab\u00a0La R\u00e9gion s\u2019est compl\u00e8tement d\u00e9sengag\u00e9e du fonctionnement de notre maison d\u2019op\u00e9ra\u00a0: pr\u00e8s de 350\u00a0000\u00a0\u20ac supprim\u00e9s dont les (modiques) 17\u00a0000\u00a0fl\u00e9ch\u00e9s sur Op\u00e9ra sur \u00e9cran. [\u2026] Quelle honte\u00a0\u00bb,<\/strong> a-t-il r\u00e9pliqu\u00e9 sur le r\u00e9seau social. Une r\u00e9action sans r\u00e9ponse de Julien Bainvel. M\u00eame Mozart n\u2019adoucit pas la politique\u2026<\/p>\n<p>\u00a0<\/p>\n","protected":false},"excerpt":{"rendered":"Julien Bainvel, conseiller r\u00e9gional et candidat (LR) aux municipales de Nantes, s\u2019est \u00e9mu, mercredi soir, devant la place&hellip;\n","protected":false},"author":2,"featured_media":189241,"comment_status":"","ping_status":"","sticky":false,"template":"","format":"standard","meta":{"footnotes":""},"categories":[2818],"tags":[1111,11,1008,251,6592,1777,674,1011,27,2383,32708,766,12,2636,16,25],"class_list":{"0":"post-189240","1":"post","2":"type-post","3":"status-publish","4":"format-standard","5":"has-post-thumbnail","7":"category-nantes","8":"tag-actu","9":"tag-actualites","10":"tag-aides","11":"tag-culture","12":"tag-droite","13":"tag-eu","14":"tag-europe","15":"tag-fr","16":"tag-france","17":"tag-gauche","18":"tag-mozart","19":"tag-nantes","20":"tag-news","21":"tag-pays-de-la-loire","22":"tag-region","23":"tag-republique-francaise"},"share_on_mastodon":{"url":"https:\/\/pubeurope.com\/@fr\/114711877638582965","error":""},"_links":{"self":[{"href":"https:\/\/www.europesays.com\/fr\/wp-json\/wp\/v2\/posts\/189240","targetHints":{"allow":["GET"]}}],"collection":[{"href":"https:\/\/www.europesays.com\/fr\/wp-json\/wp\/v2\/posts"}],"about":[{"href":"https:\/\/www.europesays.com\/fr\/wp-json\/wp\/v2\/types\/post"}],"author":[{"embeddable":true,"href":"https:\/\/www.europesays.com\/fr\/wp-json\/wp\/v2\/users\/2"}],"replies":[{"embeddable":true,"href":"https:\/\/www.europesays.com\/fr\/wp-json\/wp\/v2\/comments?post=189240"}],"version-history":[{"count":0,"href":"https:\/\/www.europesays.com\/fr\/wp-json\/wp\/v2\/posts\/189240\/revisions"}],"wp:featuredmedia":[{"embeddable":true,"href":"https:\/\/www.europesays.com\/fr\/wp-json\/wp\/v2\/media\/189241"}],"wp:attachment":[{"href":"https:\/\/www.europesays.com\/fr\/wp-json\/wp\/v2\/media?parent=189240"}],"wp:term":[{"taxonomy":"category","embeddable":true,"href":"https:\/\/www.europesays.com\/fr\/wp-json\/wp\/v2\/categories?post=189240"},{"taxonomy":"post_tag","embeddable":true,"href":"https:\/\/www.europesays.com\/fr\/wp-json\/wp\/v2\/tags?post=189240"}],"curies":[{"name":"wp","href":"https:\/\/api.w.org\/{rel}","templated":true}]}}