{"id":189254,"date":"2025-06-19T20:24:30","date_gmt":"2025-06-19T20:24:30","guid":{"rendered":"https:\/\/www.europesays.com\/fr\/189254\/"},"modified":"2025-06-19T20:24:30","modified_gmt":"2025-06-19T20:24:30","slug":"le-fabricant-de-batteries-exide-technologies-ferme-son-site-de-lille","status":"publish","type":"post","link":"https:\/\/www.europesays.com\/fr\/189254\/","title":{"rendered":"Le fabricant de batteries Exide Technologies ferme son site de Lille"},"content":{"rendered":"<p>&#13;<br \/>\n\tExit Exide Technologies. Le 18 juin, le sp\u00e9cialiste des batteries au plomb a confirm\u00e9 son intention de fermer son site de Lille (Nord). Le plan social annonc\u00e9 devrait concerner l\u2019int\u00e9gralit\u00e9 des 211 emplois directs du site.<\/p>\n<p>&#13;<br \/>\n\t\u00abUne fermeture doublement regrettable\u00bb<\/p>\n<p>&#13;<br \/>\n\tSi la nouvelle ne surprend pas enti\u00e8rement, elle n\u2019en reste pas moins un choc pour les salari\u00e9s. L\u2019usine, implant\u00e9e depuis 1921, fait depuis plusieurs ann\u00e9es l\u2019objet d\u2019accusations de pollution au plomb, notamment dans les sols du quartier Lille-Sud. En 2024, <a href=\"https:\/\/www.usinenouvelle.com\/article\/presence-de-plomb-autour-de-l-usine-lilloise-d-exide-technologies-les-riverains-s-inquietent-les-salaries-minimisent.N2218618\" target=\"_blank\" rel=\"noopener\">des analyses<\/a> men\u00e9es par une association de riverains et des \u00e9lus \u00e9cologistes du groupe Lille Verte r\u00e9v\u00e9laient une contamination importante : pr\u00e8s de 30 des 74 \u00e9chantillons pr\u00e9lev\u00e9s d\u00e9passaient le seuil de 300 mg\/kg fix\u00e9 par le Haut conseil de la sant\u00e9 publique, et 17 d\u2019entre eux exc\u00e9daient m\u00eame les 1 000 mg\/kg, seuil d\u00e9clenchant une obligation de d\u00e9pollution dans la zone couverte par la Servitude d\u2019utilit\u00e9 publique (SUP).<\/p>\n<p>&#13;<br \/>\n\tCes r\u00e9v\u00e9lations ont \u00e9t\u00e9 mal v\u00e9cues en interne, certains salari\u00e9s percevant leur m\u00e9diatisation comme une menace pour l\u2019image de l\u2019entreprise dans un secteur tr\u00e8s concurrentiel, alors que la pollution est li\u00e9e \u00e0 des activit\u00e9s anciennes du site.<\/p>\n<p>&#13;<br \/>\n\tEn parall\u00e8le, l\u2019usine subissait un lent d\u00e9clin industriel. De 10600 tonnes de plomb trait\u00e9es en 2000, la production \u00e9tait tomb\u00e9e \u00e0 4600 tonnes en 2024. \u00abC\u2019est doublement regrettable, pour les salari\u00e9s qui perdent leur emploi comme pour les riverains qui devront s\u2019occuper de la pollution\u00bb, d\u00e9plore Fr\u00e9d\u00e9ric Louchart, conseiller municipal \u00e9cologiste. Il d\u00e9nonce aussi la responsabilit\u00e9 des autorit\u00e9s dans le p\u00e9rim\u00e8tre \u00abtrop restreint\u00bb de la SUP, qui laisse selon lui de nombreuses parcelles contamin\u00e9es sans prise en charge. Contact\u00e9es, la DREAL et la pr\u00e9fecture n\u2019ont pas r\u00e9pondu \u00e0 ce jour.<\/p>\n<p>&#13;<br \/>\n\tUne d\u00e9cision \u00ab strat\u00e9gique \u00bb selon Exide, brutale selon les syndicats<\/p>\n<p>&#13;<br \/>\n\tDans son communiqu\u00e9, Exide Technologies justifie la fermeture par une \u00abr\u00e9orientation strat\u00e9gique\u00bb rendue n\u00e9cessaire par \u00abl\u2019attrition du march\u00e9\u00bb et \u00abla surcapacit\u00e9 structurelle\u00bb du secteur des batteries industrielles de traction. Le groupe affirme vouloir mener un dialogue \u00abtransparent et responsable\u00bb avec les parties prenantes, dans le cadre de la proc\u00e9dure d\u2019information-consultation.<\/p>\n<p>&#13;<br \/>\n\tUne annonce qui n\u2019att\u00e9nue en rien la col\u00e8re des syndicats. Selon Rachid Ljabli, d\u00e9l\u00e9gu\u00e9 syndical FO, les repr\u00e9sentants du personnel n\u2019ont m\u00eame pas \u00e9t\u00e9 pr\u00e9sents lors de la r\u00e9union du Comit\u00e9 social et \u00e9conomique central, faute d\u2019avoir re\u00e7u les documents pr\u00e9paratoires dans les d\u00e9lais l\u00e9gaux. \u00abNous avons appris par mail que le site allait fermer. C\u2019\u00e9tait un coup de massue. Les salari\u00e9s sont sonn\u00e9s\u00bb, t\u00e9moigne-t-il.<\/p>\n<p>&#13;<br \/>\n\tLa loi Florange au c\u0153ur des tensions<\/p>\n<p>&#13;<br \/>\n\tLa question de la recherche de repreneur cristallise les crispations. Exide assure \u00abrechercher activement des acteurs industriels\u00bb pour s\u2019implanter sur le site de Lille, et se dit pr\u00eate \u00e0 collaborer avec les autorit\u00e9s locales. Mais du c\u00f4t\u00e9 syndical, le scepticisme domine. \u00abQui voudra d\u2019un site centenaire avec des sols pollu\u00e9s et une responsabilit\u00e9 environnementale aussi lourde ?\u00bb, interroge M. Ljabli, qui \u00e9voque \u00e9galement les pressions urbaines pour lib\u00e9rer un terrain convoit\u00e9 dans un quartier en pleine mutation.<\/p>\n<p>&#13;<br \/>\n\tLes n\u00e9gociations sur le Plan de Sauvegarde de l\u2019Emploi (PSE) d\u00e9buteront fin juin, avec une premi\u00e8re r\u00e9union fix\u00e9e au 30. Les licenciements devraient s\u2019\u00e9chelonner entre janvier 2026 et la fin de l\u2019ann\u00e9e. La direction affirme vouloir proposer des \u00abopportunit\u00e9s de reclassement internes et externes\u00bb et accompagner les salari\u00e9s dans la construction de leur avenir professionnel.<\/p>\n<p>&#13;<br \/>\n\tDe leur c\u00f4t\u00e9, les syndicats se pr\u00e9parent \u00e0 une bataille sur tous les fronts. \u00abOn ne laissera personne sans solution\u00bb, promet Rachid Ljabli, qui d\u00e9nonce un \u00abg\u00e2chis industriel\u00bb et fustige l\u2019incapacit\u00e9 du groupe \u00e0 anticiper les \u00e9volutions du march\u00e9.<\/p>\n<p>&#13;<br \/>\n\tSympt\u00f4me d\u2019un virage technologique rat\u00e9<\/p>\n<p>&#13;<br \/>\n\tPour le d\u00e9l\u00e9gu\u00e9 syndical, la fermeture du site lillois est avant tout le reflet d\u2019une strat\u00e9gie manqu\u00e9e. \u00abExide a rat\u00e9 le virage du lithium, n\u2019a pas investi, a perdu ses march\u00e9s au profit d\u2019acteurs asiatiques plus agiles\u00bb, accuse-t-il. Il pointe aussi l\u2019abandon progressif des pouvoirs publics locaux. \u00c0 Lille, le sentiment d\u2019injustice domine : ni les riverains, ni les salari\u00e9s n&rsquo;en sortent indemnes.<\/p>\n<p>&#13;<br \/>\n\t\u00a0<\/p>\n","protected":false},"excerpt":{"rendered":"&#13; Exit Exide Technologies. Le 18 juin, le sp\u00e9cialiste des batteries au plomb a confirm\u00e9 son intention de&hellip;\n","protected":false},"author":2,"featured_media":189255,"comment_status":"","ping_status":"","sticky":false,"template":"","format":"standard","meta":{"footnotes":""},"categories":[2815],"tags":[1111,11,13668,1777,674,32709,1011,27,811,1307,12,1308,15747,18854,25],"class_list":{"0":"post-189254","1":"post","2":"type-post","3":"status-publish","4":"format-standard","5":"has-post-thumbnail","7":"category-lille","8":"tag-actu","9":"tag-actualites","10":"tag-batteries","11":"tag-eu","12":"tag-europe","13":"tag-fermeture-de-site","14":"tag-fr","15":"tag-france","16":"tag-hauts-de-france","17":"tag-lille","18":"tag-news","19":"tag-nord","20":"tag-plan-social","21":"tag-quotidien-des-usines","22":"tag-republique-francaise"},"share_on_mastodon":{"url":"https:\/\/pubeurope.com\/@fr\/114711905159669518","error":""},"_links":{"self":[{"href":"https:\/\/www.europesays.com\/fr\/wp-json\/wp\/v2\/posts\/189254","targetHints":{"allow":["GET"]}}],"collection":[{"href":"https:\/\/www.europesays.com\/fr\/wp-json\/wp\/v2\/posts"}],"about":[{"href":"https:\/\/www.europesays.com\/fr\/wp-json\/wp\/v2\/types\/post"}],"author":[{"embeddable":true,"href":"https:\/\/www.europesays.com\/fr\/wp-json\/wp\/v2\/users\/2"}],"replies":[{"embeddable":true,"href":"https:\/\/www.europesays.com\/fr\/wp-json\/wp\/v2\/comments?post=189254"}],"version-history":[{"count":0,"href":"https:\/\/www.europesays.com\/fr\/wp-json\/wp\/v2\/posts\/189254\/revisions"}],"wp:featuredmedia":[{"embeddable":true,"href":"https:\/\/www.europesays.com\/fr\/wp-json\/wp\/v2\/media\/189255"}],"wp:attachment":[{"href":"https:\/\/www.europesays.com\/fr\/wp-json\/wp\/v2\/media?parent=189254"}],"wp:term":[{"taxonomy":"category","embeddable":true,"href":"https:\/\/www.europesays.com\/fr\/wp-json\/wp\/v2\/categories?post=189254"},{"taxonomy":"post_tag","embeddable":true,"href":"https:\/\/www.europesays.com\/fr\/wp-json\/wp\/v2\/tags?post=189254"}],"curies":[{"name":"wp","href":"https:\/\/api.w.org\/{rel}","templated":true}]}}