{"id":189256,"date":"2025-06-19T20:25:09","date_gmt":"2025-06-19T20:25:09","guid":{"rendered":"https:\/\/www.europesays.com\/fr\/189256\/"},"modified":"2025-06-19T20:25:09","modified_gmt":"2025-06-19T20:25:09","slug":"la-cathedrale-de-la-major-a-marseille-recoit-les-oeuvres-monumentales-de-lartiste-marcoville","status":"publish","type":"post","link":"https:\/\/www.europesays.com\/fr\/189256\/","title":{"rendered":"La Cath\u00e9drale de La Major \u00e0 Marseille re\u00e7oit les \u0153uvres monumentales de l\u2019artiste Marcoville"},"content":{"rendered":"<p>La patience paye\u00a0: Marcoville, nom de sc\u00e8ne de l\u2019artiste originaire de Boulogne-Billancourt, Marc Coville, devait d\u00e9j\u00e0 proposer cette <a href=\"https:\/\/www.laprovence.com\/article\/culture-loisirs\/47144411726975\/a-marseille-une-exposition-pour-imaginer-ensemble-le-littoral-sud-de-demain\" target=\"_blank\" rel=\"noopener\">exposition<\/a> hors-norme dans la nef de La Major, il y a dix ans. Au final, c\u2019est en octobre\u00a02025 que se d\u00e9roulera Lumi\u00e8res C\u00e9lestes, une installation et des suspensions de sculptures en verre monumentales, dans une Cath\u00e9drale de La Major r\u00e9nov\u00e9e et qui attire plus d\u2019un million de visiteurs par an. La patience est aussi le trait de caract\u00e8re de l\u2019artiste de 86\u00a0ans qui \u0153uvre \u00e0 la main, du matin au soir, pour r\u00e9aliser des dizaines de milliers de pi\u00e8ces en verre, qui, mises en sc\u00e8ne ensemble, forment des cascades magiques suspendues au-dessus des visiteurs. Un travail qui pourrait para\u00eetre fastidieux mais qui, pour lui, prend des allures de passion sans bornes, au sein de son atelier situ\u00e9 en r\u00e9gion parisienne.<\/p>\n<p>De la r\u00e9cup \u00e0 l\u2019art<\/p>\n<p>Marcoville r\u00e9cup\u00e8re des chutes de verre, du verre cass\u00e9, des vitrines, et en fait sa mati\u00e8re premi\u00e8re. Il la transforme depuis quinze ans en petites ou gigantesques sculptures (des arbres, des anges, des poissons, des madones\u2026). Des ann\u00e9es de production pour des r\u00e9sultats impressionnants.<\/p>\n","protected":false},"excerpt":{"rendered":"La patience paye\u00a0: Marcoville, nom de sc\u00e8ne de l\u2019artiste originaire de Boulogne-Billancourt, Marc Coville, devait d\u00e9j\u00e0 proposer cette&hellip;\n","protected":false},"author":2,"featured_media":189257,"comment_status":"","ping_status":"","sticky":false,"template":"","format":"standard","meta":{"footnotes":""},"categories":[2814],"tags":[17,1111,11,13601,251,1777,674,1011,27,32711,151,32710,884,12,882,15397,25,10709],"class_list":{"0":"post-189256","1":"post","2":"type-post","3":"status-publish","4":"format-standard","5":"has-post-thumbnail","7":"category-marseille","8":"tag-17","9":"tag-actu","10":"tag-actualites","11":"tag-cathedrale","12":"tag-culture","13":"tag-eu","14":"tag-europe","15":"tag-fr","16":"tag-france","17":"tag-grandioses","18":"tag-les","19":"tag-major","20":"tag-marseille","21":"tag-news","22":"tag-provence-alpes-cote-dazur","23":"tag-recoit","24":"tag-republique-francaise","25":"tag-sculptures"},"share_on_mastodon":{"url":"https:\/\/pubeurope.com\/@fr\/114711909136353719","error":""},"_links":{"self":[{"href":"https:\/\/www.europesays.com\/fr\/wp-json\/wp\/v2\/posts\/189256","targetHints":{"allow":["GET"]}}],"collection":[{"href":"https:\/\/www.europesays.com\/fr\/wp-json\/wp\/v2\/posts"}],"about":[{"href":"https:\/\/www.europesays.com\/fr\/wp-json\/wp\/v2\/types\/post"}],"author":[{"embeddable":true,"href":"https:\/\/www.europesays.com\/fr\/wp-json\/wp\/v2\/users\/2"}],"replies":[{"embeddable":true,"href":"https:\/\/www.europesays.com\/fr\/wp-json\/wp\/v2\/comments?post=189256"}],"version-history":[{"count":0,"href":"https:\/\/www.europesays.com\/fr\/wp-json\/wp\/v2\/posts\/189256\/revisions"}],"wp:featuredmedia":[{"embeddable":true,"href":"https:\/\/www.europesays.com\/fr\/wp-json\/wp\/v2\/media\/189257"}],"wp:attachment":[{"href":"https:\/\/www.europesays.com\/fr\/wp-json\/wp\/v2\/media?parent=189256"}],"wp:term":[{"taxonomy":"category","embeddable":true,"href":"https:\/\/www.europesays.com\/fr\/wp-json\/wp\/v2\/categories?post=189256"},{"taxonomy":"post_tag","embeddable":true,"href":"https:\/\/www.europesays.com\/fr\/wp-json\/wp\/v2\/tags?post=189256"}],"curies":[{"name":"wp","href":"https:\/\/api.w.org\/{rel}","templated":true}]}}