{"id":18926,"date":"2025-04-12T03:11:12","date_gmt":"2025-04-12T03:11:12","guid":{"rendered":"https:\/\/www.europesays.com\/fr\/18926\/"},"modified":"2025-04-12T03:11:12","modified_gmt":"2025-04-12T03:11:12","slug":"cyclisme-route-blesse-victor-campenaerts-va-manquer-des-prochaines-courses","status":"publish","type":"post","link":"https:\/\/www.europesays.com\/fr\/18926\/","title":{"rendered":"Cyclisme. Route &#8211; Bless\u00e9, Victor Campenaerts va manquer des prochaines courses"},"content":{"rendered":"<p>Mardi, sur la 2e \u00e9tape du <strong><a href=\"https:\/\/www.cyclismactu.net\/..\/news-tour-du-pays-basque-route-parcours-profil-5e-etape-de-itzulia-87290.html\" target=\"_blank\" rel=\"noopener\">Tour du Pays basque<\/a><\/strong>, <strong>Victor Campenaerts<\/strong> a subit une lourde chute, le contraignant \u00e0 ne pas prendre le d\u00e9part le lendemain. Apr\u00e8s plusieurs examens, il s&rsquo;est av\u00e9r\u00e9 que le Belge souffrait d&rsquo;une \u00ab\u00a0l\u00e9g\u00e8re fracture \u00e0 l&rsquo;\u00e9paule\u00a0\u00bb, comme l&rsquo;a expliqu\u00e9 son \u00e9quipe <strong>Visma | Lease a Bike<\/strong>. Une blessure qui le force \u00e0 d\u00e9clarer pour les prochaines semaines de courses, lui qui devait initialement \u00eatre align\u00e9 sur les Classiques Ardennaises. Aucune date de retour n&rsquo;a pour l&rsquo;instant \u00e9t\u00e9 fix\u00e9e.<\/p>\n<p>Vid\u00e9o &#8211; Victor Campenaerts, vainqueur d&rsquo;\u00e9tape sur le Tour de France Lire la suite de l&rsquo;article&#13;<\/p>\n<p>\u00a0<\/p>\n<p>&#13;<br \/>\n\u00ab\u00a0Je n\u2019ai pas le droit de m\u2019entra\u00eener en ext\u00e9rieur&#8230;\u00a0\u00bb&#13;<\/p>\n<p>\u00ab\u00a0Malheureusement, je ne pourrai pas disputer les classiques que j&rsquo;avais pr\u00e9vues\u00a0\u00bb, a d\u00e9clar\u00e9 <strong>Victor Campenaerts<\/strong>. \u00ab\u00a0Les prochaines semaines seront consacr\u00e9es \u00e0 la r\u00e9cup\u00e9ration. Suivant les conseils du m\u00e9decin, je n\u2019ai pas le droit de m\u2019entra\u00eener en ext\u00e9rieur pour le moment. Mon entra\u00eenement sera donc limit\u00e9 \u00e0 des s\u00e9ances en int\u00e9rieur. Je tiens \u00e0 remercier le staff m\u00e9dical de l\u2019\u00e9quipe ainsi que le personnel soignant de l\u2019AZ Maria Middelares \u00e0 Gand pour leurs excellents soins.\u00a0\u00bb<\/p>\n","protected":false},"excerpt":{"rendered":"Mardi, sur la 2e \u00e9tape du Tour du Pays basque, Victor Campenaerts a subit une lourde chute, le&hellip;\n","protected":false},"author":2,"featured_media":18927,"comment_status":"","ping_status":"","sticky":false,"template":"","format":"standard","meta":{"footnotes":""},"categories":[1411],"tags":[1154,207,211,1011,27,209,60,210,212,208,213],"class_list":{"0":"post-18926","1":"post","2":"type-post","3":"status-publish","4":"format-standard","5":"has-post-thumbnail","7":"category-cyclisme","8":"tag-cycling","9":"tag-cyclisme","10":"tag-ffc","11":"tag-fr","12":"tag-france","13":"tag-route","14":"tag-sports","15":"tag-tour-de-france","16":"tag-uci","17":"tag-velo","18":"tag-world-tour"},"share_on_mastodon":{"url":"https:\/\/pubeurope.com\/@fr\/114322806248041430","error":""},"_links":{"self":[{"href":"https:\/\/www.europesays.com\/fr\/wp-json\/wp\/v2\/posts\/18926","targetHints":{"allow":["GET"]}}],"collection":[{"href":"https:\/\/www.europesays.com\/fr\/wp-json\/wp\/v2\/posts"}],"about":[{"href":"https:\/\/www.europesays.com\/fr\/wp-json\/wp\/v2\/types\/post"}],"author":[{"embeddable":true,"href":"https:\/\/www.europesays.com\/fr\/wp-json\/wp\/v2\/users\/2"}],"replies":[{"embeddable":true,"href":"https:\/\/www.europesays.com\/fr\/wp-json\/wp\/v2\/comments?post=18926"}],"version-history":[{"count":0,"href":"https:\/\/www.europesays.com\/fr\/wp-json\/wp\/v2\/posts\/18926\/revisions"}],"wp:featuredmedia":[{"embeddable":true,"href":"https:\/\/www.europesays.com\/fr\/wp-json\/wp\/v2\/media\/18927"}],"wp:attachment":[{"href":"https:\/\/www.europesays.com\/fr\/wp-json\/wp\/v2\/media?parent=18926"}],"wp:term":[{"taxonomy":"category","embeddable":true,"href":"https:\/\/www.europesays.com\/fr\/wp-json\/wp\/v2\/categories?post=18926"},{"taxonomy":"post_tag","embeddable":true,"href":"https:\/\/www.europesays.com\/fr\/wp-json\/wp\/v2\/tags?post=18926"}],"curies":[{"name":"wp","href":"https:\/\/api.w.org\/{rel}","templated":true}]}}