{"id":189275,"date":"2025-06-19T20:35:14","date_gmt":"2025-06-19T20:35:14","guid":{"rendered":"https:\/\/www.europesays.com\/fr\/189275\/"},"modified":"2025-06-19T20:35:14","modified_gmt":"2025-06-19T20:35:14","slug":"poutine-bombe-le-torse-face-a-lotan-ukraine-et-russie-font-un-echange-2","status":"publish","type":"post","link":"https:\/\/www.europesays.com\/fr\/189275\/","title":{"rendered":"Poutine bombe le torse face \u00e0 l\u2019Otan, Ukraine et Russie font un \u00e9change"},"content":{"rendered":"<p><strong>R\u00e9cap &#8211; \u00ab 20 Minutes \u00bb fait le point pour vous tous les soirs sur le conflit en Ukraine. Ce jeudi, Poutine a clam\u00e9 que son arm\u00e9e ne craignait pas un renforcement de l\u2019Otan, tandis que Kiev et Moscou ont \u00e9chang\u00e9 des prisonniers<\/strong><\/p>\n<p>Vous avez rat\u00e9 les derniers \u00e9v\u00e9nements sur la <a href=\"https:\/\/www.20minutes.fr\/monde\/ukraine\/?at_medium=RSS%20feed&amp;at_campaign=ynews&amp;utm_source=yahoo&amp;utm_medium=rss&amp;utm_campaign=news_feed&amp;utm_content=in_article_link\" rel=\"nofollow noopener\" target=\"_blank\" data-ylk=\"slk:guerre en Ukraine;elm:context_link;itc:0;sec:content-canvas\" class=\"link \">guerre en Ukraine<\/a> ? 20 Minutes fait le point pour vous tous les soirs. Voici l\u2019essentiel de ce jeudi 19 juin 2025, 1.211e jour du conflit.<\/p>\n<p>Le fait du jour<\/p>\n<p>Il bombe le torse. <a href=\"https:\/\/www.20minutes.fr\/monde\/vladimir_poutine\/?at_medium=RSS%20feed&amp;at_campaign=ynews&amp;utm_source=yahoo&amp;utm_medium=rss&amp;utm_campaign=news_feed&amp;utm_content=in_article_link\" rel=\"nofollow noopener\" target=\"_blank\" data-ylk=\"slk:Vladimir Poutine;elm:context_link;itc:0;sec:content-canvas\" class=\"link \">Vladimir Poutine<\/a> a affirm\u00e9 ce jeudi que le r\u00e9armement de <a href=\"https:\/\/www.nato.int\/nato-welcome\/index_fr.html?at_medium=RSS%20feed&amp;at_campaign=ynews&amp;utm_source=yahoo&amp;utm_medium=rss&amp;utm_campaign=news_feed&amp;utm_content=in_article_link\" rel=\"nofollow noopener\" target=\"_blank\" data-ylk=\"slk:l\u2019Otan;elm:context_link;itc:0;sec:content-canvas\" class=\"link \">l\u2019Otan<\/a> n\u2019\u00e9tait pas une \u00ab menace \u00bb pour la Russie car son pays a, selon lui, les \u00ab capacit\u00e9s de d\u00e9fense \u00bb n\u00e9cessaires pour y faire face, malgr\u00e9 plus de trois ans de conflit en Ukraine qui a militaris\u00e9 l\u2019Etat russe.<\/p>\n<p>L\u2019Alliance atlantique, qui doit se r\u00e9unir en sommet la semaine prochaine \u00e0 <a href=\"https:\/\/www.20minutes.fr\/monde\/la_haye\/?at_medium=RSS%20feed&amp;at_campaign=ynews&amp;utm_source=yahoo&amp;utm_medium=rss&amp;utm_campaign=news_feed&amp;utm_content=in_article_link\" rel=\"nofollow noopener\" target=\"_blank\" data-ylk=\"slk:La Haye;elm:context_link;itc:0;sec:content-canvas\" class=\"link \">La Haye<\/a> (Pays-Bas), pousse ses membres \u00e0 accro\u00eetre leurs d\u00e9penses de s\u00e9curit\u00e9. Mais, selon Vladimir Poutine, \u00ab nous ne consid\u00e9rons aucun r\u00e9armement de l\u2019Otan comme une menace pour la F\u00e9d\u00e9ration de Russie, car nous sommes autosuffisants en mati\u00e8re de s\u00e9curit\u00e9 \u00bb.<\/p>\n<p>\u00ab Nous am\u00e9liorons constamment nos forces arm\u00e9es et nos capacit\u00e9s de d\u00e9fense \u00bb, a-t-il encore affirm\u00e9 lors d\u2019un \u00e9change avec des journalistes \u00e0 Saint-P\u00e9tersbourg. Une augmentation des d\u00e9penses des pays membres de l\u2019Otan \u00e0 5 % de leur PIB cr\u00e9erait des d\u00e9fis \u00ab sp\u00e9cifiques \u00bb pour la Russie, a admis Vladimir Poutine. \u00ab Nous contrerons toutes les menaces qui se dresseront. Cela ne fait aucun doute \u00bb, a-t-il lanc\u00e9.<\/p>\n<p>En parall\u00e8le, le pr\u00e9sident russe s\u2019est f\u00e9licit\u00e9 que son arm\u00e9e progresse \u00ab tous les jours \u00bb sur la ligne de front, face \u00e0 une arm\u00e9e ukrainienne moins nombreuse et en difficult\u00e9.<\/p>\n<p>L\u2019annonce du jour<\/p>\n<p>L\u2019Ukraine et la Russie ont annonc\u00e9 jeudi avoir effectu\u00e9 un nouvel(&#8230;)<\/p>\n<p><a href=\"https:\/\/www.20minutes.fr\/monde\/ukraine\/4159426-20250619-guerre-ukraine-poutine-bombe-torse-face-otan-russie-ukraine-font-echange?at_medium=RSS%20feed&amp;at_campaign=ynews&amp;utm_source=yahoo&amp;utm_medium=rss&amp;utm_campaign=news_feed&amp;utm_content=read_more_link\" rel=\"nofollow noopener\" target=\"_blank\" data-ylk=\"slk:Lire la suite sur 20minutes;elm:context_link;itc:0;sec:content-canvas\" class=\"link \">Lire la suite sur 20minutes<\/a><\/p>\n<p>\u00c0 lire aussi :<br \/><a href=\"https:\/\/www.20minutes.fr\/monde\/russie\/4159270-20250619-guerre-ukraine-poutine-dit-pret-rencontrer-zelensky-tout-suite?at_medium=RSS%20feed&amp;at_campaign=ynews&amp;utm_source=yahoo&amp;utm_medium=rss&amp;utm_campaign=news_feed&amp;utm_content=related_content_link\" rel=\"nofollow noopener\" target=\"_blank\" data-ylk=\"slk:Guerre en Ukraine : Poutine se dit \u00ab pr\u00eat \u00bb \u00e0 rencontrer Zelensky, mais pas tout de suite;elm:context_link;itc:0;sec:content-canvas\" class=\"link \">Guerre en Ukraine : Poutine se dit \u00ab pr\u00eat \u00bb \u00e0 rencontrer Zelensky, mais pas tout de suite<\/a><br \/><a href=\"https:\/\/www.20minutes.fr\/monde\/ukraine\/4159237-20250618-guerre-ukraine-senat-francais-secoue-bilan-frappes-russes-kiev-alourdit?at_medium=RSS%20feed&amp;at_campaign=ynews&amp;utm_source=yahoo&amp;utm_medium=rss&amp;utm_campaign=news_feed&amp;utm_content=related_content_link\" rel=\"nofollow noopener\" target=\"_blank\" data-ylk=\"slk:Guerre en Ukraine : Le S\u00e9nat fran\u00e7ais secou\u00e9 et le bilan des frappes russes sur Kiev s\u2019alourdit;elm:context_link;itc:0;sec:content-canvas\" class=\"link \">Guerre en Ukraine : Le S\u00e9nat fran\u00e7ais secou\u00e9 et le bilan des frappes russes sur Kiev s\u2019alourdit<\/a><\/p>\n","protected":false},"excerpt":{"rendered":"R\u00e9cap &#8211; \u00ab 20 Minutes \u00bb fait le point pour vous tous les soirs sur le conflit en&hellip;\n","protected":false},"author":2,"featured_media":189276,"comment_status":"","ping_status":"","sticky":false,"template":"","format":"standard","meta":{"footnotes":""},"categories":[1591],"tags":[11,1887,2489,12,32713,2405,1885,1886,132,220],"class_list":{"0":"post-189275","1":"post","2":"type-post","3":"status-publish","4":"format-standard","5":"has-post-thumbnail","7":"category-russie","8":"tag-actualites","9":"tag-federation-de-russie","10":"tag-la-russie","11":"tag-news","12":"tag-pays-membres-de-lotan","13":"tag-poutine","14":"tag-russia","15":"tag-russian-federation","16":"tag-russie","17":"tag-ukraine"},"share_on_mastodon":{"url":"https:\/\/pubeurope.com\/@fr\/114711948423196039","error":""},"_links":{"self":[{"href":"https:\/\/www.europesays.com\/fr\/wp-json\/wp\/v2\/posts\/189275","targetHints":{"allow":["GET"]}}],"collection":[{"href":"https:\/\/www.europesays.com\/fr\/wp-json\/wp\/v2\/posts"}],"about":[{"href":"https:\/\/www.europesays.com\/fr\/wp-json\/wp\/v2\/types\/post"}],"author":[{"embeddable":true,"href":"https:\/\/www.europesays.com\/fr\/wp-json\/wp\/v2\/users\/2"}],"replies":[{"embeddable":true,"href":"https:\/\/www.europesays.com\/fr\/wp-json\/wp\/v2\/comments?post=189275"}],"version-history":[{"count":0,"href":"https:\/\/www.europesays.com\/fr\/wp-json\/wp\/v2\/posts\/189275\/revisions"}],"wp:featuredmedia":[{"embeddable":true,"href":"https:\/\/www.europesays.com\/fr\/wp-json\/wp\/v2\/media\/189276"}],"wp:attachment":[{"href":"https:\/\/www.europesays.com\/fr\/wp-json\/wp\/v2\/media?parent=189275"}],"wp:term":[{"taxonomy":"category","embeddable":true,"href":"https:\/\/www.europesays.com\/fr\/wp-json\/wp\/v2\/categories?post=189275"},{"taxonomy":"post_tag","embeddable":true,"href":"https:\/\/www.europesays.com\/fr\/wp-json\/wp\/v2\/tags?post=189275"}],"curies":[{"name":"wp","href":"https:\/\/api.w.org\/{rel}","templated":true}]}}