{"id":189277,"date":"2025-06-19T20:36:17","date_gmt":"2025-06-19T20:36:17","guid":{"rendered":"https:\/\/www.europesays.com\/fr\/189277\/"},"modified":"2025-06-19T20:36:17","modified_gmt":"2025-06-19T20:36:17","slug":"a-lannion-ils-font-a-nouveau-entendre-leur-soutien-a-lukraine","status":"publish","type":"post","link":"https:\/\/www.europesays.com\/fr\/189277\/","title":{"rendered":"\u00c0 Lannion, ils font \u00e0 nouveau entendre leur soutien \u00e0 l\u2019Ukraine"},"content":{"rendered":"<p>Une cinquantaine de personnes se sont \u00e0 nouveau mobilis\u00e9es, \u00e0 l\u2019appel de l\u2019association Tr\u00e9gor-Solidarit\u00e9-Ukraine, le jeudi 19 juin, devant la mairie de Lannion pour manifester leur soutien \u00e0 l\u2019Ukraine dans la guerre contre la Russie. L\u2019actualit\u00e9 internationale, marqu\u00e9e par l\u2019attaque isra\u00e9lienne contre l\u2019Iran n\u2019a pas \u00e9t\u00e9 oubli\u00e9e. Tout en soulignant \u00ab le caract\u00e8re ill\u00e9gal, en droit international, de l\u2019attaque isra\u00e9lienne \u00bb, un orateur estime que l\u2019affaiblissement de l\u2019Iran serait aussi celui de \u00ab l\u2019axe Russie, Iran et Cor\u00e9e du Nord \u00bb, notamment en ce qui concerne les routes du p\u00e9trole.<\/p>\n<p>Le porte-parole de l\u2019association Tr\u00e9gor-Solidarit\u00e9-Ukraine a ensuite rappel\u00e9 que \u00ab l\u2019Ukraine r\u00e9siste mais avec le soutien non unanime de l\u2019Union europ\u00e9enne et le l\u00e2che abandon du pr\u00e9sident Trump aux \u00c9tats-Unis. Une reconnaissance de la prise de territoires ukrainiens bafouerait la Charte des Nations unies et ouvrirait l\u2019engrenage de la guerre \u00e0 nos portes et dans nos pays. \u00bb<\/p>\n","protected":false},"excerpt":{"rendered":"Une cinquantaine de personnes se sont \u00e0 nouveau mobilis\u00e9es, \u00e0 l\u2019appel de l\u2019association Tr\u00e9gor-Solidarit\u00e9-Ukraine, le jeudi 19 juin,&hellip;\n","protected":false},"author":2,"featured_media":189278,"comment_status":"","ping_status":"","sticky":false,"template":"","format":"standard","meta":{"footnotes":""},"categories":[1590],"tags":[11,1777,674,131,5862,12,11880,220],"class_list":{"0":"post-189277","1":"post","2":"type-post","3":"status-publish","4":"format-standard","5":"has-post-thumbnail","7":"category-ukraine","8":"tag-actualites","9":"tag-eu","10":"tag-europe","11":"tag-guerre-en-ukraine","12":"tag-lannion","13":"tag-news","14":"tag-solidarite-ukraine","15":"tag-ukraine"},"share_on_mastodon":{"url":"https:\/\/pubeurope.com\/@fr\/114711952374004686","error":""},"_links":{"self":[{"href":"https:\/\/www.europesays.com\/fr\/wp-json\/wp\/v2\/posts\/189277","targetHints":{"allow":["GET"]}}],"collection":[{"href":"https:\/\/www.europesays.com\/fr\/wp-json\/wp\/v2\/posts"}],"about":[{"href":"https:\/\/www.europesays.com\/fr\/wp-json\/wp\/v2\/types\/post"}],"author":[{"embeddable":true,"href":"https:\/\/www.europesays.com\/fr\/wp-json\/wp\/v2\/users\/2"}],"replies":[{"embeddable":true,"href":"https:\/\/www.europesays.com\/fr\/wp-json\/wp\/v2\/comments?post=189277"}],"version-history":[{"count":0,"href":"https:\/\/www.europesays.com\/fr\/wp-json\/wp\/v2\/posts\/189277\/revisions"}],"wp:featuredmedia":[{"embeddable":true,"href":"https:\/\/www.europesays.com\/fr\/wp-json\/wp\/v2\/media\/189278"}],"wp:attachment":[{"href":"https:\/\/www.europesays.com\/fr\/wp-json\/wp\/v2\/media?parent=189277"}],"wp:term":[{"taxonomy":"category","embeddable":true,"href":"https:\/\/www.europesays.com\/fr\/wp-json\/wp\/v2\/categories?post=189277"},{"taxonomy":"post_tag","embeddable":true,"href":"https:\/\/www.europesays.com\/fr\/wp-json\/wp\/v2\/tags?post=189277"}],"curies":[{"name":"wp","href":"https:\/\/api.w.org\/{rel}","templated":true}]}}