{"id":189281,"date":"2025-06-19T20:38:15","date_gmt":"2025-06-19T20:38:15","guid":{"rendered":"https:\/\/www.europesays.com\/fr\/189281\/"},"modified":"2025-06-19T20:38:15","modified_gmt":"2025-06-19T20:38:15","slug":"guerre-iran-israel-le-royaume-uni-renforce-encore-sa-presence-militaire-au-proche-orient","status":"publish","type":"post","link":"https:\/\/www.europesays.com\/fr\/189281\/","title":{"rendered":"Guerre Iran-Isra\u00ebl : le Royaume-Uni renforce (encore) sa pr\u00e9sence militaire au Proche-Orient"},"content":{"rendered":"<ul class=\"jsx-862013697 ArticleChapo__List\">\n<li class=\"jsx-862013697 ArticleChapo__List_Item flex\">Le Royaume-Uni a annonc\u00e9 le d\u00e9ploiement d&rsquo;avions de chasse au Proche-Orient.<\/li>\n<li class=\"jsx-862013697 ArticleChapo__List_Item flex\">Ils devraient \u00eatre post\u00e9s \u00e0 Chypre, dans l&rsquo;une des nombreuses bases des forces britanniques dans la r\u00e9gion.<\/li>\n<\/ul>\n<p><a href=\"https:\/\/www.tf1info.fr\/actualite\/israel-frappe-l-iran-qui-promet-une-riposte-d-ampleur-operation-rising-lion-sites-civils-et-militaires-nucleaires-14305\/\" rel=\"noopener\" class=\"jsx-484472199 Link jsx-1428418400 jsx-554215408\" target=\"_blank\"><\/p>\n<p style=\"font-weight:400\" class=\"jsx-1837267516\">Suivez la couverture compl\u00e8te<\/p>\n<p style=\"font-weight:800\" class=\"jsx-1837267516\">Isra\u00ebl-Iran en guerre, la crainte de l&rsquo;escalade<\/p>\n<p><\/a><\/p>\n<p data-module=\"article-paragraph\" class=\"jsx-3046738180 Paragraph Paragraph__End\">Le Royaume-Uni sur le pied de guerre ? Alors que Washington a renforc\u00e9 son arsenal militaire face \u00e0 <a href=\"https:\/\/www.tf1info.fr\/actualite\/israel-frappe-l-iran-qui-promet-une-riposte-d-ampleur-operation-rising-lion-sites-civils-et-militaires-nucleaires-14305\/\" target=\"_blank\" rel=\"noopener\">l&rsquo;escalade entre l&rsquo;Iran et Isra\u00ebl<\/a>, Londres n&rsquo;est pas en reste : des avions de chasse et d&rsquo;autres renforts ont \u00e9t\u00e9 envoy\u00e9s au Moyen-Orient, renfor\u00e7ant ainsi une pr\u00e9sence britannique d\u00e9j\u00e0 cons\u00e9quente dans la r\u00e9gion.<\/p>\n<p>Chypre aux avant-postes de l&rsquo;arm\u00e9e britannique<\/p>\n<p data-module=\"article-paragraph\" class=\"jsx-3046738180 Paragraph\">Depuis l&rsquo;ind\u00e9pendance de l&rsquo;\u00eele, la Grande-Bretagne y maintient deux bases militaires qui abritent des installations a\u00e9riennes strat\u00e9giques. Ces bases sont sous la juridiction du Royaume-Uni et englobent quelques villages. Elles ont servi de centres de collecte de renseignements et de bases arri\u00e8re pour les op\u00e9rations a\u00e9riennes britanniques dans le cadre de la coalition internationale sous commandement am\u00e9ricain qui combat Daech en Syrie et en Irak.<\/p>\n<p data-module=\"article-paragraph\" class=\"jsx-3046738180 Paragraph Paragraph__End\">Akrotiri est consid\u00e9r\u00e9e comme la plus importante base militaire britannique dans la r\u00e9gion. Lundi, le Premier ministre britannique Keir Starmer a indiqu\u00e9 que Londres envoyait sur place \u00ab\u00a0des moyens dans la r\u00e9gion, y compris des avions de chasse, et ce dans le cadre d&rsquo;un soutien d&rsquo;urgence\u00a0\u00bb. Les avions en question sont des Eurofighter Typhoon, a pr\u00e9cis\u00e9 le minist\u00e8re de la D\u00e9fense. Des avions ravitailleurs suppl\u00e9mentaires ont \u00e9galement \u00e9t\u00e9 d\u00e9ploy\u00e9s depuis des bases britanniques, selon Downing Street.\u00a0<\/p>\n<p><a href=\"https:\/\/www.tf1info.fr\/international\/verif-repas-du-deploiement-ces-images-montrent-elles-des-soldats-americains-se-preparant-a-intervenir-en-iran-2377944.html\" rel=\"noopener\" class=\"jsx-3308031228 Link flex\" target=\"_blank\"><img decoding=\"async\" src=\"https:\/\/www.europesays.com\/fr\/wp-content\/uploads\/2025\/06\/verif-le-deploiement-de-l-armee-americaine-b5b25f-0@1x.jpeg\" alt=\"Ces vid\u00e9os montreraient le dernier repas donn\u00e9 aux soldats am\u00e9ricains, avant leur d\u00e9ploiement au Proche-Orient.\" loading=\"lazy\" importance=\"low\" fetchpriority=\"low\" class=\"\"\/><\/p>\n<p class=\"jsx-3657663356 ReadMoreArticle__Title\">Lire aussi<\/p>\n<p class=\"jsx-3657663356\">V\u00c9RIF&rsquo; &#8211; \u00ab\u00a0Repas du d\u00e9ploiement\u00a0\u00bb : ces images montrent-elles l&rsquo;arm\u00e9e am\u00e9ricaine se pr\u00e9parant \u00e0 intervenir en Iran ?<\/p>\n<p><\/a><\/p>\n<p data-module=\"article-paragraph\" class=\"jsx-3046738180 Paragraph Paragraph__End\">Des avions de reconnaissance, de ravitaillement en vol et de transport y op\u00e8rent \u00e9galement, tout comme de Dhekelia, autre base britannique \u00e0 Chypre. En mati\u00e8re de forces terrestres, l&rsquo;arm\u00e9e britannique poss\u00e8de deux bataillons d&rsquo;infanterie sur ses bases chypriotes. \u00c0 la date d&rsquo;avril 2024, environ 2.200 soldats y \u00e9taient stationn\u00e9s, selon des donn\u00e9es du minist\u00e8re britannique de la D\u00e9fense.<\/p>\n<p>Une forte pr\u00e9sence dans la p\u00e9ninsule arabe<\/p>\n<p data-module=\"article-paragraph\" class=\"jsx-3046738180 Paragraph\">Le quartier g\u00e9n\u00e9ral de la Royal Air Force pour le Moyen-Orient se trouve sur la base d&rsquo;Al Udeid au Qatar. Le Royaume-Uni dispose \u00e9galement d&rsquo;une base aux Emirats arabes unis (Al Minhab) et \u00e0 Oman (Al Musannah), selon des documents publi\u00e9s sur le site du Parlement britannique.<\/p>\n<p data-module=\"article-paragraph\" class=\"jsx-3046738180 Paragraph Paragraph__End\">Le principal centre d&rsquo;op\u00e9rations de la Royal Navy dans la r\u00e9gion est positionn\u00e9 \u00e0 Bahre\u00efn dans le Golfe. Une fr\u00e9gate de type 23 y est bas\u00e9e en permanence, tout comme quatre navires anti-mines et un navire de la Royal Fleet Auxiliary, selon des donn\u00e9es officielles. Depuis 2018, la Royal Navy dispose \u00e9galement d&rsquo;une base logistique sur le port de Duqm \u00e0 Oman. Des troupes m\u00e8nent \u00e9galement des missions d&rsquo;entra\u00eenement pour<a href=\"https:\/\/www.tf1info.fr\/international\/daech-terroriste-islamiste-la-coalition-internationale-contre-l-etat-islamique-en-irak-prendra-fin-en-septembre-2025-2325511.html\" target=\"_blank\" rel=\"noopener\"> les forces irakiennes et kurdes engag\u00e9es contre l&rsquo;Etat islamique.<\/a><\/p>\n<p>L&rsquo;importance strat\u00e9gique de la base de Diego Garcia<\/p>\n<p data-module=\"article-paragraph\" class=\"jsx-3046738180 Paragraph\">Situ\u00e9e au sud des Maldives, la base de Diego Garcia rev\u00eat une importance strat\u00e9gique consid\u00e9rable pour le Royaume-Uni et les \u00c9tats-Unis. Surtout pendant la guerre froide, quand la chute de Sa\u00efgon et la victoire des Khmers rouges au Cambodge avaient amoindri les capacit\u00e9s militaires de Washington en Asie du Sud-Est et que la marine sovi\u00e9tique \u00e9tendait son influence dans l&rsquo;oc\u00e9an Indien.<\/p>\n<p data-module=\"article-paragraph\" class=\"jsx-3046738180 Paragraph\">Apr\u00e8s <a href=\"https:\/\/www.tf1info.fr\/international\/iran-operation-rising-lion-portrait-qui-etait-hossein-salami-le-chef-des-gardiens-de-la-revolution-iraniens-tue-dans-une-frappe-israelienne-2376765.html\" target=\"_blank\" rel=\"noopener\">la r\u00e9volution iranienne de 1979<\/a>, les \u00c9tats-Unis agrandissent la base pour accueillir davantage de navires de guerre et des bombardiers lourds. Diego Garcia joue un r\u00f4le majeur dans les deux guerres men\u00e9es par les \u00c9tats-Unis en Irak (1990-1991, 2003-2006) et dans les bombardements am\u00e9ricains en Afghanistan en 2001.\u00a0<\/p>\n<p data-module=\"article-paragraph\" class=\"jsx-3046738180 Paragraph Paragraph__End\">En 2025, Diego Garcia continue d&rsquo;\u00eatre strat\u00e9gique : \u00a0ce lundi, quatre bombardiers lourds \u00e9taient stationn\u00e9s, selon une analyse par l\u2019AFP d\u2019images satellitaires. Il s&rsquo;agissait d&rsquo;avions B-52H Stratofortress capables de transporter des charges nucl\u00e9aires ou d\u2019autres munitions \u00e0 guidage de pr\u00e9cision.<\/p>\n<p>T.G.<\/p>\n","protected":false},"excerpt":{"rendered":"Le Royaume-Uni a annonc\u00e9 le d\u00e9ploiement d&rsquo;avions de chasse au Proche-Orient. Ils devraient \u00eatre post\u00e9s \u00e0 Chypre, dans&hellip;\n","protected":false},"author":2,"featured_media":189282,"comment_status":"","ping_status":"","sticky":false,"template":"","format":"standard","meta":{"footnotes":""},"categories":[1588],"tags":[1111,11,1921,1777,674,1922,3019,664,32447,32448,12,473,1853,1851,1850,1852,133,1920],"class_list":{"0":"post-189281","1":"post","2":"type-post","3":"status-publish","4":"format-standard","5":"has-post-thumbnail","7":"category-royaume-uni","8":"tag-actu","9":"tag-actualites","10":"tag-article-video","11":"tag-eu","12":"tag-europe","13":"tag-info","14":"tag-iran","15":"tag-israel","16":"tag-israel-iran-en-guerre","17":"tag-la-crainte-de-lescalade","18":"tag-news","19":"tag-royaume-uni","20":"tag-royaume-uni-de-grande-bretagne-et-dirlande-du-nord","21":"tag-uk","22":"tag-united-kingdom","23":"tag-united-kingdom-of-great-britain-and-northern-ireland","24":"tag-video","25":"tag-video-international"},"share_on_mastodon":{"url":"https:\/\/pubeurope.com\/@fr\/114711960347683297","error":""},"_links":{"self":[{"href":"https:\/\/www.europesays.com\/fr\/wp-json\/wp\/v2\/posts\/189281","targetHints":{"allow":["GET"]}}],"collection":[{"href":"https:\/\/www.europesays.com\/fr\/wp-json\/wp\/v2\/posts"}],"about":[{"href":"https:\/\/www.europesays.com\/fr\/wp-json\/wp\/v2\/types\/post"}],"author":[{"embeddable":true,"href":"https:\/\/www.europesays.com\/fr\/wp-json\/wp\/v2\/users\/2"}],"replies":[{"embeddable":true,"href":"https:\/\/www.europesays.com\/fr\/wp-json\/wp\/v2\/comments?post=189281"}],"version-history":[{"count":0,"href":"https:\/\/www.europesays.com\/fr\/wp-json\/wp\/v2\/posts\/189281\/revisions"}],"wp:featuredmedia":[{"embeddable":true,"href":"https:\/\/www.europesays.com\/fr\/wp-json\/wp\/v2\/media\/189282"}],"wp:attachment":[{"href":"https:\/\/www.europesays.com\/fr\/wp-json\/wp\/v2\/media?parent=189281"}],"wp:term":[{"taxonomy":"category","embeddable":true,"href":"https:\/\/www.europesays.com\/fr\/wp-json\/wp\/v2\/categories?post=189281"},{"taxonomy":"post_tag","embeddable":true,"href":"https:\/\/www.europesays.com\/fr\/wp-json\/wp\/v2\/tags?post=189281"}],"curies":[{"name":"wp","href":"https:\/\/api.w.org\/{rel}","templated":true}]}}