{"id":189283,"date":"2025-06-19T20:39:10","date_gmt":"2025-06-19T20:39:10","guid":{"rendered":"https:\/\/www.europesays.com\/fr\/189283\/"},"modified":"2025-06-19T20:39:10","modified_gmt":"2025-06-19T20:39:10","slug":"la-rentabilite-de-cette-transition-nest-pas-suffisante","status":"publish","type":"post","link":"https:\/\/www.europesays.com\/fr\/189283\/","title":{"rendered":"\u00ab\u00a0La rentabilit\u00e9 de cette transition n\u2019est pas suffisante\u00a0\u00bb"},"content":{"rendered":"<p>                           <img loading=\"lazy\" decoding=\"async\" src=\"https:\/\/www.europesays.com\/fr\/wp-content\/uploads\/2025\/06\/386d083_upload-1-o93zgsqkh1mh-000-1fy3tl.jpg\" alt=\"Dans l\u2019aci\u00e9rie d\u2019ArcelorMittal \u00e0 Eisenhuettenstadt, en Allemagne, le 25\u00a0avril 2019.\"  width=\"664\" height=\"443\"\/>    Dans l\u2019aci\u00e9rie d\u2019ArcelorMittal \u00e0 Eisenhuettenstadt, en Allemagne, le 25\u00a0avril 2019.  JOHN MACDOUGALL \/ AFP                  <\/p>\n<p class=\"article__paragraph  \">Le deuxi\u00e8me sid\u00e9rurgiste mondial, ArcelorMittal, aux prises avec une crise historique de l\u2019acier en Europe, a annonc\u00e9, jeudi 19\u00a0juin, qu\u2019il renon\u00e7ait \u00e0 un important investissement dans la d\u00e9carbonation de ses sites en Allemagne, invoquant \u00ab\u00a0le manque de rentabilit\u00e9\u00a0\u00bb d\u2019une production d\u2019acier \u00e0 faible \u00e9mission de CO2.<\/p>\n<p class=\"article__paragraph  \">Le groupe \u00ab\u00a0ne peut malheureusement pas donner suite \u00e0 ses projets visant \u00e0 d\u00e9carboner ses usines\u00a0\u00bb de Br\u00eame (nord) et Eisenh\u00fcttenstadt (est), pr\u00e9cise un communiqu\u00e9 de l\u2019aci\u00e9riste, qui arr\u00eate un plan de transformation estim\u00e9 \u00e0 2,5\u00a0milliards d\u2019euros, dont 1,3\u00a0milliard d\u2019euros d\u2019aides publiques.<\/p>\n<p>                                Lire aussi |  Article r\u00e9serv\u00e9 \u00e0 nos abonn\u00e9s  <a href=\"https:\/\/www.lemonde.fr\/economie\/article\/2025\/05\/12\/arcelormittal-la-faisabilite-de-l-ambitieux-projet-de-decarbonation-de-l-acierie-de-dunkerque-en-question_6605528_3234.html\" class=\"js-article-read-also catcher--favoris__link\" data-premium=\"1\" id=\"article-title-3421835\" rel=\"nofollow noopener\" target=\"_blank\">ArcelorMittal\u00a0: la faisabilit\u00e9 de l\u2019ambitieux projet de d\u00e9carbonation de l\u2019aci\u00e9rie de Dunkerque en question<\/a>    <\/p>\n<p>   Lire plus tard  <\/p>\n<p class=\"article__paragraph  \">Fin\u00a02024, ArcelorMittal avait d\u00e9clar\u00e9 r\u00e9\u00e9valuer ses plans d\u2019investissement dans la d\u00e9carbonation en Europe, r\u00e9clamant plus de mesures pour prot\u00e9ger l\u2019acier europ\u00e9en de la concurrence, notamment chinoise. Le sid\u00e9rurgiste a aussi annonc\u00e9 cette ann\u00e9e un plan d\u2019\u00e9conomies en Europe,<a href=\"https:\/\/www.lemonde.fr\/economie\/article\/2025\/04\/23\/arcelormittal-annonce-la-suppression-de-plus-de-600-postes-en-france-sur-sept-sites-scandaleux-reagissent-les-syndicats_6599347_3234.html\" rel=\"nofollow noopener\" target=\"_blank\"> dont plus de 600\u00a0suppressions de postes en France<\/a>, \u00e0 Dunkerque, au c\u0153ur d\u2019un bras de fer politique.<\/p>\n<p>             Un d\u00e9fi de rentabilit\u00e9 et de transition \u00e9nerg\u00e9tique             <\/p>\n<p class=\"article__paragraph  \">Le projet de transformation des deux sites allemands, soutenu par l\u2019Etat, s\u2019inscrivait dans la tentative de sauver cette industrie traditionnelle, aujourd\u2019hui menac\u00e9e dans la premi\u00e8re \u00e9conomie europ\u00e9enne. Les deux sites de Br\u00eame et d\u2019Eisenh\u00fcttenstadt devaient \u00eatre dot\u00e9s de fours \u00e9lectriques et d\u2019unit\u00e9s de r\u00e9duction directe du fer avec du gaz ou de l\u2019hydrog\u00e8ne (sans charbon), premi\u00e8re \u00e9tape pour produire l\u2019acier d\u00e9carbon\u00e9.<\/p>\n<p class=\"article__paragraph  \">\u00ab\u00a0M\u00eame avec ce soutien financier [public], la rentabilit\u00e9 de cette transition n\u2019est pas suffisante, ce qui montre l\u2019ampleur du d\u00e9fi \u00e0 relever\u00a0\u00bb, observe Geert Van Poelvoorde, PDG d\u2019ArcelorMittal Europe, cit\u00e9 dans le communiqu\u00e9.<\/p>\n<p>                                Lire aussi |  Article r\u00e9serv\u00e9 \u00e0 nos abonn\u00e9s  <a href=\"https:\/\/www.lemonde.fr\/economie\/article\/2025\/05\/15\/arcelormittal-veut-investir-1-2-milliard-d-euros-a-dunkerque-mais-maintient-son-plan-social_6606254_3234.html\" class=\"js-article-read-also catcher--favoris__link\" data-premium=\"1\" id=\"article-title-3422695\" rel=\"nofollow noopener\" target=\"_blank\">ArcelorMittal veut investir 1,2\u00a0milliard d\u2019euros \u00e0 Dunkerque mais maintient son plan social<\/a>    <\/p>\n<p>   Lire plus tard  <\/p>\n<p class=\"article__paragraph  \">Par ailleurs, \u00ab\u00a0les prix actuels de l\u2019\u00e9lectricit\u00e9 en Allemagne sont \u00e9lev\u00e9s, tant en comparaison internationale qu\u2019avec les pays europ\u00e9ens voisins\u00a0\u00bb, souligne le groupe, pointant un probl\u00e8me dont le nouveau gouvernement a fait une priorit\u00e9 pour tenter de relancer l\u2019activit\u00e9 \u00e9conomique.<\/p>\n<p class=\"article__paragraph  \">ArcelorMittal affirme \u00ab\u00a0maintenir son objectif d\u2019am\u00e9liorer encore le bilan carbone de ses installations\u00a0\u00bb, mais il devient \u00ab\u00a0de plus en plus improbable d\u2019atteindre les objectifs de r\u00e9duction des \u00e9missions de CO2 d\u2019ici \u00e0\u00a02030\u00a0\u00bb, alors que \u00ab\u00a0l\u2019hydrog\u00e8ne vert n\u2019est pas encore une source d\u2019\u00e9nergie viable\u00a0\u00bb et que le processus de r\u00e9duction directe du fer \u00e0 partir de gaz naturel \u00ab\u00a0n\u2019est pas comp\u00e9titif en tant que solution transitoire\u00a0\u00bb.<\/p>\n<p>                                Lire aussi |  Article r\u00e9serv\u00e9 \u00e0 nos abonn\u00e9s  <a href=\"https:\/\/www.lemonde.fr\/economie\/article\/2025\/05\/12\/entre-arcelormittal-et-la-france-une-histoire-semee-de-crises_6605525_3234.html\" class=\"js-article-read-also catcher--favoris__link\" data-premium=\"1\" id=\"article-title-3421834\" rel=\"nofollow noopener\" target=\"_blank\">Entre ArcelorMittal et la France, une histoire sem\u00e9e de crises<\/a>    <\/p>\n<p>   Lire plus tard  <\/p>\n<p class=\"article__paragraph  \">L\u2019acier europ\u00e9en est pris en \u00e9tau entre la baisse de la consommation sur le Vieux Continent, la concurrence jug\u00e9e d\u00e9loyale de produits \u00e0 bas prix venus de Chine notamment, les prix de l\u2019\u00e9nergie \u00e9lev\u00e9s en Europe et, d\u00e9sormais, les nouvelles taxes douani\u00e8res.<\/p>\n<p class=\"article__paragraph  \">Autre g\u00e9ant europ\u00e9en de l\u2019acier, l\u2019allemand ThyssenKrupp a annonc\u00e9 fin\u00a02024 son intention de supprimer 11\u00a0000\u00a0emplois dans le pays.<\/p>\n<p class=\"author__detail\">  Le Monde avec AFP  <\/p>\n<p>                  <a href=\"https:\/\/www.lemonde.fr\/syndication\/\" class=\"reuse__content\" title=\"R\u00e9utiliser ce contenu\" target=\"_blank\" rel=\"nofollow noopener\">R\u00e9utiliser ce contenu<\/a>      <\/p>\n","protected":false},"excerpt":{"rendered":"Dans l\u2019aci\u00e9rie d\u2019ArcelorMittal \u00e0 Eisenhuettenstadt, en Allemagne, le 25\u00a0avril 2019. JOHN MACDOUGALL \/ AFP Le deuxi\u00e8me sid\u00e9rurgiste mondial,&hellip;\n","protected":false},"author":2,"featured_media":189284,"comment_status":"","ping_status":"","sticky":false,"template":"","format":"standard","meta":{"footnotes":""},"categories":[1587],"tags":[11,672,1804,1805,1803,1777,674,1801,12,1802],"class_list":{"0":"post-189283","1":"post","2":"type-post","3":"status-publish","4":"format-standard","5":"has-post-thumbnail","7":"category-allemagne","8":"tag-actualites","9":"tag-allemagne","10":"tag-bundesrepublik-deutschland","11":"tag-de","12":"tag-deutschland","13":"tag-eu","14":"tag-europe","15":"tag-germany","16":"tag-news","17":"tag-republique-federale-dallemagne"},"share_on_mastodon":{"url":"https:\/\/pubeurope.com\/@fr\/114711964184262657","error":""},"_links":{"self":[{"href":"https:\/\/www.europesays.com\/fr\/wp-json\/wp\/v2\/posts\/189283","targetHints":{"allow":["GET"]}}],"collection":[{"href":"https:\/\/www.europesays.com\/fr\/wp-json\/wp\/v2\/posts"}],"about":[{"href":"https:\/\/www.europesays.com\/fr\/wp-json\/wp\/v2\/types\/post"}],"author":[{"embeddable":true,"href":"https:\/\/www.europesays.com\/fr\/wp-json\/wp\/v2\/users\/2"}],"replies":[{"embeddable":true,"href":"https:\/\/www.europesays.com\/fr\/wp-json\/wp\/v2\/comments?post=189283"}],"version-history":[{"count":0,"href":"https:\/\/www.europesays.com\/fr\/wp-json\/wp\/v2\/posts\/189283\/revisions"}],"wp:featuredmedia":[{"embeddable":true,"href":"https:\/\/www.europesays.com\/fr\/wp-json\/wp\/v2\/media\/189284"}],"wp:attachment":[{"href":"https:\/\/www.europesays.com\/fr\/wp-json\/wp\/v2\/media?parent=189283"}],"wp:term":[{"taxonomy":"category","embeddable":true,"href":"https:\/\/www.europesays.com\/fr\/wp-json\/wp\/v2\/categories?post=189283"},{"taxonomy":"post_tag","embeddable":true,"href":"https:\/\/www.europesays.com\/fr\/wp-json\/wp\/v2\/tags?post=189283"}],"curies":[{"name":"wp","href":"https:\/\/api.w.org\/{rel}","templated":true}]}}