{"id":189289,"date":"2025-06-19T20:42:08","date_gmt":"2025-06-19T20:42:08","guid":{"rendered":"https:\/\/www.europesays.com\/fr\/189289\/"},"modified":"2025-06-19T20:42:08","modified_gmt":"2025-06-19T20:42:08","slug":"certains-me-disaient-tas-une-tete-de-bebe-ils-ne-sarretaient-pas-pour-autant-liberation","status":"publish","type":"post","link":"https:\/\/www.europesays.com\/fr\/189289\/","title":{"rendered":"\u00abCertains me disaient \u201ct\u2019as une t\u00eate de b\u00e9b\u00e9\u201d, ils ne s\u2019arr\u00eataient pas pour autant\u00bb \u2013 Lib\u00e9ration"},"content":{"rendered":"<p class=\"sc-ksZaOG ehjQrN text-element\">Ilona (1), 16 ans aujourd\u2019hui, parle vite mais bien, elle est \u00e9loquente et semble confiante. L\u2019adolescente marseillaise d\u00e9roule pourtant une enfance pleine de f\u00ealures, \u00abpas heureuse\u00bb : un viol subi \u00e0 l\u2019\u00e2ge o\u00f9 l\u2019on joue encore \u00e0 la poup\u00e9e, la s\u00e9paration <a href=\"https:\/\/www.liberation.fr\/societe\/droits-des-femmes\/prostitution-des-mineures-des-parents-a-la-justice-le-grand-desarroi-20220125_5BXJ5T52AFA65A7WFNTVXKA76I\/\" target=\"_blank\" rel=\"noopener\" title=\"https:\/\/www.liberation.fr\/societe\/droits-des-femmes\/prostitution-des-mineures-des-parents-a-la-justice-le-grand-desarroi-20220125_5BXJ5T52AFA65A7WFNTVXKA76I\/\">de ses parents<\/a> sur fond de querelles, une belle-m\u00e8re qui la frappe et un placement en foyer \u00e0 l\u2019\u00e2ge de 11 ans cens\u00e9 la prot\u00e9ger apr\u00e8s de nombreuses fugues. C\u2019est l\u00e0-bas, pour la premi\u00e8re fois, qu\u2019elle entend parler de sexe et de prostitution. \u00abJ\u2019avais m\u00eame pas pass\u00e9 une nuit en foyer qu\u2019une fille est venue me voir pour me proposer de me prostituer. Moi, je ne savais pas vraiment encore comment on faisait les enfants, malgr\u00e9 mon viol, j\u2019\u00e9tais encore vierge, donc je ne comprenais pas. Elle m\u2019a dit que j\u2019allais voir des hommes, que j\u2019allais gagner de l\u2019argent, j\u2019ai r\u00e9pondu non directement\u00bb, se rappelle l\u2019adolescente depuis l\u2019appartement de sa m\u00e8re \u00e0 Marseille. Elle affirme avoir d\u00fb subir des propositions insistantes pendant plus d\u2019une semaine. \u00abElle m\u2019a fait comprendre que si je ne le faisais pas, on allait me s\u00e9questrer et me violer. Une copine que je m\u2019\u00e9tai<\/p>\n","protected":false},"excerpt":{"rendered":"Ilona (1), 16 ans aujourd\u2019hui, parle vite mais bien, elle est \u00e9loquente et semble confiante. L\u2019adolescente marseillaise d\u00e9roule&hellip;\n","protected":false},"author":2,"featured_media":189290,"comment_status":"","ping_status":"","sticky":false,"template":"","format":"standard","meta":{"footnotes":""},"categories":[2],"tags":[11,1011,27,12,2899,25,797,799],"class_list":{"0":"post-189289","1":"post","2":"type-post","3":"status-publish","4":"format-standard","5":"has-post-thumbnail","7":"category-actualites","8":"tag-actualites","9":"tag-fr","10":"tag-france","11":"tag-news","12":"tag-prostitution","13":"tag-republique-francaise","14":"tag-violences-faites-aux-femmes","15":"tag-violences-sexuelles"},"share_on_mastodon":{"url":"https:\/\/pubeurope.com\/@fr\/114711975976573930","error":""},"_links":{"self":[{"href":"https:\/\/www.europesays.com\/fr\/wp-json\/wp\/v2\/posts\/189289","targetHints":{"allow":["GET"]}}],"collection":[{"href":"https:\/\/www.europesays.com\/fr\/wp-json\/wp\/v2\/posts"}],"about":[{"href":"https:\/\/www.europesays.com\/fr\/wp-json\/wp\/v2\/types\/post"}],"author":[{"embeddable":true,"href":"https:\/\/www.europesays.com\/fr\/wp-json\/wp\/v2\/users\/2"}],"replies":[{"embeddable":true,"href":"https:\/\/www.europesays.com\/fr\/wp-json\/wp\/v2\/comments?post=189289"}],"version-history":[{"count":0,"href":"https:\/\/www.europesays.com\/fr\/wp-json\/wp\/v2\/posts\/189289\/revisions"}],"wp:featuredmedia":[{"embeddable":true,"href":"https:\/\/www.europesays.com\/fr\/wp-json\/wp\/v2\/media\/189290"}],"wp:attachment":[{"href":"https:\/\/www.europesays.com\/fr\/wp-json\/wp\/v2\/media?parent=189289"}],"wp:term":[{"taxonomy":"category","embeddable":true,"href":"https:\/\/www.europesays.com\/fr\/wp-json\/wp\/v2\/categories?post=189289"},{"taxonomy":"post_tag","embeddable":true,"href":"https:\/\/www.europesays.com\/fr\/wp-json\/wp\/v2\/tags?post=189289"}],"curies":[{"name":"wp","href":"https:\/\/api.w.org\/{rel}","templated":true}]}}