{"id":189291,"date":"2025-06-19T20:43:11","date_gmt":"2025-06-19T20:43:11","guid":{"rendered":"https:\/\/www.europesays.com\/fr\/189291\/"},"modified":"2025-06-19T20:43:11","modified_gmt":"2025-06-19T20:43:11","slug":"sous-la-menace-de-frappes-americaines-liran-refuse-de-capituler","status":"publish","type":"post","link":"https:\/\/www.europesays.com\/fr\/189291\/","title":{"rendered":"Sous la menace de frappes am\u00e9ricaines, l\u2019Iran refuse de capituler"},"content":{"rendered":"<p><strong>D\u00c9CRYPTAGE &#8211;<\/strong> Apr\u00e8s une semaine de bombardements isra\u00e9liens, les \u00c9tats-Unis envisagent de d\u00e9truire le site d\u2019enrichissement d\u2019uranium de Fordo avec leurs bombes antibunker.<\/p>\n<p class=\"fig-paragraph\">Sur ses gardes avant une possible frappe am\u00e9ricaine, et alors que les avions de chasse isra\u00e9liens ont encore frapp\u00e9 jeudi les installations nucl\u00e9aires de Natanz, d\u2019Ispahan et d\u2019Arak,\u00a0<a href=\"http:\/\/www.lefigaro.fr\/international\/le-pouvoir-en-iran-est-dans-la-nasse-dos-au-mur-la-republique-islamique-mobilise-sa-diplomatie-20250616\" target=\"_blank\" data-fig-type=\"Article\" rel=\"noopener\" data-gtm-custom-categorie=\"navigation\" data-gtm-custom-action=\"crossclick\" data-gtm-custom-label=\"Contextuel\" data-gtm-event=\"customEventSPE\" data-fig-domain=\"LEFIGARO\">l\u2019Iran<\/a>\u00a0a appel\u00e9 ses voisins \u00e0 \u00ab\u00a0s\u2019opposer\u00a0\u00bb \u00e0 des actions hostiles \u00e0 partir de ses fronti\u00e8res, selon l\u2019agence Tasnim. Cette mise en garde est notamment destin\u00e9e \u00e0 l\u2019Irak et aux r\u00e9gions kurdes du nord de l\u2019Iran d\u2019o\u00f9 le pouvoir redoute des infiltrations. La t\u00e9l\u00e9vision d\u2019\u00c9tat a \u00e9galement demand\u00e9 \u00e0 la population de \u00ab\u00a0supprimer l\u2019application\u00a0\u00bb WhatsApp, arguant que la messagerie transmet des donn\u00e9es \u00e0\u00a0<a href=\"http:\/\/www.lefigaro.fr\/international\/conflit-iran-israel-le-pentagone-doute-encore-de-la-capacite-des-bombes-gbu-57-a-detruire-le-site-nucleaire-de-fordo-20250619\" target=\"_blank\" data-fig-type=\"NewsFlash\" rel=\"noopener\" data-gtm-custom-categorie=\"navigation\" data-gtm-custom-action=\"crossclick\" data-gtm-custom-label=\"Contextuel\" data-gtm-event=\"customEventSPE\" data-fig-domain=\"LEFIGARO\">Isra\u00ebl<\/a>. Un influent d\u00e9put\u00e9, Benham Saeedi, a ajout\u00e9 sa voix \u00e0 ceux qui pr\u00f4nent une fermeture du d\u00e9troit d\u2019Ormuz, par o\u00f9 transitent chaque jour 20\u00a0% des flux p\u00e9troliers maritimes.<\/p>\n<p class=\"fig-paragraph\">Malgr\u00e9 une atmosph\u00e8re lourde de menaces pour un r\u00e9gime affaibli apr\u00e8s\u00a0<a href=\"http:\/\/www.lefigaro.fr\/international\/dossier\/frappes-d-israel-sur-l-iran-notre-dossier-pour-tout-comprendre\" target=\"_blank\" data-fig-type=\"Topic\" rel=\"noopener\" data-gtm-custom-categorie=\"navigation\" data-gtm-custom-action=\"crossclick\" data-gtm-custom-label=\"Contextuel\" data-gtm-event=\"customEventSPE\" data-fig-domain=\"LEFIGARO\">une semaine de frappes isra\u00e9liennes<\/a>\u00a0et la mort d\u2019une trentaine de ses dirigeants militaires ou du renseignement, l\u2019Iran, bien qu\u2019isol\u00e9 diplomatiquement, semble\u2026<\/p>\n<p class=\"fig-premium-paywall__infos\">\n        Cet article est r\u00e9serv\u00e9 aux abonn\u00e9s.        Il vous reste 84% \u00e0 d\u00e9couvrir.\n    <\/p>\n<p>                <img  data- alt=\"Le Figaro\" class=\"fig-img--complete fig-img\"\/><\/p>\n<p class=\"fig-premium-paywall__title\">Vente Flash<\/p>\n<p class=\"fig-premium-paywall__subtitle\">3,99\u20ac par mois pendant 12 mois. Sans engagement.<\/p>\n<p class=\"fig-premium-paywall__connect\">\n                D\u00e9j\u00e0 abonn\u00e9\u00a0?                <a class=\"fig-premium-paywall__connect-link\" href=\"https:\/\/connect.lefigaro.fr\/login?client=horizon_web&amp;type=main&amp;redirect_uri=https%3A%2F%2Fwww.lefigaro.fr%2Finternational%2Fsous-la-menace-de-frappes-americaines-l-iran-refuse-de-capituler-20250619\" data-js-gtm=\"{&quot;customCategorie&quot;: &quot;conversion&quot;, &quot;customAction&quot;: &quot;before_Landing_Connexion_paywall_auto&quot;, &quot;customLabel&quot;: &quot;bGVmaWdhcm8uZnJfXzFmMDRkMWE5LTEzYzEtNjhlOC1hNTI4LTJmNWUzY2MwZjViNl9fQXJ0aWNsZQ==_Sous la menace de frappes am\u00e9ricaines, l\u2019Iran refuse de capituler_229&quot;, &quot;customIDSPE&quot;: &quot;bGVmaWdhcm8uZnJfXzFmMDRkMWE5LTEzYzEtNjhlOC1hNTI4LTJmNWUzY2MwZjViNl9fQXJ0aWNsZQ==&quot;, &quot;event&quot;: &quot;customEventSPE&quot;}\" target=\"_blank\" rel=\"noopener\"><br \/>\n                    Connectez-vous<br \/>\n                <\/a>\n            <\/p>\n","protected":false},"excerpt":{"rendered":"D\u00c9CRYPTAGE &#8211; Apr\u00e8s une semaine de bombardements isra\u00e9liens, les \u00c9tats-Unis envisagent de d\u00e9truire le site d\u2019enrichissement d\u2019uranium de&hellip;\n","protected":false},"author":2,"featured_media":189292,"comment_status":"","ping_status":"","sticky":false,"template":"","format":"standard","meta":{"footnotes":""},"categories":[2],"tags":[259,11,260,1011,27,14,3019,261,12,262,25],"class_list":{"0":"post-189291","1":"post","2":"type-post","3":"status-publish","4":"format-standard","5":"has-post-thumbnail","7":"category-actualites","8":"tag-actualite-internationale","9":"tag-actualites","10":"tag-affaires-etrangeres","11":"tag-fr","12":"tag-france","13":"tag-international","14":"tag-iran","15":"tag-ministere-des-affaires-etrangeres","16":"tag-news","17":"tag-politique-etrangere","18":"tag-republique-francaise"},"share_on_mastodon":{"url":"https:\/\/pubeurope.com\/@fr\/114711979943491909","error":""},"_links":{"self":[{"href":"https:\/\/www.europesays.com\/fr\/wp-json\/wp\/v2\/posts\/189291","targetHints":{"allow":["GET"]}}],"collection":[{"href":"https:\/\/www.europesays.com\/fr\/wp-json\/wp\/v2\/posts"}],"about":[{"href":"https:\/\/www.europesays.com\/fr\/wp-json\/wp\/v2\/types\/post"}],"author":[{"embeddable":true,"href":"https:\/\/www.europesays.com\/fr\/wp-json\/wp\/v2\/users\/2"}],"replies":[{"embeddable":true,"href":"https:\/\/www.europesays.com\/fr\/wp-json\/wp\/v2\/comments?post=189291"}],"version-history":[{"count":0,"href":"https:\/\/www.europesays.com\/fr\/wp-json\/wp\/v2\/posts\/189291\/revisions"}],"wp:featuredmedia":[{"embeddable":true,"href":"https:\/\/www.europesays.com\/fr\/wp-json\/wp\/v2\/media\/189292"}],"wp:attachment":[{"href":"https:\/\/www.europesays.com\/fr\/wp-json\/wp\/v2\/media?parent=189291"}],"wp:term":[{"taxonomy":"category","embeddable":true,"href":"https:\/\/www.europesays.com\/fr\/wp-json\/wp\/v2\/categories?post=189291"},{"taxonomy":"post_tag","embeddable":true,"href":"https:\/\/www.europesays.com\/fr\/wp-json\/wp\/v2\/tags?post=189291"}],"curies":[{"name":"wp","href":"https:\/\/api.w.org\/{rel}","templated":true}]}}