{"id":189301,"date":"2025-06-19T20:50:10","date_gmt":"2025-06-19T20:50:10","guid":{"rendered":"https:\/\/www.europesays.com\/fr\/189301\/"},"modified":"2025-06-19T20:50:10","modified_gmt":"2025-06-19T20:50:10","slug":"bagnaia-face-a-la-pression-du-resultat-au-mugello","status":"publish","type":"post","link":"https:\/\/www.europesays.com\/fr\/189301\/","title":{"rendered":"Bagnaia face \u00e0 la pression du r\u00e9sultat au Mugello"},"content":{"rendered":"<p>Le chemin qu&rsquo;arpente <a href=\"https:\/\/fr.motorsport.com\/driver\/pecco-bagnaia\/109394\/\" target=\"_blank\" rel=\"noopener\">Pecco Bagnaia<\/a> en ce moment est celui d&rsquo;un lent et progressif retour vers le plus haut niveau de performance. Perdu face aux sensations que lui procurait sa moto ces derni\u00e8res semaines, il a sembl\u00e9 passer un cap lors de la course d&rsquo;Arag\u00f3n, o\u00f9 <a href=\"https:\/\/fr.motorsport.com\/motogp\/news\/bagnaia-reglages-inedits-confiance-aragon\/10730720\/\" target=\"_self\" rel=\"noopener\">un simple changement de disques de freins<\/a> a d\u00e9bloqu\u00e9 la situation.<\/p>\n<p>Il en a \u00e9t\u00e9 r\u00e9compens\u00e9 en faisant son retour sur le podium, puis en encha\u00eenant avec un bon test le lendemain. Des r\u00e9sultats encore modeste, certes, mais les sourires sont revenus et en disaient long sur le soulagement \u00e9prouv\u00e9. La question est maintenant de savoir si ces progr\u00e8s vont se confirmer, et l&rsquo;arriv\u00e9e de deux pistes que l&rsquo;Italien aime tout particuli\u00e8rement d\u00e9cuple les attentes en ce sens.<\/p>\n<p>Cette semaine, Bagnaia retrouve le Mugello pour un Grand Prix qu&rsquo;il a domin\u00e9 ces trois derni\u00e8res ann\u00e9es. Puis, le championnat encha\u00eenera directement avec Assen, piste qu&rsquo;il appr\u00e9cie tellement qu&rsquo;il la porte en tatouage et qu&rsquo;elle a pris une place \u00e0 part dans son palmar\u00e8s.<\/p>\n<p>S&rsquo;agit-il des bons circuits pour d\u00e9sormais donner la bonne impulsion \u00e0 sa saison\u00a0?\u00a0\u00ab\u00a0Il n&rsquo;y a pas de bon circuit\u00a0\u00bb, r\u00e9pond le pilote Ducati. \u00ab\u00a0Par contre, on arrive dans un bon moment, c&rsquo;est certain, parce qu&rsquo;on a r\u00e9ussi \u00e0 faire un bon step le dimanche, en Arag\u00f3n, et que c&rsquo;\u00e9tait tr\u00e8s important d&rsquo;aller tout de suite sur un circuit aussi bon pour faire des comparaisons. J&rsquo;esp\u00e8re donc qu&rsquo;on va r\u00e9ussir \u00e0 exploiter \u00e7a.\u00a0\u00bb<\/p>\n<p>Lire aussi :<\/p>\n<p>\u00ab\u00a0C&rsquo;est super de venir ici \u00e0 ce moment de la saison. J&rsquo;ai \u00e9t\u00e9 comp\u00e9titif \u00e0 la course d&rsquo;Arag\u00f3n, le dimanche, mais je pense que mes sensations ne d\u00e9pendaient pas uniquement de ce qu&rsquo;on a fait l\u00e0-bas. On va voir si j&rsquo;arrive \u00e0 avoir de bonnes sensations et de bons r\u00e9glages d\u00e8s le d\u00e9but du week-end. Je sais qu&rsquo;il est important d&rsquo;obtenir un bon r\u00e9sultat ici, et on va essayer au maximum.\u00a0\u00bb<\/p>\n<p>Pecco Bagnaia sait tout l&rsquo;enjeu de ce week-end, qui pourrait se r\u00e9v\u00e9ler \u00eatre \u00e0 double tranchant\u00a0:\u00a0\u00ab\u00a0Si je ne me sens pas bien ici, \u00e7a voudra vraiment dire qu&rsquo;il y a quelque chose qui ne va pas. C&rsquo;est la piste sur laquelle, quelle que soit la situation, je me suis toujours tr\u00e8s bien senti. Ne pas r\u00e9ussir \u00e0 \u00eatre performant ici pourrait s&rsquo;av\u00e9rer probl\u00e9matique.\u00a0\u00bb<\/p>\n<blockquote>\n<p>Si je ne me sens pas bien ici, \u00e7a voudra vraiment dire qu&rsquo;il y a quelque chose qui ne va pas.<\/p>\n<\/blockquote>\n<p>Malgr\u00e9 ce qu&rsquo;il a d\u00e9bloqu\u00e9 \u00e0 Alca\u00f1iz, Pecco Bagnaia est conscient qu&rsquo;il n&rsquo;a pas encore repris le dessus sur les deux hommes forts de ce championnat. Il maintient donc des ambitions modestes et se refuse \u00e0 viser automatiquement la victoire pour ce week-end.<\/p>\n<p>\u00ab\u00a0Je vais essayer de faire le maximum pour tenir le rythme de Marc, qui normalement sera le plus fort. Je vais essayer au moins de me battre pour la victoire\u00a0\u00bb, annonce-t-il. \u00ab\u00a0Je sais que je ne suis pas dans une situation qui me permet d&rsquo;imaginer gagner les deux courses parce qu&rsquo;on sait \u00e0 quel point Marc et \u00c1lex sont forts cette saison. Il sera important de repartir du dimanche d&rsquo;Arag\u00f3n et d&rsquo;essayer d&rsquo;imprimer notre rythme s\u00e9ance apr\u00e8s s\u00e9ance.\u00a0\u00bb<\/p>\n<p>Un autre cap \u00e0 franchir ce week-end<\/p>\n<p>\u00ab\u00a0Je pense que \u00e7a n&rsquo;est pas juste de se montrer trop prudent, mais \u00e7a ne l&rsquo;est pas non plus de cr\u00e9er trop d&rsquo;attentes. On verra. Moi, je me donne toujours au maximum. Si j&rsquo;arrive \u00e0 bien faire, je serai content, mais au final, en Arag\u00f3n, je suis revenu \u00e0 la position dans laquelle j&rsquo;\u00e9tais en d\u00e9but d&rsquo;ann\u00e9e. Proche, mais dans la m\u00eame position\u00a0\u00bb, rappelle Bagnaia, troisi\u00e8me derri\u00e8re les ind\u00e9boulonnables fr\u00e8res M\u00e1rquez.<\/p>\n<p>\u00ab\u00a0Je pense donc que c&rsquo;est un bon point de d\u00e9part, mais il faut qu&rsquo;on franchisse un autre cap ce week-end et c&rsquo;est la bonne piste pour essayer de le faire\u00a0\u00bb, ajoute-t-il. Et Bagnaia de pr\u00e9ciser qu&rsquo;il va conserver d\u00e9sormais le bras oscillant essay\u00e9 au test d&rsquo;Arag\u00f3n. En revanche, il va repasser aux disques de freins plus petits qu&rsquo;il utilisait avant cette course, jugeant que le Mugello fait moins grimper leur temp\u00e9rature que d&rsquo;autres pistes. \u00ab\u00a0Je vais commencer avec les disques standards, et si jamais la situation qu&rsquo;on a eue en Arag\u00f3n se repr\u00e9sente, on trouvera la solution.\u00a0\u00bb<\/p>\n<p>Lui qui se sait tr\u00e8s attendu pour ce rendez-vous \u00e0 domicile qui a des allures de quitte ou double compte tenu de sa situation, comment g\u00e8re-t-il la pression suppl\u00e9mentaire que cela entra\u00eene\u00a0?\u00a0\u00ab\u00a0C&rsquo;est une pression qui me pla\u00eet\u00a0\u00bb, promet-il. \u00ab\u00a0Je trouve que c&rsquo;est une super motivation d&rsquo;\u00eatre ici et d&rsquo;essayer d&rsquo;\u00eatre comp\u00e9titif au Mugello, devant tout ce public. \u00c7a a toujours \u00e9t\u00e9 positif pour moi alors je suis content.\u00a0\u00bb<\/p>\n<p>Lire aussi :<\/p>\n<p>Dans cet article<\/p>\n<p>    L\u00e9na Buffa\n<\/p>\n<p>    MotoGP\n<\/p>\n<p>    Pecco Bagnaia\n<\/p>\n<p>    Ducati Team\n<\/p>\n<p>Soyez le premier inform\u00e9 et souscrivez aux alertes mails pour recevoir les infos en temps r\u00e9el<\/p>\n<p>    S&rsquo;abonner aux alertes de news<\/p>\n","protected":false},"excerpt":{"rendered":"Le chemin qu&rsquo;arpente Pecco Bagnaia en ce moment est celui d&rsquo;un lent et progressif retour vers le plus&hellip;\n","protected":false},"author":2,"featured_media":189302,"comment_status":"","ping_status":"","sticky":false,"template":"","format":"standard","meta":{"footnotes":""},"categories":[1413],"tags":[4950,1011,27,31123,1457,1456,1458,31124,4951,60],"class_list":{"0":"post-189301","1":"post","2":"type-post","3":"status-publish","4":"format-standard","5":"has-post-thumbnail","7":"category-moto","8":"tag-ducati-team","9":"tag-fr","10":"tag-france","11":"tag-gp-ditalie","12":"tag-moto","13":"tag-motocycle","14":"tag-motogp","15":"tag-mugello","16":"tag-pecco-bagnaia","17":"tag-sports"},"share_on_mastodon":{"url":"https:\/\/pubeurope.com\/@fr\/114712007443232851","error":""},"_links":{"self":[{"href":"https:\/\/www.europesays.com\/fr\/wp-json\/wp\/v2\/posts\/189301","targetHints":{"allow":["GET"]}}],"collection":[{"href":"https:\/\/www.europesays.com\/fr\/wp-json\/wp\/v2\/posts"}],"about":[{"href":"https:\/\/www.europesays.com\/fr\/wp-json\/wp\/v2\/types\/post"}],"author":[{"embeddable":true,"href":"https:\/\/www.europesays.com\/fr\/wp-json\/wp\/v2\/users\/2"}],"replies":[{"embeddable":true,"href":"https:\/\/www.europesays.com\/fr\/wp-json\/wp\/v2\/comments?post=189301"}],"version-history":[{"count":0,"href":"https:\/\/www.europesays.com\/fr\/wp-json\/wp\/v2\/posts\/189301\/revisions"}],"wp:featuredmedia":[{"embeddable":true,"href":"https:\/\/www.europesays.com\/fr\/wp-json\/wp\/v2\/media\/189302"}],"wp:attachment":[{"href":"https:\/\/www.europesays.com\/fr\/wp-json\/wp\/v2\/media?parent=189301"}],"wp:term":[{"taxonomy":"category","embeddable":true,"href":"https:\/\/www.europesays.com\/fr\/wp-json\/wp\/v2\/categories?post=189301"},{"taxonomy":"post_tag","embeddable":true,"href":"https:\/\/www.europesays.com\/fr\/wp-json\/wp\/v2\/tags?post=189301"}],"curies":[{"name":"wp","href":"https:\/\/api.w.org\/{rel}","templated":true}]}}