{"id":189305,"date":"2025-06-19T20:52:08","date_gmt":"2025-06-19T20:52:08","guid":{"rendered":"https:\/\/www.europesays.com\/fr\/189305\/"},"modified":"2025-06-19T20:52:08","modified_gmt":"2025-06-19T20:52:08","slug":"une-jeune-cycliste-blessee-sur-le-grand-prix-cycliste-dauray-jeudi-19-juin","status":"publish","type":"post","link":"https:\/\/www.europesays.com\/fr\/189305\/","title":{"rendered":"Une jeune cycliste bless\u00e9e sur le Grand prix cycliste d\u2019Auray jeudi 19 juin"},"content":{"rendered":"<p>Ce jeudi 19 juin vers 19 h alors qu\u2019elle \u00e9tait engag\u00e9e sur <a href=\"https:\/\/www.letelegramme.fr\/morbihan\/auray-56400\/une-36e-edition-du-grand-prix-de-la-ville-dauray-sous-le-soleil-6839527.php\" rel=\"nofollow noopener\" target=\"_blank\">le grand prix cycliste d\u2019Auray<\/a> dans la cat\u00e9gorie f\u00e9minine, Lauryne Le Pottier Mahoudo a fait une chute en arrivant sur la place aux Roues \u00e0 Auray. La jeune fille \u00e2g\u00e9e de 17 ans et licenci\u00e9e \u00e0 Loud\u00e9ac a but\u00e9 contre un poteau bas. Elle est pass\u00e9e par-dessus son v\u00e9lo et a termin\u00e9 sa course dans une vitrine de magasin. Bless\u00e9e \u00e0 la clavicule, elle a \u00e9t\u00e9 prise en charge par les pompiers d\u2019Auray et transport\u00e9e \u00e0 l\u2019h\u00f4pital.<\/p>\n","protected":false},"excerpt":{"rendered":"Ce jeudi 19 juin vers 19 h alors qu\u2019elle \u00e9tait engag\u00e9e sur le grand prix cycliste d\u2019Auray dans&hellip;\n","protected":false},"author":2,"featured_media":189306,"comment_status":"","ping_status":"","sticky":false,"template":"","format":"standard","meta":{"footnotes":""},"categories":[1411],"tags":[7507,1154,207,765,118,1011,27,60],"class_list":{"0":"post-189305","1":"post","2":"type-post","3":"status-publish","4":"format-standard","5":"has-post-thumbnail","7":"category-cyclisme","8":"tag-auray","9":"tag-cycling","10":"tag-cyclisme","11":"tag-en-continu","12":"tag-faits-divers","13":"tag-fr","14":"tag-france","15":"tag-sports"},"share_on_mastodon":{"url":"https:\/\/pubeurope.com\/@fr\/114712015316313558","error":""},"_links":{"self":[{"href":"https:\/\/www.europesays.com\/fr\/wp-json\/wp\/v2\/posts\/189305","targetHints":{"allow":["GET"]}}],"collection":[{"href":"https:\/\/www.europesays.com\/fr\/wp-json\/wp\/v2\/posts"}],"about":[{"href":"https:\/\/www.europesays.com\/fr\/wp-json\/wp\/v2\/types\/post"}],"author":[{"embeddable":true,"href":"https:\/\/www.europesays.com\/fr\/wp-json\/wp\/v2\/users\/2"}],"replies":[{"embeddable":true,"href":"https:\/\/www.europesays.com\/fr\/wp-json\/wp\/v2\/comments?post=189305"}],"version-history":[{"count":0,"href":"https:\/\/www.europesays.com\/fr\/wp-json\/wp\/v2\/posts\/189305\/revisions"}],"wp:featuredmedia":[{"embeddable":true,"href":"https:\/\/www.europesays.com\/fr\/wp-json\/wp\/v2\/media\/189306"}],"wp:attachment":[{"href":"https:\/\/www.europesays.com\/fr\/wp-json\/wp\/v2\/media?parent=189305"}],"wp:term":[{"taxonomy":"category","embeddable":true,"href":"https:\/\/www.europesays.com\/fr\/wp-json\/wp\/v2\/categories?post=189305"},{"taxonomy":"post_tag","embeddable":true,"href":"https:\/\/www.europesays.com\/fr\/wp-json\/wp\/v2\/tags?post=189305"}],"curies":[{"name":"wp","href":"https:\/\/api.w.org\/{rel}","templated":true}]}}