{"id":189309,"date":"2025-06-19T20:54:09","date_gmt":"2025-06-19T20:54:09","guid":{"rendered":"https:\/\/www.europesays.com\/fr\/189309\/"},"modified":"2025-06-19T20:54:09","modified_gmt":"2025-06-19T20:54:09","slug":"nagui-victime-dun-accident-personne-ne-veut-le-remplacer-a-lanimation-quil-creve","status":"publish","type":"post","link":"https:\/\/www.europesays.com\/fr\/189309\/","title":{"rendered":"Nagui victime d\u2019un accident, personne ne veut le remplacer \u00e0 l\u2019animation : \u00ab\u00a0qu\u2019il cr\u00e8ve\u00a0\u00bb"},"content":{"rendered":"<p>Dans le milieu de la t\u00e9l\u00e9vision, on ne peut compter que sur soi-m\u00eame, ou presque. <a href=\"https:\/\/www.public.fr\/tag\/nagui\" target=\"_blank\" rel=\"noopener\">Nagui<\/a> en a visiblement fait l\u2019exp\u00e9rience il y a quelque temps. C\u2019est en tout cas ce qu\u2019a r\u00e9v\u00e9l\u00e9 <a href=\"https:\/\/vsd.fr\/tag\/nagui\/\" target=\"_blank\" rel=\"noopener\">le compagnon de M\u00e9lanie Page<\/a> ce jeudi 19 juin 2025.<\/p>\n<p>Ce jour, l\u2019animateur recevait Jalil Lespert, l\u2019ancien compagnon de <a href=\"https:\/\/www.public.fr\/tag\/laeticia-hallyday\" target=\"_blank\" rel=\"noopener\">Laeticia Hallyday<\/a>, venu faire la promotion de son nouveau film <strong>\u00ab\u00a0Dakar Chronicles\u00a0\u00bb.<\/strong> Un film documentaire qui promet de d\u00e9voiler les secrets de \u00ab\u00a0l\u2019une des courses de rallye les plus myst\u00e9rieuses de l&rsquo;histoire, permettant au public d&rsquo;acc\u00e9der aux v\u00e9rit\u00e9s les plus profondes de ces casse-cous apparemment invincibles\u00a0\u00bb.<\/p>\n<p>Cette course automobile, qui invite ses participants \u00e0 se d\u00e9passer physiquement, a fait r\u00e9agir Nagui. En effet, le pr\u00e9sentateur de<strong> \u00ab\u00a0N\u2019oubliez pas les paroles\u00a0\u00bb<\/strong> a souhait\u00e9 interroger ses chroniqueurs sur le d\u00e9passement physique, justement.\u00a0<\/p>\n<p>Nagui victime d&rsquo;une vilaine blessure avant Les Victoires de la Musique<\/p>\n<p>\u00ab\u00a0On voit des sportifs, victimes d\u2019accident, qui malgr\u00e9 une blessure, une foulure, une cheville, un coup, ou des cervicale esquint\u00e9es, continuent le Dakar\u00a0\u00bb, confie-t-il au sujet du film de Jalil Lespert. De fait, il a souhait\u00e9 interroger son \u00e9quipe et les a invit\u00e9s \u00e0 raconter une anecdote similaire, en lien avec une blessure qui ne les aurait toutefois pas emp\u00each\u00e9s d\u2019accomplir leur objectif.<\/p>\n<p>Alors que Le\u00efla Kaddour s\u2019est rem\u00e9mor\u00e9e ses matchs de baskets avec des entorses, Nagui, lui, a racont\u00e9 une c\u00e9r\u00e9monie des Victoires de la Musique, tr\u00e8s difficile \u00e0 pr\u00e9senter. \u00ab\u00a0Je me suis fait les crois\u00e9s, en plus \u00e7a fait vraiment crac. J\u2019ai eu une attelle. J\u2019avais Les Victoires de la musique \u00e0 produire et \u00e0 pr\u00e9senter trois jours apr\u00e8s\u00a0\u00bb, a-t-il expliqu\u00e9.<\/p>\n<p>Avant de poursuivre : \u00ab\u00a0<strong>Je suis rest\u00e9 pendant cinq mois sous cortisone<\/strong>, plus aucune voix. Et le pire \u00e7a a \u00e9t\u00e9 sur les r\u00e9seaux sociaux, qu\u2019il ne faut jamais regarder dans ces cas-l\u00e0\u00a0\u00bb. Dans une situation compliqu\u00e9, le pr\u00e9sentateur de<strong> \u00ab\u00a0N\u2019oubliez pas les paroles\u00a0\u00bb<\/strong> a tent\u00e9 de se faire remplacer.<\/p>\n<p>Personne n&rsquo;a souhait\u00e9 le remplacer<\/p>\n<p>Malheureusement pour lui, personne n\u2019a souhait\u00e9 prendre sa place.\u00a0\u00ab\u00a0<strong>J\u2019avais tout fait pour me faire remplacer<\/strong>, j\u2019avais demand\u00e9 \u00e0 plusieurs animateurs de venir en disant : &lsquo;Tout est pr\u00eat, vous n\u2019avez plus qu\u2019\u00e0, venez&rsquo;. Et qui tr\u00e8s \u00e9l\u00e9gamment, avaient dit non\u00a0\u00bb.<\/p>\n<p>Face \u00e0 la situation, Nagui n\u2019a pas eu d\u2019autres choix que de pr\u00e9senter la soir\u00e9e comme pr\u00e9vu.\u00a0\u00ab\u00a0Et l\u00e0, sur les r\u00e9seaux sociaux, c\u2019est : &lsquo;Regarde le mec, il n\u2019est m\u00eame pas en \u00e9tat de le faire, pourtant il s\u2019accroche au rideau, <strong>il veut rester l\u00e0, qu\u2019il cr\u00e8ve\u2019<\/strong>\u00ab\u00a0, s\u2019est-il souvenu.\u00a0<\/p>\n<p>      Mentionn\u00e9s dans cet article<\/p>\n<p>\u00c0 lire aussi<\/p>\n","protected":false},"excerpt":{"rendered":"Dans le milieu de la t\u00e9l\u00e9vision, on ne peut compter que sur soi-m\u00eame, ou presque. Nagui en a&hellip;\n","protected":false},"author":2,"featured_media":189310,"comment_status":"","ping_status":"","sticky":false,"template":"","format":"standard","meta":{"footnotes":""},"categories":[1359],"tags":[58,59,1011,27,32127,10476,10477,973,8625],"class_list":{"0":"post-189309","1":"post","2":"type-post","3":"status-publish","4":"format-standard","5":"has-post-thumbnail","7":"category-people","8":"tag-divertissement","9":"tag-entertainment","10":"tag-fr","11":"tag-france","12":"tag-jalil-lespert","13":"tag-melanie-page","14":"tag-nagui","15":"tag-people","16":"tag-victoires-de-la-musique"},"share_on_mastodon":{"url":"https:\/\/pubeurope.com\/@fr\/114712023173299393","error":""},"_links":{"self":[{"href":"https:\/\/www.europesays.com\/fr\/wp-json\/wp\/v2\/posts\/189309","targetHints":{"allow":["GET"]}}],"collection":[{"href":"https:\/\/www.europesays.com\/fr\/wp-json\/wp\/v2\/posts"}],"about":[{"href":"https:\/\/www.europesays.com\/fr\/wp-json\/wp\/v2\/types\/post"}],"author":[{"embeddable":true,"href":"https:\/\/www.europesays.com\/fr\/wp-json\/wp\/v2\/users\/2"}],"replies":[{"embeddable":true,"href":"https:\/\/www.europesays.com\/fr\/wp-json\/wp\/v2\/comments?post=189309"}],"version-history":[{"count":0,"href":"https:\/\/www.europesays.com\/fr\/wp-json\/wp\/v2\/posts\/189309\/revisions"}],"wp:featuredmedia":[{"embeddable":true,"href":"https:\/\/www.europesays.com\/fr\/wp-json\/wp\/v2\/media\/189310"}],"wp:attachment":[{"href":"https:\/\/www.europesays.com\/fr\/wp-json\/wp\/v2\/media?parent=189309"}],"wp:term":[{"taxonomy":"category","embeddable":true,"href":"https:\/\/www.europesays.com\/fr\/wp-json\/wp\/v2\/categories?post=189309"},{"taxonomy":"post_tag","embeddable":true,"href":"https:\/\/www.europesays.com\/fr\/wp-json\/wp\/v2\/tags?post=189309"}],"curies":[{"name":"wp","href":"https:\/\/api.w.org\/{rel}","templated":true}]}}