{"id":189313,"date":"2025-06-19T20:56:11","date_gmt":"2025-06-19T20:56:11","guid":{"rendered":"https:\/\/www.europesays.com\/fr\/189313\/"},"modified":"2025-06-19T20:56:11","modified_gmt":"2025-06-19T20:56:11","slug":"oyonnax-joelle-courtin-dedicace-son-livre-sur-les-piecards","status":"publish","type":"post","link":"https:\/\/www.europesays.com\/fr\/189313\/","title":{"rendered":"Oyonnax. Jo\u00eblle Courtin d\u00e9dicace son livre sur les pi\u00e9\u00e7ards"},"content":{"rendered":"<p><a href=\"https:\/\/www.leprogres.fr\/societe\/2025\/05\/19\/ex-dessinatrice-industrielle-joelle-courtin-romance-la-vie-des-piecards\" target=\"_blank\" rel=\"noopener\">Jo\u00eblle Courtin<\/a> , qui vient de publier aux \u00e9ditions MVO un roman intitul\u00e9 Les pi\u00e9\u00e7ards (20\u00a0\u20ac), sera en d\u00e9dicace \u00e0 la libraire Buffet, le samedi 28\u00a0juin. Elle a \u00e9galement pr\u00e9vu de se rendre mercredi 25\u00a0juin au magasin Cultura de Bourg-en-Bresse en matin\u00e9e, avant de prendre la direction de Viry pour une causerie \u00e0 la m\u00e9diath\u00e8que \u00e0 18 heures. Oyonnax et Viry sont au c\u0153ur de ce r\u00e9cit sur fond d\u2019histoire industrielle du Haut-Bugey, et d\u2019histoire tout court.<\/p>\n","protected":false},"excerpt":{"rendered":"Jo\u00eblle Courtin , qui vient de publier aux \u00e9ditions MVO un roman intitul\u00e9 Les pi\u00e9\u00e7ards (20\u00a0\u20ac), sera en&hellip;\n","protected":false},"author":2,"featured_media":189314,"comment_status":"","ping_status":"","sticky":false,"template":"","format":"standard","meta":{"footnotes":""},"categories":[1357],"tags":[1379,1687,58,3312,59,1011,27,1380,2410,2729,5583],"class_list":{"0":"post-189313","1":"post","2":"type-post","3":"status-publish","4":"format-standard","5":"has-post-thumbnail","7":"category-livres","8":"tag-books","9":"tag-culture-loisirs","10":"tag-divertissement","11":"tag-edition-ain-est","12":"tag-entertainment","13":"tag-fr","14":"tag-france","15":"tag-livres","16":"tag-livres-bd","17":"tag-oyonnax","18":"tag-oyonnax-bassin"},"share_on_mastodon":{"url":"https:\/\/pubeurope.com\/@fr\/114712030994847556","error":""},"_links":{"self":[{"href":"https:\/\/www.europesays.com\/fr\/wp-json\/wp\/v2\/posts\/189313","targetHints":{"allow":["GET"]}}],"collection":[{"href":"https:\/\/www.europesays.com\/fr\/wp-json\/wp\/v2\/posts"}],"about":[{"href":"https:\/\/www.europesays.com\/fr\/wp-json\/wp\/v2\/types\/post"}],"author":[{"embeddable":true,"href":"https:\/\/www.europesays.com\/fr\/wp-json\/wp\/v2\/users\/2"}],"replies":[{"embeddable":true,"href":"https:\/\/www.europesays.com\/fr\/wp-json\/wp\/v2\/comments?post=189313"}],"version-history":[{"count":0,"href":"https:\/\/www.europesays.com\/fr\/wp-json\/wp\/v2\/posts\/189313\/revisions"}],"wp:featuredmedia":[{"embeddable":true,"href":"https:\/\/www.europesays.com\/fr\/wp-json\/wp\/v2\/media\/189314"}],"wp:attachment":[{"href":"https:\/\/www.europesays.com\/fr\/wp-json\/wp\/v2\/media?parent=189313"}],"wp:term":[{"taxonomy":"category","embeddable":true,"href":"https:\/\/www.europesays.com\/fr\/wp-json\/wp\/v2\/categories?post=189313"},{"taxonomy":"post_tag","embeddable":true,"href":"https:\/\/www.europesays.com\/fr\/wp-json\/wp\/v2\/tags?post=189313"}],"curies":[{"name":"wp","href":"https:\/\/api.w.org\/{rel}","templated":true}]}}