{"id":189330,"date":"2025-06-19T21:05:12","date_gmt":"2025-06-19T21:05:12","guid":{"rendered":"https:\/\/www.europesays.com\/fr\/189330\/"},"modified":"2025-06-19T21:05:12","modified_gmt":"2025-06-19T21:05:12","slug":"72-morts-dans-des-tirs-israeliens-ce-jeudi","status":"publish","type":"post","link":"https:\/\/www.europesays.com\/fr\/189330\/","title":{"rendered":"72 morts dans des tirs isra\u00e9liens ce jeudi"},"content":{"rendered":"<p>La D\u00e9fense civile a annonc\u00e9 dans un nouveau bilan que 21 d\u2019entre elles \u00e9taient venues chercher de l\u2019aide humanitaire dans le territoire palestinien ravag\u00e9 et affam\u00e9 par plus de 20 mois de guerre.<\/p>\n<p class=\"fig-paragraph\">La D\u00e9fense civile de\u00a0<a href=\"http:\/\/www.lefigaro.fr\/international\/gaza-la-defense-civile-fait-etat-de-18-personnes-tuees-par-des-tirs-israeliens-20250619\" target=\"_blank\" data-fig-type=\"NewsFlash\" rel=\"noopener\" data-gtm-custom-categorie=\"navigation\" data-gtm-custom-action=\"crossclick\" data-gtm-custom-label=\"Contextuel\" data-gtm-event=\"customEventSPE\" data-fig-domain=\"LEFIGARO\">Gaza\u00a0<\/a>a annonc\u00e9 que 72 personnes, dont 21 venues chercher de l&rsquo;aide humanitaire, avaient \u00e9t\u00e9 tu\u00e9es par l&rsquo;<a href=\"http:\/\/www.lefigaro.fr\/international\/israel-iran-les-images-saisissantes-d-une-frappe-de-l-armee-israelienne-sur-un-site-de-lancements-de-missiles-sol-air-20250616\" target=\"_blank\" data-fig-type=\"NewsFlash\" rel=\"noopener\" data-gtm-custom-categorie=\"navigation\" data-gtm-custom-action=\"crossclick\" data-gtm-custom-label=\"Contextuel\" data-gtm-event=\"customEventSPE\" data-fig-domain=\"LEFIGARO\">arm\u00e9e isra\u00e9lienne<\/a>\u00a0jeudi 19 juin dans le territoire palestinien ravag\u00e9 et affam\u00e9 par plus de\u00a0<a href=\"http:\/\/www.lefigaro.fr\/actualite-france\/a-paris-une-marche-pro-gaza-ravivee-par-l-operation-flottille-de-la-liberte-20250614\" target=\"_blank\" data-fig-type=\"Article\" rel=\"noopener\" data-gtm-custom-categorie=\"navigation\" data-gtm-custom-action=\"crossclick\" data-gtm-custom-label=\"Contextuel\" data-gtm-event=\"customEventSPE\" data-fig-domain=\"LEFIGARO\">20 mois de guerre<\/a>.<\/p>\n<p class=\"fig-paragraph\">Six personnes ont \u00e9t\u00e9 tu\u00e9es alors qu&rsquo;elles attendaient de l&rsquo;aide pr\u00e8s de Khan Youn\u00e8s, dans le sud de la bande de Gaza, et 15 autres dans le corridor de Netzarim, dans le centre de Gaza, o\u00f9 des milliers de personnes viennent chaque jour dans l&rsquo;espoir de recevoir de la nourriture, a d\u00e9clar\u00e9 \u00e0 l&rsquo;AFP le porte-parole de la D\u00e9fense civile, Mahmoud Bassal. Selon lui, 51 autres personnes ont \u00e9t\u00e9 tu\u00e9es ce jeudi lors de neuf frappes isra\u00e9liennes distinctes dans la ville de Gaza et le nord du territoire palestinien assi\u00e9g\u00e9.<\/p>\n<p class=\"fig-paragraph\">Isra\u00ebl a impos\u00e9 d\u00e9but mars au territoire un blocus humanitaire, partiellement assoupli fin mai, qui a entra\u00een\u00e9 de tr\u00e8s graves p\u00e9nuries de nourriture, m\u00e9dicaments et autres biens de premi\u00e8re n\u00e9cessit\u00e9. La Fondation humanitaire de Gaza (GHF), soutenue par Washington et Isra\u00ebl, au financement opaque, a commenc\u00e9 \u00e0 distribuer de l\u2019aide fin mai, mais ses distributions ont \u00e9t\u00e9 marqu\u00e9es par des sc\u00e8nes chaotiques et meurtri\u00e8res.<\/p>\n<p>\u00abNous n\u2019avons pas pu les aider, ni m\u00eame nous \u00e9chapper\u00bb<\/p>\n<p class=\"fig-paragraph\">Depuis lors, 397 personnes ont \u00e9t\u00e9 tu\u00e9es et plus de 3000 autres bless\u00e9es en tentant d\u2019atteindre les points de distribution d\u2019aide \u00e0 Gaza, selon le dernier bilan actualis\u00e9 du minist\u00e8re de la Sant\u00e9 du Hamas, dont les chiffres sont jug\u00e9s fiables par l\u2019ONU.<\/p>\n<p class=\"fig-paragraph\">Concernant l\u2019incident de Netzarim, l\u2019arm\u00e9e isra\u00e9lienne a indiqu\u00e9 \u00e0 l\u2019AFP que ses soldats avaient tir\u00e9 des \u00abcoups de semonce\u00bb sur des \u00absuspects\u00bb qui s\u2019approchaient d\u2019eux, mais qu\u2019elle n\u2019avait \u00abpas connaissance de bless\u00e9s\u00bb.<\/p>\n<p class=\"fig-paragraph\">Bassam Abu Shaar, un d\u00e9plac\u00e9 palestinien, a d\u00e9clar\u00e9 \u00e0 l\u2019AFP que des milliers de personnes s\u2019\u00e9taient rassembl\u00e9es dans la nuit dans l\u2019espoir de r\u00e9cup\u00e9rer des vivres sur le site de distribution d\u2019aide g\u00e9r\u00e9 par la GHF pr\u00e8s de Netzarim, avant son ouverture dans la matin\u00e9e. \u00abVers 1h du matin, ils ont commenc\u00e9 \u00e0 nous tirer dessus. Les tirs provenant de chars, d\u2019avions et de bombes lanc\u00e9es par des drones se sont intensifi\u00e9s\u00bb, a-t-il d\u00e9clar\u00e9 \u00e0 l\u2019AFP par t\u00e9l\u00e9phone.<\/p>\n<p class=\"fig-paragraph\">Il affirme avoir vu des morts et des bless\u00e9s gisant au sol \u00e0 quelques pas du centre de la GHF. \u00abNous n\u2019avons pas pu les aider, ni m\u00eame nous \u00e9chapper\u00bb, a-t-il ajout\u00e9, affirmant s\u2019\u00eatre trouv\u00e9 pi\u00e9g\u00e9 au milieu d\u2019une foule dense. Les victimes ont \u00e9t\u00e9 transport\u00e9es vers les h\u00f4pitaux Al-Awda et Al-Aqsa, dans le nord et le centre du territoire, selon la D\u00e9fense civile.<\/p>\n","protected":false},"excerpt":{"rendered":"La D\u00e9fense civile a annonc\u00e9 dans un nouveau bilan que 21 d\u2019entre elles \u00e9taient venues chercher de l\u2019aide&hellip;\n","protected":false},"author":2,"featured_media":189331,"comment_status":"","ping_status":"","sticky":false,"template":"","format":"standard","meta":{"footnotes":""},"categories":[5],"tags":[259,11,260,3259,1011,27,665,14,261,12,262,28],"class_list":{"0":"post-189330","1":"post","2":"type-post","3":"status-publish","4":"format-standard","5":"has-post-thumbnail","7":"category-international","8":"tag-actualite-internationale","9":"tag-actualites","10":"tag-affaires-etrangeres","11":"tag-conflit-israelo-palestinien","12":"tag-fr","13":"tag-france","14":"tag-gaza","15":"tag-international","16":"tag-ministere-des-affaires-etrangeres","17":"tag-news","18":"tag-politique-etrangere","19":"tag-world"},"share_on_mastodon":{"url":"https:\/\/pubeurope.com\/@fr\/114712066408178247","error":""},"_links":{"self":[{"href":"https:\/\/www.europesays.com\/fr\/wp-json\/wp\/v2\/posts\/189330","targetHints":{"allow":["GET"]}}],"collection":[{"href":"https:\/\/www.europesays.com\/fr\/wp-json\/wp\/v2\/posts"}],"about":[{"href":"https:\/\/www.europesays.com\/fr\/wp-json\/wp\/v2\/types\/post"}],"author":[{"embeddable":true,"href":"https:\/\/www.europesays.com\/fr\/wp-json\/wp\/v2\/users\/2"}],"replies":[{"embeddable":true,"href":"https:\/\/www.europesays.com\/fr\/wp-json\/wp\/v2\/comments?post=189330"}],"version-history":[{"count":0,"href":"https:\/\/www.europesays.com\/fr\/wp-json\/wp\/v2\/posts\/189330\/revisions"}],"wp:featuredmedia":[{"embeddable":true,"href":"https:\/\/www.europesays.com\/fr\/wp-json\/wp\/v2\/media\/189331"}],"wp:attachment":[{"href":"https:\/\/www.europesays.com\/fr\/wp-json\/wp\/v2\/media?parent=189330"}],"wp:term":[{"taxonomy":"category","embeddable":true,"href":"https:\/\/www.europesays.com\/fr\/wp-json\/wp\/v2\/categories?post=189330"},{"taxonomy":"post_tag","embeddable":true,"href":"https:\/\/www.europesays.com\/fr\/wp-json\/wp\/v2\/tags?post=189330"}],"curies":[{"name":"wp","href":"https:\/\/api.w.org\/{rel}","templated":true}]}}