{"id":189348,"date":"2025-06-19T21:16:18","date_gmt":"2025-06-19T21:16:18","guid":{"rendered":"https:\/\/www.europesays.com\/fr\/189348\/"},"modified":"2025-06-19T21:16:18","modified_gmt":"2025-06-19T21:16:18","slug":"la-street-artiste-miss-tic-a-lhonneur-au-musee-parcelle473","status":"publish","type":"post","link":"https:\/\/www.europesays.com\/fr\/189348\/","title":{"rendered":"la street artiste Miss.Tic \u00e0 l&rsquo;honneur au mus\u00e9e Parcelle473"},"content":{"rendered":"<p>\n\t\t\t\t\tLe mus\u00e9e Parcelle473 met \u00e0 l&rsquo;honneur l&rsquo;artiste Miss.Tic \u00e0 l&rsquo;occasion de l\u2019exposition \u00ab Dame de pique, Reine de c\u0153ur \u00bb, du 19 juin au 12 octobre.\t\t\t\t<\/p>\n<p>\n\t\t\t\t\t\t\t\t\t\u00a9 InfOccitanie \u2013 A.F \/ De nombreuses oeuvres de Miss.Tic sont \u00e0 d\u00e9couvrir.\t\t\t\t\t\t\t\t<\/p>\n<p>La street artiste <strong>Miss.Tic <\/strong>est \u00e0 l\u2019honneur au mus\u00e9e <a href=\"https:\/\/www.parcelle473.com\/\" target=\"_blank\" rel=\"nofollow noopener\"><strong>Parcelle473<\/strong><\/a> \u00e0 <a href=\"https:\/\/infoccitanie.fr\/tag\/montpellier\/\" target=\"_blank\" rel=\"noopener\">Montpellier<\/a>. Les oeuvres de l\u2019artiste sont reconnaissables par leurs silhouettes f\u00e9minines percutantes et leurs phrases incisives. Cette exposition met \u00e0 l\u2019honneur les grands th\u00e8mes de son travail : <strong>la libert\u00e9, la f\u00e9minit\u00e9 et l\u2019insolence<\/strong>. Pour Laurent Rigail, co-fondateur du mus\u00e9e, cette exposition est un hommage \u00e0 l\u2019artiste, dont il \u00e9tait l\u2019ami et le galeriste pendant 10 ans. \u00ab Lorsque j\u2019ai ouvert le mus\u00e9e \u00e0 Montpellier en 2022, j\u2019ai propos\u00e9 \u00e0 Miss.Tic de lui d\u00e9dier une exposition. C\u2019est \u00e0 ce moment-l\u00e0 qu\u2019elle m\u2019a annonc\u00e9 qu\u2019elle \u00e9tait affaiblie et les choses ne se sont pas faites. C\u2019est le dernier \u00e9change que j\u2019ai eu avec elle. Cette exposition me tient particuli\u00e8rement \u00e0 c\u0153ur, c\u2019est une sorte d\u2019hommage\u00a0\u00bb, a-t-il d\u00e9clar\u00e9.<\/p>\n<p>Retour en images<\/p>\n<p><img fetchpriority=\"high\" decoding=\"async\" width=\"1024\" height=\"768\" src=\"https:\/\/www.europesays.com\/fr\/wp-content\/uploads\/2025\/06\/3788-montpellier-1024x768.jpeg\" alt=\"\" class=\"wp-image-117492\"  \/>InfOccitanie \u2013 A.F \/ L\u2019exposition s\u2019intitule \u00ab\u00a0\u00ab Dame de pique, Reine de c\u0153ur \u00bb.<\/p>\n<p><img loading=\"lazy\" decoding=\"async\" width=\"1024\" height=\"768\" src=\"https:\/\/www.europesays.com\/fr\/wp-content\/uploads\/2025\/06\/3781-montpellier-1024x768.jpeg\" alt=\"\" class=\"wp-image-117491\"  \/>InfOccitanie \u2013 A.F \/ L\u2019artiste se d\u00e9marque pour ses oeuvres compos\u00e9es de silhouettes f\u00e9minines et de phrases incisives.<\/p>\n<p><img loading=\"lazy\" decoding=\"async\" width=\"1024\" height=\"768\" src=\"https:\/\/www.europesays.com\/fr\/wp-content\/uploads\/2025\/06\/3795-montpellier-1024x768.jpeg\" alt=\"\" class=\"wp-image-117493\"  \/>InfOccitanie \u2013 A.F \/ \u00ab\u00a0Je n\u2019ai de maternelle que la langue.\u00a0\u00bb<\/p>\n<p><img loading=\"lazy\" decoding=\"async\" width=\"1024\" height=\"768\" src=\"https:\/\/www.europesays.com\/fr\/wp-content\/uploads\/2025\/06\/3802-montpellier-1024x768.jpeg\" alt=\"\" class=\"wp-image-117494\"  \/>InfOccitanie \u2013 A.F \/ D\u2019autres pi\u00e8ces en r\u00e9f\u00e9rence \u00e0 Miss.Tic sont expos\u00e9es.<\/p>\n<p><img loading=\"lazy\" decoding=\"async\" width=\"1024\" height=\"768\" src=\"https:\/\/www.europesays.com\/fr\/wp-content\/uploads\/2025\/06\/3774-montpellier-1024x768.jpeg\" alt=\"\" class=\"wp-image-117490\"  \/>InfOccitanie \u2013 A.F \/ \u00ab\u00a0Mon corps est un chant de bataille\u00a0\u00bb<\/p>\n<p><img loading=\"lazy\" decoding=\"async\" width=\"1024\" height=\"768\" src=\"https:\/\/www.europesays.com\/fr\/wp-content\/uploads\/2025\/06\/3809-montpellier-1024x768.jpeg\" alt=\"\" class=\"wp-image-117495\"  \/>InfOccitanie \u2013 A.F \/ \u00ab\u00a0Partir et laisser mon ombre r\u00eaveuse.<\/p>\n","protected":false},"excerpt":{"rendered":"Le mus\u00e9e Parcelle473 met \u00e0 l&rsquo;honneur l&rsquo;artiste Miss.Tic \u00e0 l&rsquo;occasion de l\u2019exposition \u00ab Dame de pique, Reine de&hellip;\n","protected":false},"author":2,"featured_media":189349,"comment_status":"","ping_status":"","sticky":false,"template":"","format":"standard","meta":{"footnotes":""},"categories":[9599],"tags":[1111,11,1777,674,1011,27,2208,3048,12,2680,25],"class_list":{"0":"post-189348","1":"post","2":"type-post","3":"status-publish","4":"format-standard","5":"has-post-thumbnail","7":"category-montpellier","8":"tag-actu","9":"tag-actualites","10":"tag-eu","11":"tag-europe","12":"tag-fr","13":"tag-france","14":"tag-montpellier","15":"tag-musee","16":"tag-news","17":"tag-occitanie","18":"tag-republique-francaise"},"share_on_mastodon":{"url":"https:\/\/pubeurope.com\/@fr\/114712109831706239","error":""},"_links":{"self":[{"href":"https:\/\/www.europesays.com\/fr\/wp-json\/wp\/v2\/posts\/189348","targetHints":{"allow":["GET"]}}],"collection":[{"href":"https:\/\/www.europesays.com\/fr\/wp-json\/wp\/v2\/posts"}],"about":[{"href":"https:\/\/www.europesays.com\/fr\/wp-json\/wp\/v2\/types\/post"}],"author":[{"embeddable":true,"href":"https:\/\/www.europesays.com\/fr\/wp-json\/wp\/v2\/users\/2"}],"replies":[{"embeddable":true,"href":"https:\/\/www.europesays.com\/fr\/wp-json\/wp\/v2\/comments?post=189348"}],"version-history":[{"count":0,"href":"https:\/\/www.europesays.com\/fr\/wp-json\/wp\/v2\/posts\/189348\/revisions"}],"wp:featuredmedia":[{"embeddable":true,"href":"https:\/\/www.europesays.com\/fr\/wp-json\/wp\/v2\/media\/189349"}],"wp:attachment":[{"href":"https:\/\/www.europesays.com\/fr\/wp-json\/wp\/v2\/media?parent=189348"}],"wp:term":[{"taxonomy":"category","embeddable":true,"href":"https:\/\/www.europesays.com\/fr\/wp-json\/wp\/v2\/categories?post=189348"},{"taxonomy":"post_tag","embeddable":true,"href":"https:\/\/www.europesays.com\/fr\/wp-json\/wp\/v2\/tags?post=189348"}],"curies":[{"name":"wp","href":"https:\/\/api.w.org\/{rel}","templated":true}]}}