{"id":189350,"date":"2025-06-19T21:17:10","date_gmt":"2025-06-19T21:17:10","guid":{"rendered":"https:\/\/www.europesays.com\/fr\/189350\/"},"modified":"2025-06-19T21:17:10","modified_gmt":"2025-06-19T21:17:10","slug":"pres-de-rouen-la-classe-de-cette-ecole-maternelle-pourrait-bientot-depasser-les-40-eleves","status":"publish","type":"post","link":"https:\/\/www.europesays.com\/fr\/189350\/","title":{"rendered":"Pr\u00e8s de Rouen, la classe de cette \u00e9cole maternelle pourrait bient\u00f4t d\u00e9passer les 40 \u00e9l\u00e8ves"},"content":{"rendered":"<p>            Par<br \/>\n        <strong><br \/>\n            <a href=\"https:\/\/actu.fr\/auteur\/le-journal-delbeuf\" title=\"Consulter tous les articles de R\u00e9daction Elbeuf\" target=\"_blank\" rel=\"noopener\">R\u00e9daction Elbeuf<\/a><br \/>\n        <\/strong><\/p>\n<p>        Publi\u00e9 le<\/p>\n<p>            19 juin 2025 \u00e0 16h00        <\/p>\n<p>L\u2019ambiance \u00e9tait encore \u00e0 la f\u00eate durant la kermesse de l\u2019\u00e9cole Andr\u00e9 Malraux de <a href=\"https:\/\/actu.fr\/normandie\/saint-aubin-les-elbeuf_76561\" target=\"_blank\" rel=\"noopener\">Saint-Aubin-l\u00e8s-Elbeuf (Seine-Maritime)<\/a> et les parents d\u2019\u00e9l\u00e8ves ne laissaient rien voir de leur <b>inqui\u00e9tude<\/b>.<\/p>\n<p class=\" wall-content\">En effet, comment ne pas \u00eatre soucieux quand on sait que dans l\u2019\u00e9tat actuel des choses, leurs enfants pourraient \u00eatre accueillis \u00e0 la rentr\u00e9e 2025 dans une <b>classe \u00e0 40\u00a0\u00e9l\u00e8ves<\/b>.<\/p>\n<p>Un apprentissage d\u00e9grad\u00e9<\/p>\n<p class=\" wall-content\">Cette situation, qui semble improbable, est pourtant celle qui menace l\u2019\u00e9cole maternelle si aucune <b>ouverture de classe<\/b> n\u2019a lieu. Il n\u2019y a qu\u2019\u00e0 savoir compter pour s\u2019en apercevoir.<\/p>\n<p class=\" wall-content\">\u00ab\u2009Petite, moyenne et grande sections confondues, il y a d\u00e9j\u00e0 une pr\u00e9vision de <b>89\u00a0\u00e9l\u00e8ves inscrits<\/b> pour trois classes existantes. De plus, ce ne sont que des classes \u00e0 double niveau et la loi stipule bien qu\u2019en cas d\u2019\u00e9l\u00e8ve de grande section dans une classe, l\u2019effectif maximum du groupe ne peut \u00eatre que de 24, soit selon cette l\u00e9gislation appliqu\u00e9e \u00e0 Malraux, deux classes \u00e0 24\u00a0\u00e9l\u00e8ves et celle qui reste \u00e0 41. Et encore, ne sont pas pris en compte ceux qui ne sont pas encore inscrits\u2009\u00bb, explique math\u00e9matiquement Estelle Hivert, pr\u00e9sidente des parents d\u2019\u00e9l\u00e8ves.<\/p>\n<p class=\" wall-content\">Quarante et un bambins de trois ou quatre ans, \u00e0 l\u2019autonomie limit\u00e9e, pour une enseignante et un agent territorial sp\u00e9cialis\u00e9 des \u00e9coles maternelles (Atsem)\u2026 Outre les probl\u00e8mes \u00e9vidents de <b>s\u00e9curit\u00e9 <\/b>que cela pose, il y a aussi des doutes sur la p\u00e9dagogie qui pourra \u00eatre dispens\u00e9e dans ces conditions. Sauf si de nombreux parents peuvent se lib\u00e9rer de leur travail, ce sont aussi les sorties scolaires qui devraient \u00eatre annul\u00e9es puisqu\u2019\u00e0 cet \u00e2ge, le taux d\u2019encadrement est d\u2019un adulte pour quatre \u00e9l\u00e8ves.<\/p>\n<p>Vid\u00e9os : en ce moment sur ActuTout est pr\u00eat pour accueillir un enseignant de plus<\/p>\n<p class=\" wall-content\">Alors, comment en est-on arriv\u00e9 l\u00e0\u2009? Avec la construction de nouveaux lotissements sur les hauteurs de Saint-Aubin, des familles sont arriv\u00e9es avec de jeunes enfants dont l\u2019\u00e9tablissement de secteur est l\u2019\u00e9cole Malraux, qui accueille d\u00e9j\u00e0 tout le <b>quartier des Novales<\/b> et celui de <b>l\u2019Avenue de l\u2019Europe<\/b>, lui aussi sorti de terre apr\u00e8s la cr\u00e9ation de l\u2019\u00e9cole.<\/p>\n<p class=\" wall-content\">R\u00e9unis en collectif, les parents d\u2019\u00e9l\u00e8ves ont donc fait une demande de cr\u00e9ation de classe aupr\u00e8s de l\u2019<b>Inspection d\u2019Acad\u00e9mie<\/b>. Sur le papier, le projet a tout ce qu\u2019il faut pour convaincre.<\/p>\n<blockquote class=\"ac-article-quote wall-content\">\n<p>\u00ab\u2009D\u00e9j\u00e0, il n\u2019y aura aucuns travaux \u00e0 faire puisque l\u2019\u00e9cole dispose d\u2019une quatri\u00e8me salle de classe toute \u00e9quip\u00e9e et pr\u00eate \u00e0 accueillir des \u00e9l\u00e8ves. Ensuite, le quartier des Novales nous place en Zone d\u2019\u00e9ducation prioritaire et nous rend donc de facto prioritaire pour obtenir cette ouverture de classe. Enfin, la mairie a d\u00e9j\u00e0 d\u00e9sign\u00e9 une Atsem. Il ne manque juste que l\u2019enseignante et l\u00e0, il n\u2019y a que l\u2019Inspection d\u2019Acad\u00e9mie qui peut faire quelque chose.\u2009\u00bb<\/p>\n<p>Estelle Hivert, pr\u00e9sidente des parents d\u2019\u00e9l\u00e8ves<\/p><\/blockquote>\n<p class=\" wall-content\">Entre les stands de la kermesse, samedi 14\u00a0juin, une <b>p\u00e9tition <\/b>circulait. Loin de vouloir aller au bras de fer avec l\u2019administration, le collectif de parents n\u2019en est pas moins d\u00e9cid\u00e9 \u00e0 montrer sa d\u00e9termination et sa mobilisation. Leur demande doit passer en commission le mardi 24\u00a0juin 2025. De la d\u00e9cision prise d\u00e9pendra la suite de <b>leur lutte<\/b> et le ton qui y sera donn\u00e9.<\/p>\n<p class=\" wall-content\">Suivez toute l\u2019actualit\u00e9 de vos villes et m\u00e9dias favoris en vous inscrivant \u00e0 <a href=\"https:\/\/moncompte.actu.fr\" title=\"D\u00e9couvez Mon Actu\" rel=\"nofollow noopener\" data-trk=\"{&quot;cta&quot;:{&quot;action&quot;:&quot;https:\\\/\\\/moncompte.actu.fr&quot;,&quot;category&quot;:&quot;mon compte&quot;,&quot;from&quot;:&quot;article footer&quot;,&quot;name&quot;:&quot;Mon actu&quot;,&quot;type&quot;:&quot;cta&quot;}}\" target=\"_blank\">Mon Actu<\/a>.<\/p>\n","protected":false},"excerpt":{"rendered":"Par R\u00e9daction Elbeuf Publi\u00e9 le 19 juin 2025 \u00e0 16h00 L\u2019ambiance \u00e9tait encore \u00e0 la f\u00eate durant la&hellip;\n","protected":false},"author":2,"featured_media":189351,"comment_status":"","ping_status":"","sticky":false,"template":"","format":"standard","meta":{"footnotes":""},"categories":[9587],"tags":[1111,11,4019,1777,674,17775,1011,27,12,5161,10918,25,9590,104],"class_list":{"0":"post-189350","1":"post","2":"type-post","3":"status-publish","4":"format-standard","5":"has-post-thumbnail","7":"category-rouen","8":"tag-actu","9":"tag-actualites","10":"tag-ecoles","11":"tag-eu","12":"tag-europe","13":"tag-fermetures-de-classes","14":"tag-fr","15":"tag-france","16":"tag-news","17":"tag-normandie","18":"tag-rentree-scolaire","19":"tag-republique-francaise","20":"tag-rouen","21":"tag-societe"},"share_on_mastodon":{"url":"https:\/\/pubeurope.com\/@fr\/114712113508100899","error":""},"_links":{"self":[{"href":"https:\/\/www.europesays.com\/fr\/wp-json\/wp\/v2\/posts\/189350","targetHints":{"allow":["GET"]}}],"collection":[{"href":"https:\/\/www.europesays.com\/fr\/wp-json\/wp\/v2\/posts"}],"about":[{"href":"https:\/\/www.europesays.com\/fr\/wp-json\/wp\/v2\/types\/post"}],"author":[{"embeddable":true,"href":"https:\/\/www.europesays.com\/fr\/wp-json\/wp\/v2\/users\/2"}],"replies":[{"embeddable":true,"href":"https:\/\/www.europesays.com\/fr\/wp-json\/wp\/v2\/comments?post=189350"}],"version-history":[{"count":0,"href":"https:\/\/www.europesays.com\/fr\/wp-json\/wp\/v2\/posts\/189350\/revisions"}],"wp:featuredmedia":[{"embeddable":true,"href":"https:\/\/www.europesays.com\/fr\/wp-json\/wp\/v2\/media\/189351"}],"wp:attachment":[{"href":"https:\/\/www.europesays.com\/fr\/wp-json\/wp\/v2\/media?parent=189350"}],"wp:term":[{"taxonomy":"category","embeddable":true,"href":"https:\/\/www.europesays.com\/fr\/wp-json\/wp\/v2\/categories?post=189350"},{"taxonomy":"post_tag","embeddable":true,"href":"https:\/\/www.europesays.com\/fr\/wp-json\/wp\/v2\/tags?post=189350"}],"curies":[{"name":"wp","href":"https:\/\/api.w.org\/{rel}","templated":true}]}}