{"id":189358,"date":"2025-06-19T21:22:17","date_gmt":"2025-06-19T21:22:17","guid":{"rendered":"https:\/\/www.europesays.com\/fr\/189358\/"},"modified":"2025-06-19T21:22:17","modified_gmt":"2025-06-19T21:22:17","slug":"des-ventilateurs-geants-installes-a-la-gare-de-rennes-pour-lutter-contre-la-chaleur","status":"publish","type":"post","link":"https:\/\/www.europesays.com\/fr\/189358\/","title":{"rendered":"Des ventilateurs g\u00e9ants install\u00e9s \u00e0 la gare de Rennes pour lutter contre la chaleur"},"content":{"rendered":"<tr wp_automatic_readability=\"5.8767123287671\">\n<td valign=\"middle\" align=\"center\" class=\"col-logo\" wp_automatic_readability=\"5\">\n    <img decoding=\"async\" src=\"https:\/\/maville.com\/design\/images\/logo-of-monetise.svg?version=20130627\" alt=\"logo Ouest-France\" height=\"66\"\/><\/p>\n<p>Contenu r\u00e9serv\u00e9 aux abonn\u00e9s<\/p>\n<\/td>\n<td class=\"col-titre\">\n\t\t\tJeudi 19 juin 2025 19:48<br \/>\n\t\t\t<a class=\"icon-bulle sizeL count\" href=\"#ancreAvis\"><br \/>\n\t&#8230;<br \/>\n<\/a><\/td>\n<\/tr>\n<p>\t\t<a class=\"mavillebox2 elmt-photo\" href=\"https:\/\/maville.com\/photosmvi\/2025\/06\/19\/P35301570D6862020G.jpg\" title=\" La SNCF a install\u00e9 des ventilateurs g\u00e9ants sous les verri\u00e8res, notamment dans la\u00a0zone des d\u00e9parts.  \u00a9  Ouest-France  &lt;!--TAG-BLC credit--&gt;\" rel=\"galerie_actu nofollow noopener\" target=\"_blank\"><br \/>\n\t<img decoding=\"async\" src=\"https:\/\/www.europesays.com\/fr\/wp-content\/uploads\/2025\/06\/P35301570D6862020G_crop_640-330_.jpg\" alt=\"photo  la sncf a install\u00e9 des ventilateurs g\u00e9ants sous les verri\u00e8res, notamment dans la\u00a0zone des d\u00e9parts.  \u00a9  ouest-france \"\/><br \/>\n\t2<br \/>\n<\/a><\/p>\n<p class=\"elmt-legende\"> La SNCF a install\u00e9 des ventilateurs g\u00e9ants sous les verri\u00e8res, notamment dans la\u00a0zone des d\u00e9parts.  \u00a9  Ouest-France  <\/p>\n<p><a class=\"mavillebox2\" href=\"https:\/\/maville.com\/photosmvi\/2025\/06\/19\/P35301571D6862020G.jpg\" title=\"d&#039;imposants ventilateurs ont \u00e9t\u00e9 install\u00e9s depuis le 10 juin 2025 \u00e0 la gare sncf de rennes (ille-et-vilaine). \u00a9  ouest-france \" rel=\"galerie_actu nofollow noopener\" target=\"_blank\"><\/p>\n<p>\t\tDe tr\u00e8s grands ventilateurs ont \u00e9t\u00e9 mis en service depuis le 10\u00a0juin 2025 en gare de Rennes (Ille-et-Vilaine). Objectif\u00a0: rafra\u00eechir les espaces, alors que la SNCF a fait le choix de ne pas climatiser la gare.<\/p>\n<p><b>Cet article est r\u00e9serv\u00e9 aux abonn\u00e9s<\/b><\/p>\n<p>Pour un acc\u00e8s imm\u00e9diat, abonnez-vous<\/p>\n<p><b>1\u00e8re semaine offerte<\/b><\/p>\n<p>\t\tOuest-France<\/p>\n<p>Retrouvez d&rsquo;autres actus sur la commune de :<\/p>\n<p>\t\t&#13;<\/p>\n","protected":false},"excerpt":{"rendered":"Contenu r\u00e9serv\u00e9 aux abonn\u00e9s Jeudi 19 juin 2025 19:48 &#8230; 2 La SNCF a install\u00e9 des ventilateurs g\u00e9ants&hellip;\n","protected":false},"author":2,"featured_media":189359,"comment_status":"","ping_status":"","sticky":false,"template":"","format":"standard","meta":{"footnotes":""},"categories":[2821],"tags":[1111,11,14015,829,13208,1777,674,1011,27,7533,4926,32717,2691,12,584,25,32716],"class_list":{"0":"post-189358","1":"post","2":"type-post","3":"status-publish","4":"format-standard","5":"has-post-thumbnail","7":"category-rennes","8":"tag-actu","9":"tag-actualites","10":"tag-alencon","11":"tag-bretagne","12":"tag-chaleur","13":"tag-eu","14":"tag-europe","15":"tag-fr","16":"tag-france","17":"tag-gare","18":"tag-geants","19":"tag-installes","20":"tag-lutter","21":"tag-news","22":"tag-rennes","23":"tag-republique-francaise","24":"tag-ventilateurs"},"share_on_mastodon":{"url":"https:\/\/pubeurope.com\/@fr\/114712133384156927","error":""},"_links":{"self":[{"href":"https:\/\/www.europesays.com\/fr\/wp-json\/wp\/v2\/posts\/189358","targetHints":{"allow":["GET"]}}],"collection":[{"href":"https:\/\/www.europesays.com\/fr\/wp-json\/wp\/v2\/posts"}],"about":[{"href":"https:\/\/www.europesays.com\/fr\/wp-json\/wp\/v2\/types\/post"}],"author":[{"embeddable":true,"href":"https:\/\/www.europesays.com\/fr\/wp-json\/wp\/v2\/users\/2"}],"replies":[{"embeddable":true,"href":"https:\/\/www.europesays.com\/fr\/wp-json\/wp\/v2\/comments?post=189358"}],"version-history":[{"count":0,"href":"https:\/\/www.europesays.com\/fr\/wp-json\/wp\/v2\/posts\/189358\/revisions"}],"wp:featuredmedia":[{"embeddable":true,"href":"https:\/\/www.europesays.com\/fr\/wp-json\/wp\/v2\/media\/189359"}],"wp:attachment":[{"href":"https:\/\/www.europesays.com\/fr\/wp-json\/wp\/v2\/media?parent=189358"}],"wp:term":[{"taxonomy":"category","embeddable":true,"href":"https:\/\/www.europesays.com\/fr\/wp-json\/wp\/v2\/categories?post=189358"},{"taxonomy":"post_tag","embeddable":true,"href":"https:\/\/www.europesays.com\/fr\/wp-json\/wp\/v2\/tags?post=189358"}],"curies":[{"name":"wp","href":"https:\/\/api.w.org\/{rel}","templated":true}]}}