{"id":189378,"date":"2025-06-19T21:32:15","date_gmt":"2025-06-19T21:32:15","guid":{"rendered":"https:\/\/www.europesays.com\/fr\/189378\/"},"modified":"2025-06-19T21:32:15","modified_gmt":"2025-06-19T21:32:15","slug":"demi-finale-de-top-14-toulouse-va-tenter-de-faire-chavirer-laviron-bayonnais-pour-une-3e-finale-daffilee","status":"publish","type":"post","link":"https:\/\/www.europesays.com\/fr\/189378\/","title":{"rendered":"Demi-finale de Top 14. Toulouse va tenter de faire chavirer l\u2019Aviron Bayonnais pour une 3e finale d\u2019affil\u00e9e"},"content":{"rendered":"<p>            Par<br \/>\n        <strong><br \/>\n            <a href=\"https:\/\/actu.fr\/auteur\/ancelin-emeryhenriot\" title=\"Consulter tous les articles de Ancelin Emery-Henriot\" target=\"_blank\" rel=\"noopener\">Ancelin Emery-Henriot<\/a><br \/>\n        <\/strong><\/p>\n<p>        Publi\u00e9 le<\/p>\n<p>            19 juin 2025 \u00e0 20h02        <\/p>\n<p>C\u2019est l\u2019heure. Apr\u00e8s avoir pass\u00e9 les 11 derni\u00e8res journ\u00e9es de la phase r\u00e9guli\u00e8re de Top\u00a014 en t\u00eate, le Stade <a href=\"https:\/\/actu.fr\/toulouse\/\" target=\"_blank\" rel=\"noopener\">Toulousain<\/a> va enfin lancer sa <strong>phase finale<\/strong> ce vendredi 20\u00a0juin. Vainqueur de Clermont le week-end dernier, c\u2019est le surprenant <strong>Aviron Bayonnais<\/strong> qui viendra d\u00e9fier les rouges et noirs au Groupama Stadium. Un match qui pourrait s\u2019av\u00e9rer <strong>plus \u00e9quilibr\u00e9<\/strong> que ce que les s\u00e9lections nationales peuvent laisser penser.<\/p>\n<p>Un Aviron arm\u00e9<\/p>\n<p class=\" wall-content\">Car si les Haut-Garonnais pourront bien \u00e9videmment compter sur leur armada <strong>d\u2019internationaux<\/strong>, l\u2019Aviron tient plus du <strong>navire de guerre<\/strong> cette saison. En effet, Bayonne a de nombreuses armes \u00e0 faire valoir et un statut d\u2019outsider qui pourrait lui \u00f4ter beaucoup de pression. La menace num\u00e9ro 1 pour la d\u00e9fense rouge et noire se situera au centre du terrain, en la personne de <strong>Sireli Maqala<\/strong>.<\/p>\n<p class=\" wall-content\">L\u2019international fidjien r\u00e9alise <strong>une saison XXL<\/strong> dans le Pays basque, o\u00f9, outre ses 11 essais, il s\u2019est r\u00e9v\u00e9l\u00e9 comme l\u2019un des attaquants les plus dangereux du Top\u00a014. Les Toulousains pourraient aussi avoir affaire \u00e0 l\u2019ailier <strong>Tom Spring<\/strong>, en feu contre Clermont, ou au sniper <strong>Joris Segonds<\/strong>. Dans le pack les pr\u00e9sences d\u2019Arthur Iturria, Facundo Bosch ou encore Giovanni Habel-K\u00fcffner vont \u00eatre <strong>des probl\u00e8mes<\/strong> pour les Toulousains.<\/p>\n<p>R\u00e9\u00e9crire l\u2019histoire<\/p>\n<p class=\" wall-content\">30\u00a0acteurs qui \u00e9criront, quel que soit le r\u00e9sultat final, <strong>un petit bout d\u2019histoire<\/strong> du Top\u00a014. Au cr\u00e9puscule d\u2019une saison d\u00e9j\u00e0 in\u00e9dite, l\u2019Aviron pourrait rallier <strong>sa premi\u00e8re finale<\/strong> dans l\u2019\u00e8re du Top\u00a014. La derni\u00e8re si on englobe le Championnat de France remonte \u00e0 1982. Le Stade Toulousain pourrait, lui, devenir la quatri\u00e8me \u00e9quipe seulement \u00e0 jouer <strong>trois finales d\u2019affil\u00e9es<\/strong> depuis que le rugby est professionnel. Il s\u2019offrirait ainsi la possibilit\u00e9 de r\u00e9aliser <strong>le premier tripl\u00e9<\/strong> depuis ce tournant.<\/p>\n<p>Vid\u00e9os : en ce moment sur Actu<\/p>\n<p class=\" wall-content\">Malheureusement pour les fans de ballon ovale, <strong>un nombre cons\u00e9quent de blessures<\/strong> va venir ternir un choc qui aurait gagn\u00e9 \u00e0 se d\u00e9rouler dans des conditions optimales. Les Stadistes seront priv\u00e9s d\u2019<strong>Antoine Dupont<\/strong>, Peato Mauvaka, Ange Capuozzo ou encore Paul Costes. Au rayon des <strong>bonnes nouvelles<\/strong>, Blair Kinghorn et Pierre-Louis Barassi devraient postuler. De son c\u00f4t\u00e9, Bayonne a perdu Baptiste Chouzenoux et Cheikh Tiberghien lors de son barrage. Le titan <strong>Manu Tuilagi va aussi manquer<\/strong> cruellement aux Basques.<\/p>\n<p><strong>Infos Pratiques<\/strong><br \/>Coup d\u2019envoi de la rencontre le vendredi 20 juin \u00e0 21 h 05<br \/>Diffusion sur Canal +<\/p>\n<p class=\" wall-content\">Suivez toute l\u2019actualit\u00e9 de vos villes et m\u00e9dias favoris en vous inscrivant \u00e0 <a href=\"https:\/\/moncompte.actu.fr\" title=\"D\u00e9couvez Mon Actu\" rel=\"nofollow noopener\" data-trk=\"{&quot;cta&quot;:{&quot;action&quot;:&quot;https:\\\/\\\/moncompte.actu.fr&quot;,&quot;category&quot;:&quot;mon compte&quot;,&quot;from&quot;:&quot;article footer&quot;,&quot;name&quot;:&quot;Mon actu&quot;,&quot;type&quot;:&quot;cta&quot;}}\" target=\"_blank\">Mon Actu<\/a>.<\/p>\n<ul class=\"ac-article-tag wall-content\">\n<li><a href=\"https:\/\/actu.fr\/tag\/aviron-bayonnais\" data-trk=\"{&quot;cta&quot;:{&quot;action&quot;:&quot;Aviron Bayonnais&quot;,&quot;category&quot;:&quot;tag&quot;,&quot;from&quot;:&quot;article footer&quot;,&quot;name&quot;:&quot;Aviron Bayonnais&quot;,&quot;type&quot;:&quot;cta&quot;}}\" target=\"_blank\" rel=\"noopener\">#Aviron Bayonnais<\/a><\/li>\n<li><a href=\"https:\/\/actu.fr\/tag\/stade-toulousain\" data-trk=\"{&quot;cta&quot;:{&quot;action&quot;:&quot;Stade toulousain&quot;,&quot;category&quot;:&quot;tag&quot;,&quot;from&quot;:&quot;article footer&quot;,&quot;name&quot;:&quot;Stade toulousain&quot;,&quot;type&quot;:&quot;cta&quot;}}\" target=\"_blank\" rel=\"noopener\">#Stade toulousain<\/a><\/li>\n<\/ul>\n","protected":false},"excerpt":{"rendered":"Par Ancelin Emery-Henriot Publi\u00e9 le 19 juin 2025 \u00e0 20h02 C\u2019est l\u2019heure. Apr\u00e8s avoir pass\u00e9 les 11 derni\u00e8res&hellip;\n","protected":false},"author":2,"featured_media":189379,"comment_status":"","ping_status":"","sticky":false,"template":"","format":"standard","meta":{"footnotes":""},"categories":[2816],"tags":[1111,11,4736,1777,674,1011,27,12,2680,25,479,60,476,2312],"class_list":{"0":"post-189378","1":"post","2":"type-post","3":"status-publish","4":"format-standard","5":"has-post-thumbnail","7":"category-toulouse","8":"tag-actu","9":"tag-actualites","10":"tag-aviron-bayonnais","11":"tag-eu","12":"tag-europe","13":"tag-fr","14":"tag-france","15":"tag-news","16":"tag-occitanie","17":"tag-republique-francaise","18":"tag-rugby","19":"tag-sports","20":"tag-stade-toulousain","21":"tag-toulouse"},"share_on_mastodon":{"url":"https:\/\/pubeurope.com\/@fr\/114712172568226265","error":""},"_links":{"self":[{"href":"https:\/\/www.europesays.com\/fr\/wp-json\/wp\/v2\/posts\/189378","targetHints":{"allow":["GET"]}}],"collection":[{"href":"https:\/\/www.europesays.com\/fr\/wp-json\/wp\/v2\/posts"}],"about":[{"href":"https:\/\/www.europesays.com\/fr\/wp-json\/wp\/v2\/types\/post"}],"author":[{"embeddable":true,"href":"https:\/\/www.europesays.com\/fr\/wp-json\/wp\/v2\/users\/2"}],"replies":[{"embeddable":true,"href":"https:\/\/www.europesays.com\/fr\/wp-json\/wp\/v2\/comments?post=189378"}],"version-history":[{"count":0,"href":"https:\/\/www.europesays.com\/fr\/wp-json\/wp\/v2\/posts\/189378\/revisions"}],"wp:featuredmedia":[{"embeddable":true,"href":"https:\/\/www.europesays.com\/fr\/wp-json\/wp\/v2\/media\/189379"}],"wp:attachment":[{"href":"https:\/\/www.europesays.com\/fr\/wp-json\/wp\/v2\/media?parent=189378"}],"wp:term":[{"taxonomy":"category","embeddable":true,"href":"https:\/\/www.europesays.com\/fr\/wp-json\/wp\/v2\/categories?post=189378"},{"taxonomy":"post_tag","embeddable":true,"href":"https:\/\/www.europesays.com\/fr\/wp-json\/wp\/v2\/tags?post=189378"}],"curies":[{"name":"wp","href":"https:\/\/api.w.org\/{rel}","templated":true}]}}