{"id":189382,"date":"2025-06-19T21:34:19","date_gmt":"2025-06-19T21:34:19","guid":{"rendered":"https:\/\/www.europesays.com\/fr\/189382\/"},"modified":"2025-06-19T21:34:19","modified_gmt":"2025-06-19T21:34:19","slug":"fete-de-la-musique-expos-fleurs-sechees-guinguettes-que-faire-a-lille-le-week-end-des-21-et-22-juin","status":"publish","type":"post","link":"https:\/\/www.europesays.com\/fr\/189382\/","title":{"rendered":"F\u00eate de la musique, expos, fleurs s\u00e9ch\u00e9es, guinguettes&#8230; Que faire \u00e0 Lille le week-end des 21 et 22 juin\u00a0?"},"content":{"rendered":"<p>            Par<br \/>\n        <strong><br \/>\n            <a href=\"https:\/\/actu.fr\/auteur\/amandine-vachez\" title=\"Consulter tous les articles de Amandine Vachez\" rel=\"nofollow noopener\" target=\"_blank\">Amandine Vachez<\/a><br \/>\n        <\/strong><\/p>\n<p>        Publi\u00e9 le<\/p>\n<p>            19 juin 2025 \u00e0 16h56        <\/p>\n<p>Ce<b> week-end <\/b>s\u2019ouvrira avec l\u2019\u00e9t\u00e9, et la f\u00eate de la musique, le <b>samedi 21 juin 2025.<\/b> Si vous ne savez pas quoi faire du c\u00f4t\u00e9 de <a href=\"https:\/\/actu.fr\/lille\/\" rel=\"nofollow noopener\" target=\"_blank\">Lille<\/a> (Nord), ce jour-l\u00e0 et le <b>dimanche 22 juin<\/b>, la r\u00e9dac\u2019 vous donne quelques<b> suggestions de sorties.\u00a0<\/b><\/p>\n<p>Ce qu\u2019il se trame dans la m\u00e9tropole lilloise ce week-end<\/p>\n<p class=\" wall-content\">Cette ann\u00e9e, la f\u00eate de la musique se tient un samedi ! Le\u00a0<a href=\"https:\/\/actu.fr\/hauts-de-france\/lille_59350\/concerts-open-mic-fanfares-quel-programme-a-lille-pour-la-fete-de-la-musique_62771993.html\" rel=\"nofollow noopener\" target=\"_blank\">programme annonc\u00e9 est riche \u00e0 Lille<\/a>, dans les rues de la ville, mais aussi dans les bars. Attention, des restrictions de stationnement et de circulation <a href=\"https:\/\/actu.fr\/hauts-de-france\/lille_59350\/la-fete-de-la-musique-a-lille-circulation-stationnement-dechets-ce-quil-faut-savoir_62776903.html\" rel=\"nofollow noopener\" target=\"_blank\">seront en vigueur<\/a>.\u00a0<\/p>\n<ul class=\" wall-content\">\n<li><b>Une grande vente de fleurs s\u00e9ch\u00e9es \u00e0 Villeneuve-d\u2019Ascq<\/b><\/li>\n<\/ul>\n<p class=\" wall-content\">Avis \u00e0 celles et ceux qui aiment les fleurs pour d\u00e9corer leur int\u00e9rieur : la\u00a0vente \u00e9ph\u00e9m\u00e8re de fleurs s\u00e9ch\u00e9es Flowrette revient au Grand Playground, du mercredi 18 au dimanche 22 juin. Retrouvez <a href=\"https:\/\/actu.fr\/hauts-de-france\/villeneuve-d-ascq_59009\/fleurs-sechees-bouquets-vases-un-temple-de-la-deco-poetique-debarque-a-villeneuve-dascq_62777195.html\" rel=\"nofollow noopener\" target=\"_blank\">les infos pratiques r\u00e9unies dans notre article<\/a>.<\/p>\n<ul class=\" wall-content\">\n<li><b>L\u2019Origine des mondes \u00e0 la Maison Folie de Wazemmes<\/b><\/li>\n<\/ul>\n<p class=\" wall-content\">Le festival litt\u00e9raire nomade et participatif <a href=\"https:\/\/actu.fr\/hauts-de-france\/lille_59350\/rencontres-lecture-cafe-le-festival-lorigine-des-mondes-vadrouille-a-lille_59693830.html\" rel=\"nofollow noopener\" target=\"_blank\">fond\u00e9 par la romanci\u00e8re Samira El Ayachi<\/a> est de retour \u00e0 la maison Folie Moulins ce week-end, plus exactement du 20 au 22 juin. Au programme : des rencontres litt\u00e9raires, lectures et concerts ! Tout le programme est en ligne, <a href=\"https:\/\/www.lille.fr\/Evenements\/L-origine-des-mondes2\" rel=\"nofollow noopener\" target=\"_blank\">sur le site de la Ville<\/a>.<\/p>\n<ul class=\" wall-content\">\n<li><b>L\u2019auteur Alain di Rocco au Furet du Nord<\/b><\/li>\n<\/ul>\n<p class=\" wall-content\">L\u2019auteur passionn\u00e9 d\u2019Histoire Alain di Rocco, qu\u2019on vous pr\u00e9sentait lors de la sortie de son ouvrage \u00e9voquant <a href=\"https:\/\/actu.fr\/hauts-de-france\/arras_62041\/lecture-alain-di-rocco-vous-conte-lhistoire-pas-calais-temps-dattila_17405898.html\" rel=\"nofollow noopener\" target=\"_blank\">l\u2019Histoire du Pas-de-Calais au temps d\u2019Attila<\/a> il y a quelques ann\u00e9es, rencontrera le public du Furet du Nord de Lille, le samedi 21 juin. Ceci \u00e0 l\u2019occasion de la sortie de son livre intitul\u00e9 Les origines m\u00e9connues de nos r\u00e9gions, sur le Nord \u2013 Pas-de-Calais. Vous pourrez assister \u00e0 la rencontre \u00e0 partir de 14h (au niveau 5 du magasin).<\/p>\n<p>    <a href=\"https:\/\/www.facebook.com\/plugins\/post.php?href=https%3A%2F%2Fwww.facebook.com%2Ffuretlille%2Fposts%2Fpfbid02C6HHe7xzrJvos7cJy59SsEAky5dwwWW5rUR7QXrv7M56RfdT3mCxap1noNjwfXCyl&amp;show_text=true&amp;width=350\" title=\"Ouvrie le lien\" rel=\"nofollow noopener\" target=\"_blank\">Cliquez ici pour visualiser le contenu<\/a><\/p>\n<ul class=\" wall-content\">\n<li><b>Derni\u00e8res repr\u00e9sentations de \u00ab\u00a0Ch\u00e9ri, on se dit tout !\u00a0\u00bb \u00e0 la Com\u00e9die de Lille<\/b><\/li>\n<\/ul>\n<p class=\" wall-content\">C\u2019est une des derni\u00e8res occasions de voir cette pi\u00e8ce humoristique \u00e0 la Com\u00e9die de Lille. \u00ab\u00a0Ch\u00e9ri, on se dit tout !\u00a0\u00bb sera jou\u00e9e le soir du samedi 21 juin \u00e0 18h et 21h30. Qu\u2019est-ce qui vous attend ? \u00ab\u00a0Florence et Damien sont ensemble depuis sept ans. Florence d\u00e9cide qu\u2019il est temps de ne plus rien se cacher pour faire durer son couple. Alors, le temps d\u2019un week-end, ils vont jouer la transparence totale et tout se dire\u2026 Leur contrainte : ne jamais se f\u00e2cher !\u00a0\u00bb Infos et r\u00e9servations (24,50 euros) <a href=\"https:\/\/www.ticketac.com\/spectacles\/cheri-on-se-dit-tout-comedie-de-lille.htm\" rel=\"nofollow noopener\" target=\"_blank\">par ici<\/a>.<\/p>\n<ul class=\" wall-content\">\n<li><b>La f\u00eate de la musique \u00e0 Hall U Need\u00a0<\/b><\/li>\n<\/ul>\n<p class=\" wall-content\">Le lieu de loisirs Hall U Need, situ\u00e9 \u00e0 Saint-Andr\u00e9-lez-Lille, ouvre sa saison estivale en beaut\u00e9 cette semaine. Apr\u00e8s un concert pr\u00e9vu jeudi, place \u00e0 la f\u00eate de la musique, samedi. Au programme, d\u00e8s 17h et jusqu\u2019\u00e0 2h du matin : DJ set par One of Bearded et bar \u00e0 mojitos \u00ab\u00a0pour une ambiance caliente\u00a0\u00bb. L\u2019agenda du lieu et r\u00e9servations en ligne <a href=\"https:\/\/lille.halluneed.com\/\" rel=\"nofollow noopener\" target=\"_blank\">par ici<\/a>.<\/p>\n<p class=\" wall-content\">La saison des guinguettes est bien ouverte en juin ! <a href=\"https:\/\/actu.fr\/hauts-de-france\/saint-andre-lez-lille_59527\/guinguettes-2025-la-madeleine-saint-andre-lambersart-quand-rouvrent-elles-en-bord-de-deule_62483104.html\" rel=\"nofollow noopener\" target=\"_blank\">Plusieurs vous accueillent dans la m\u00e9tropole lilloise<\/a>, notamment \u00e0 La Madeleine et Lambersart. Celle de Marquette \u2013 Saint-Andr\u00e9-lez-Lille ouvre ce vendredi. A Bondues, la Guinguette de la Ferme est <a href=\"https:\/\/actu.fr\/hauts-de-france\/bondues_59090\/pres-de-lille-la-guinguette-de-la-ferme-rouvre-pour-une-nouvelle-saison_62627410.html\" rel=\"nofollow noopener\" target=\"_blank\">reconduite pour une nouvelle saison<\/a>. L\u2019\u00e9quipe y propose des animations r\u00e9guli\u00e8res. Le Bus Magique passe aussi <a href=\"https:\/\/lebusmagiquelille.fr\/facebook-event\/fete-de-la-musique-guinguette-peniche-du-bus-magique-2\/\" rel=\"nofollow noopener\" target=\"_blank\">en mode guinguette tout le week-end<\/a>, pr\u00e8s de la citadelle \u00e0 Lille. De quoi profiter des beaux jours dans une ambiance \u00ab\u00a0chill\u00a0\u00bb, avec de quoi se sustenter !<\/p>\n<ul class=\" wall-content\">\n<li><b>Visiter une expo pour rester au frais<\/b><\/li>\n<\/ul>\n<p class=\" wall-content\">Les temp\u00e9ratures vont fortement monter cette fin de semaine. Si vous voulez vous mettre un peu au frais, pourquoi ne pas faire une expo ? Celles de la saison de lille3000 sont ouvertes : <a href=\"https:\/\/actu.fr\/hauts-de-france\/lille_59350\/lille-paillettes-stroboscopes-et-etrangetes-festives-vivez-la-fete-interieure-a-saint-so_62715410.html\" rel=\"nofollow noopener\" target=\"_blank\">\u00ab\u00a0La F\u00eate int\u00e9rieure\u00a0\u00bb<\/a> et <a href=\"https:\/\/actu.fr\/hauts-de-france\/lille_59350\/lille-piste-de-danse-gateaux-geants-fanions-cest-la-fete-a-saint-so-avec-lexpo-des-enfants-momart_62605266.html\" rel=\"nofollow noopener\" target=\"_blank\">\u00ab\u00a0M\u00f4m\u2019Art\u00a0\u00bb<\/a>\u00a0\u00e0 Saint-So, <a href=\"https:\/\/fiestalille3000.com\/exposition\/the-distorted-party\/\" rel=\"nofollow noopener\" target=\"_blank\">\u00ab\u00a0The Distorted Party\u00a0\u00bb<\/a> \u00e0 l\u2019Hospice Comtesse, <a href=\"https:\/\/actu.fr\/loisirs-culture\/fetes-et-celebrations-flamandes-a-lille-en-coulisses-des-oeuvres-restaurees-a-bruxelles_62288387.html#:~:text=Du%2026%20avril%20au%201,e%20si%C3%A8cles%20dans%20les%20Flandres.\" rel=\"nofollow noopener\" target=\"_blank\">\u00ab\u00a0F\u00eates et c\u00e9l\u00e9brations flamandes\u00a0\u00bb<\/a> au Palais des Beaux-arts, en compl\u00e9ment d\u2019une installation gratuite haute en couleurs.<\/p>\n<p class=\" wall-content\">Suivez toute l\u2019actualit\u00e9 de vos villes et m\u00e9dias favoris en vous inscrivant \u00e0 <a href=\"https:\/\/moncompte.actu.fr\" title=\"D\u00e9couvez Mon Actu\" rel=\"nofollow noopener\" data-trk=\"{&quot;cta&quot;:{&quot;action&quot;:&quot;https:\\\/\\\/moncompte.actu.fr&quot;,&quot;category&quot;:&quot;mon compte&quot;,&quot;from&quot;:&quot;article footer&quot;,&quot;name&quot;:&quot;Mon actu&quot;,&quot;type&quot;:&quot;cta&quot;}}\" target=\"_blank\">Mon Actu<\/a>.<\/p>\n","protected":false},"excerpt":{"rendered":"Par Amandine Vachez Publi\u00e9 le 19 juin 2025 \u00e0 16h56 Ce week-end s\u2019ouvrira avec l\u2019\u00e9t\u00e9, et la f\u00eate&hellip;\n","protected":false},"author":2,"featured_media":189383,"comment_status":"","ping_status":"","sticky":false,"template":"","format":"standard","meta":{"footnotes":""},"categories":[2815],"tags":[1111,11,677,1777,674,652,1011,27,811,1307,1652,12,25],"class_list":{"0":"post-189382","1":"post","2":"type-post","3":"status-publish","4":"format-standard","5":"has-post-thumbnail","7":"category-lille","8":"tag-actu","9":"tag-actualites","10":"tag-bons-plans","11":"tag-eu","12":"tag-europe","13":"tag-famille","14":"tag-fr","15":"tag-france","16":"tag-hauts-de-france","17":"tag-lille","18":"tag-loisirs-culture","19":"tag-news","20":"tag-republique-francaise"},"share_on_mastodon":{"url":"https:\/\/pubeurope.com\/@fr\/114712180489713109","error":""},"_links":{"self":[{"href":"https:\/\/www.europesays.com\/fr\/wp-json\/wp\/v2\/posts\/189382","targetHints":{"allow":["GET"]}}],"collection":[{"href":"https:\/\/www.europesays.com\/fr\/wp-json\/wp\/v2\/posts"}],"about":[{"href":"https:\/\/www.europesays.com\/fr\/wp-json\/wp\/v2\/types\/post"}],"author":[{"embeddable":true,"href":"https:\/\/www.europesays.com\/fr\/wp-json\/wp\/v2\/users\/2"}],"replies":[{"embeddable":true,"href":"https:\/\/www.europesays.com\/fr\/wp-json\/wp\/v2\/comments?post=189382"}],"version-history":[{"count":0,"href":"https:\/\/www.europesays.com\/fr\/wp-json\/wp\/v2\/posts\/189382\/revisions"}],"wp:featuredmedia":[{"embeddable":true,"href":"https:\/\/www.europesays.com\/fr\/wp-json\/wp\/v2\/media\/189383"}],"wp:attachment":[{"href":"https:\/\/www.europesays.com\/fr\/wp-json\/wp\/v2\/media?parent=189382"}],"wp:term":[{"taxonomy":"category","embeddable":true,"href":"https:\/\/www.europesays.com\/fr\/wp-json\/wp\/v2\/categories?post=189382"},{"taxonomy":"post_tag","embeddable":true,"href":"https:\/\/www.europesays.com\/fr\/wp-json\/wp\/v2\/tags?post=189382"}],"curies":[{"name":"wp","href":"https:\/\/api.w.org\/{rel}","templated":true}]}}