{"id":189384,"date":"2025-06-19T21:35:10","date_gmt":"2025-06-19T21:35:10","guid":{"rendered":"https:\/\/www.europesays.com\/fr\/189384\/"},"modified":"2025-06-19T21:35:10","modified_gmt":"2025-06-19T21:35:10","slug":"renaud-muselier-revoit-lenveloppe-a-la-baisse","status":"publish","type":"post","link":"https:\/\/www.europesays.com\/fr\/189384\/","title":{"rendered":"Renaud Muselier revoit l&rsquo;enveloppe \u00e0 la baisse"},"content":{"rendered":"<p>En mars dernier, plus d\u2019un mois apr\u00e8s l\u2019annonce de la fermeture des deux magasins marseillais des Galeries Lafayette, Renaud Muselier (Ren) avait annonc\u00e9 \u00e0 grands coups de phrases chocs (<a href=\"https:\/\/www.laprovence.com\/article\/region\/15534700934761\/renaud-muselier-ren-veut-sauver-le-centre-bourse-en-piochant-dans-lenveloppe-de-marseille-en-grand\" target=\"_blank\" rel=\"noopener\">\u00ab\u00a0la Fnac va se tirer, et ce d\u00e9part mettra le centre Bourse \u00e0 plat et le centre-ville avec\u00a0\u00bb<\/a>) son soutien \u00ab\u00a0au centre-ville d\u00e9vitalis\u00e9\u00a0\u00bb. Endossant la cape du sauveur, le pr\u00e9sident de R\u00e9gion avait d\u00e9taill\u00e9, devant la presse, plusieurs solutions pour redynamiser le c\u0153ur de la ville. Parmi ses propositions, une piste farfelue, celle de\u00a0\u00ab\u00a0piocher 100\u00a0millions d\u2019euros dans l\u2019enveloppe de Marseille en grand\u00a0\u00bb qui a vite fait flop. Et la r\u00e9alisation d\u2019une \u00e9tude d\u2019impact, une \u00ab\u00a0enqu\u00eate flash\u00a0\u00bb pilot\u00e9e par la Chambre de commerce et d\u2019industrie (CCI) qui permettrait un plan d\u2019actions d\u00e8s\u00a02025.<\/p>\n","protected":false},"excerpt":{"rendered":"En mars dernier, plus d\u2019un mois apr\u00e8s l\u2019annonce de la fermeture des deux magasins marseillais des Galeries Lafayette,&hellip;\n","protected":false},"author":2,"featured_media":189385,"comment_status":"","ping_status":"","sticky":false,"template":"","format":"standard","meta":{"footnotes":""},"categories":[2814],"tags":[17,1111,11,11898,7078,1777,674,1011,27,884,22548,12,882,16,1628,25,32718,3356],"class_list":{"0":"post-189384","1":"post","2":"type-post","3":"status-publish","4":"format-standard","5":"has-post-thumbnail","7":"category-marseille","8":"tag-17","9":"tag-actu","10":"tag-actualites","11":"tag-centre-ville","12":"tag-etude","13":"tag-eu","14":"tag-europe","15":"tag-fr","16":"tag-france","17":"tag-marseille","18":"tag-muselier","19":"tag-news","20":"tag-provence-alpes-cote-dazur","21":"tag-region","22":"tag-renaud","23":"tag-republique-francaise","24":"tag-revoit","25":"tag-sur"},"share_on_mastodon":{"url":"","error":""},"_links":{"self":[{"href":"https:\/\/www.europesays.com\/fr\/wp-json\/wp\/v2\/posts\/189384","targetHints":{"allow":["GET"]}}],"collection":[{"href":"https:\/\/www.europesays.com\/fr\/wp-json\/wp\/v2\/posts"}],"about":[{"href":"https:\/\/www.europesays.com\/fr\/wp-json\/wp\/v2\/types\/post"}],"author":[{"embeddable":true,"href":"https:\/\/www.europesays.com\/fr\/wp-json\/wp\/v2\/users\/2"}],"replies":[{"embeddable":true,"href":"https:\/\/www.europesays.com\/fr\/wp-json\/wp\/v2\/comments?post=189384"}],"version-history":[{"count":0,"href":"https:\/\/www.europesays.com\/fr\/wp-json\/wp\/v2\/posts\/189384\/revisions"}],"wp:featuredmedia":[{"embeddable":true,"href":"https:\/\/www.europesays.com\/fr\/wp-json\/wp\/v2\/media\/189385"}],"wp:attachment":[{"href":"https:\/\/www.europesays.com\/fr\/wp-json\/wp\/v2\/media?parent=189384"}],"wp:term":[{"taxonomy":"category","embeddable":true,"href":"https:\/\/www.europesays.com\/fr\/wp-json\/wp\/v2\/categories?post=189384"},{"taxonomy":"post_tag","embeddable":true,"href":"https:\/\/www.europesays.com\/fr\/wp-json\/wp\/v2\/tags?post=189384"}],"curies":[{"name":"wp","href":"https:\/\/api.w.org\/{rel}","templated":true}]}}