{"id":189386,"date":"2025-06-19T21:36:13","date_gmt":"2025-06-19T21:36:13","guid":{"rendered":"https:\/\/www.europesays.com\/fr\/189386\/"},"modified":"2025-06-19T21:36:13","modified_gmt":"2025-06-19T21:36:13","slug":"chroniques-une-danse-du-chaos-a-voir-la-criee-a-marseille","status":"publish","type":"post","link":"https:\/\/www.europesays.com\/fr\/189386\/","title":{"rendered":"\u00ab\u00a0Chroniques\u00a0\u00bb, une danse du chaos \u00e0 voir La Cri\u00e9e \u00e0 Marseille"},"content":{"rendered":"<p>Toutes les civilisations sont mortelles. C\u2019est ce que semble dire Chroniques, la nouvelle pi\u00e8ce du <a href=\"https:\/\/www.laprovence.com\/article\/culture-loisirs\/1628588916125115\/fleuron-de-la-danse-flamande-le-collectif-peeping-tom-bouscule-le-festival-de-marseille\" target=\"_blank\" rel=\"noopener\">collectif Peeping Tom<\/a>, connu pour sa danse virtuose et distordue, son humour noir et ses d\u00e9cors hyperr\u00e9alistes qui plongent le spectateur dans un univers intriguant. Dans cette pi\u00e8ce accueillie par La Cri\u00e9e et le <a href=\"https:\/\/www.laprovence.com\/article\/culture-loisirs\/315684246676414\/festival-de-marseille-les-spectacles-a-ne-pas-manquer-du-12-juin-au-6-juillet\" target=\"_blank\" rel=\"noopener\">Festival de Marseille<\/a> (*), les tableaux se succ\u00e8dent \u00e9voquant diff\u00e9rentes \u00e9poques fantasm\u00e9es, la Chine ancienne avec des moines \u00e0 chapeaux ronds, le Moyen-\u00c2ge avec des personnages habill\u00e9s de cottes de mailles, et le temps pr\u00e9sent, dans lequel les machines semblent plus humaines que les interpr\u00e8tes en chair et en os.<\/p>\n","protected":false},"excerpt":{"rendered":"Toutes les civilisations sont mortelles. C\u2019est ce que semble dire Chroniques, la nouvelle pi\u00e8ce du collectif Peeping Tom,&hellip;\n","protected":false},"author":2,"featured_media":189387,"comment_status":"","ping_status":"","sticky":false,"template":"","format":"standard","meta":{"footnotes":""},"categories":[2814],"tags":[17,1111,11,14506,2163,32719,5972,1777,674,849,3337,1011,27,884,12,882,25,96],"class_list":{"0":"post-189386","1":"post","2":"type-post","3":"status-publish","4":"format-standard","5":"has-post-thumbnail","7":"category-marseille","8":"tag-17","9":"tag-actu","10":"tag-actualites","11":"tag-chaos","12":"tag-chroniques","13":"tag-criee","14":"tag-danse","15":"tag-eu","16":"tag-europe","17":"tag-festival","18":"tag-festivals","19":"tag-fr","20":"tag-france","21":"tag-marseille","22":"tag-news","23":"tag-provence-alpes-cote-dazur","24":"tag-republique-francaise","25":"tag-une"},"share_on_mastodon":{"url":"https:\/\/pubeurope.com\/@fr\/114712188347462240","error":""},"_links":{"self":[{"href":"https:\/\/www.europesays.com\/fr\/wp-json\/wp\/v2\/posts\/189386","targetHints":{"allow":["GET"]}}],"collection":[{"href":"https:\/\/www.europesays.com\/fr\/wp-json\/wp\/v2\/posts"}],"about":[{"href":"https:\/\/www.europesays.com\/fr\/wp-json\/wp\/v2\/types\/post"}],"author":[{"embeddable":true,"href":"https:\/\/www.europesays.com\/fr\/wp-json\/wp\/v2\/users\/2"}],"replies":[{"embeddable":true,"href":"https:\/\/www.europesays.com\/fr\/wp-json\/wp\/v2\/comments?post=189386"}],"version-history":[{"count":0,"href":"https:\/\/www.europesays.com\/fr\/wp-json\/wp\/v2\/posts\/189386\/revisions"}],"wp:featuredmedia":[{"embeddable":true,"href":"https:\/\/www.europesays.com\/fr\/wp-json\/wp\/v2\/media\/189387"}],"wp:attachment":[{"href":"https:\/\/www.europesays.com\/fr\/wp-json\/wp\/v2\/media?parent=189386"}],"wp:term":[{"taxonomy":"category","embeddable":true,"href":"https:\/\/www.europesays.com\/fr\/wp-json\/wp\/v2\/categories?post=189386"},{"taxonomy":"post_tag","embeddable":true,"href":"https:\/\/www.europesays.com\/fr\/wp-json\/wp\/v2\/tags?post=189386"}],"curies":[{"name":"wp","href":"https:\/\/api.w.org\/{rel}","templated":true}]}}