{"id":189388,"date":"2025-06-19T21:37:11","date_gmt":"2025-06-19T21:37:11","guid":{"rendered":"https:\/\/www.europesays.com\/fr\/189388\/"},"modified":"2025-06-19T21:37:11","modified_gmt":"2025-06-19T21:37:11","slug":"adoube-par-nicolas-sarkozy-jean-michel-aulas-dira-dici-la-fin-du-mois-de-juin-sil-est-candidat","status":"publish","type":"post","link":"https:\/\/www.europesays.com\/fr\/189388\/","title":{"rendered":"adoub\u00e9 par Nicolas Sarkozy, Jean-Michel Aulas dira \u00ab\u00a0d\u2019ici la fin du mois de juin\u00a0\u00bb s\u2019il est candidat"},"content":{"rendered":"<p>L\u2019heure \u00e9tait aux grandes d\u00e9clarations, ce jeudi soir \u00e0 l\u2019Abbaye Paul-Bocuse de Collonges-au-Mont-d\u2019Or. Invit\u00e9 de l\u2019\u00e9v\u00e9nement \u00ab\u00a0Le Top 500 des Lyonnais\u00a0\u00bb organis\u00e9 par le magazine Lyon People, <a href=\"http:\/\/www.leprogres.fr\/p\/jean-michel-aulas\" target=\"_blank\" rel=\"nofollow noopener\">Jean-Michel Aulas<\/a> a d\u00e9voil\u00e9 (encore) un peu plus son envie de s\u2019engager dans la bataille des \u00e9lections municipales 2026 \u00e0 Lyon. Le tout, sous le regard d\u2019un invit\u00e9 prestigieux\u00a0: l\u2019ancien pr\u00e9sident de la R\u00e9publique, <a href=\"http:\/\/www.leprogres.fr\/p\/nicolas-sarkozy\" target=\"_blank\" rel=\"nofollow noopener\">Nicolas Sarkozy<\/a>.<\/p>\n<p>  \u00ab\u00a0Rendre \u00e0 Lyon sa visibilit\u00e9\u00a0\u00bb<\/p>\n<p>\u00ab\u00a0Oui, j\u2019ai r\u00e9fl\u00e9chi, oui j\u2019ai consult\u00e9. Les choses ne sont pas encore totalement dessin\u00e9es mais elles ont bien progress\u00e9\u00a0\u00bb, a d\u00e9clar\u00e9 l\u2019ancien patron de l\u2019OL devant un parterre d\u2019invit\u00e9s.<\/p>\n<p>Celui qui pr\u00e9side aujourd\u2019hui la Ligue f\u00e9minine de football professionnel entrevoit d\u00e9j\u00e0 la possibilit\u00e9 de nouer des alliances afin de peser d\u00e8s le premier tour. \u00ab\u00a0J\u2019ai le sentiment que pour pouvoir gagner, il faut qu\u2019il y ait une union de tous les instants pour aller vers un objectif, celui de rendre \u00e0 Lyon sa visibilit\u00e9. Je veux que partout dans le monde, Lyon brille comme Lyon a d\u00e9j\u00e0 brill\u00e9.\u00a0\u00bb<\/p>\n<p>  \u00ab\u00a0Je dirais comment je vais y aller, et avec qui\u00a0\u00bb<\/p>\n<p>\u00ab\u00a0Je ne vous ferais pas attendre tr\u00e8s longtemps, d\u2019ici la fin du mois de juin, je dirai comment je vais y aller, et avec qui.\u00a0\u00bb Jean-Michel Aulas, qui \u00e9tait pr\u00e9sent dans l\u2019apr\u00e8s-midi <a href=\"https:\/\/www.leprogres.fr\/sport\/2025\/06\/19\/hommage-a-bernard-lacombe-au-groupama-stadium-les-supporters-sur-place-des-banderoles-installees\" target=\"_blank\" rel=\"nofollow noopener\"> \u00e0 l\u2019hommage des supporters en m\u00e9moire de Bernard Lacombe<\/a> , d\u00e9c\u00e9d\u00e9 mardi, ne s\u2019est pas cach\u00e9 d\u2019avoir discut\u00e9 avec Nicolas Sarkozy. \u00ab\u00a0Il m\u2019a ouvert des horizons auxquels je n\u2019avais pas pens\u00e9.\u00a0\u00bb Et d\u2019estimer qu\u2019une candidature pour \u00eatre maire de Lyon, \u00ab\u00a0c\u2019est probablement un projet que l\u2019on ne peut pas refuser tr\u00e8s longtemps.\u00a0\u00bb<\/p>\n<p>  Sarkozy\u00a0: \u00ab\u00a0Je me sens de la famille de Jean-Michel Aulas\u00a0\u00bb<\/p>\n<p>Invit\u00e9 \u00e0 prendre le micro, Nicolas Sarkozy n\u2019a pas cherch\u00e9 \u00e0 masquer sa proximit\u00e9 avec l\u2019homme d\u2019affaires lyonnais. \u00ab\u00a0Je me sens de la famille de Jean-Michel Aulas. Je lui ai dit\u00a0: Tu as l\u2019occasion de rendre \u00e0 cette ville que tu aimes tant beaucoup de ce qu\u2019elle t\u2019a donn\u00e9. Dans la vie, quand on est JMA, on ne rate pas les rendez-vous historiques.\u00a0\u00bb<\/p>\n<p>  <a href=\"http:\/\/www.leprogres.fr\/p\/pierre-oliver\" target=\"_blank\" rel=\"nofollow noopener\">Pierre Oliver<\/a>\u00a0: \u00ab On s\u2019entend tr\u00e8s bien, on discute beaucoup\u00a0\u00bb<\/p>\n<p>\u00c9galement pr\u00e9sent \u00e0 l\u2019\u00e9v\u00e9nement, Pierre Oliver, <a href=\"https:\/\/www.leprogres.fr\/politique\/2025\/03\/24\/pierre-oliver-candidat-aux-municipales-2026-en-terminer-avec-cette-experience-ecologiste\" target=\"_blank\" rel=\"nofollow noopener\">candidat (LR) d\u00e9clar\u00e9 \u00e0 la mairie de Lyon<\/a>, a pour une fois lev\u00e9 un peu le myst\u00e8re sur un possible rapprochement entre les deux hommes. \u00ab Avec Jean-Michel Aulas, on s\u2019entend tr\u00e8s bien, on discute beaucoup, et donc on avance bien. \u00bb Des paroles avant des actes imminents ? Le mois de juin se termine dans dix jours. \u00a0<\/p>\n","protected":false},"excerpt":{"rendered":"L\u2019heure \u00e9tait aux grandes d\u00e9clarations, ce jeudi soir \u00e0 l\u2019Abbaye Paul-Bocuse de Collonges-au-Mont-d\u2019Or. Invit\u00e9 de l\u2019\u00e9v\u00e9nement \u00ab\u00a0Le Top&hellip;\n","protected":false},"author":2,"featured_media":189389,"comment_status":"","ping_status":"","sticky":false,"template":"","format":"standard","meta":{"footnotes":""},"categories":[1889],"tags":[1111,11,2430,2757,4188,1777,674,107,63,1011,27,6319,2428,2756,12,316,3370,25,2429,517],"class_list":{"0":"post-189388","1":"post","2":"type-post","3":"status-publish","4":"format-standard","5":"has-post-thumbnail","7":"category-lyon","8":"tag-actu","9":"tag-actualites","10":"tag-auvergne-rhone-alpes","11":"tag-edition-lyon-villeurbanne","12":"tag-elections-municipales","13":"tag-eu","14":"tag-europe","15":"tag-fil-info","16":"tag-football","17":"tag-fr","18":"tag-france","19":"tag-les-republicains","20":"tag-lyon","21":"tag-lyon-bassin","22":"tag-news","23":"tag-politique","24":"tag-renaissance","25":"tag-republique-francaise","26":"tag-rhone","27":"tag-sport"},"share_on_mastodon":{"url":"https:\/\/pubeurope.com\/@fr\/114712192307081783","error":""},"_links":{"self":[{"href":"https:\/\/www.europesays.com\/fr\/wp-json\/wp\/v2\/posts\/189388","targetHints":{"allow":["GET"]}}],"collection":[{"href":"https:\/\/www.europesays.com\/fr\/wp-json\/wp\/v2\/posts"}],"about":[{"href":"https:\/\/www.europesays.com\/fr\/wp-json\/wp\/v2\/types\/post"}],"author":[{"embeddable":true,"href":"https:\/\/www.europesays.com\/fr\/wp-json\/wp\/v2\/users\/2"}],"replies":[{"embeddable":true,"href":"https:\/\/www.europesays.com\/fr\/wp-json\/wp\/v2\/comments?post=189388"}],"version-history":[{"count":0,"href":"https:\/\/www.europesays.com\/fr\/wp-json\/wp\/v2\/posts\/189388\/revisions"}],"wp:featuredmedia":[{"embeddable":true,"href":"https:\/\/www.europesays.com\/fr\/wp-json\/wp\/v2\/media\/189389"}],"wp:attachment":[{"href":"https:\/\/www.europesays.com\/fr\/wp-json\/wp\/v2\/media?parent=189388"}],"wp:term":[{"taxonomy":"category","embeddable":true,"href":"https:\/\/www.europesays.com\/fr\/wp-json\/wp\/v2\/categories?post=189388"},{"taxonomy":"post_tag","embeddable":true,"href":"https:\/\/www.europesays.com\/fr\/wp-json\/wp\/v2\/tags?post=189388"}],"curies":[{"name":"wp","href":"https:\/\/api.w.org\/{rel}","templated":true}]}}