{"id":189411,"date":"2025-06-19T21:49:17","date_gmt":"2025-06-19T21:49:17","guid":{"rendered":"https:\/\/www.europesays.com\/fr\/189411\/"},"modified":"2025-06-19T21:49:17","modified_gmt":"2025-06-19T21:49:17","slug":"arcelormittal-annule-un-important-projet-de-decarbonation-en-allemagne","status":"publish","type":"post","link":"https:\/\/www.europesays.com\/fr\/189411\/","title":{"rendered":"ArcelorMittal annule un important projet de d\u00e9carbonation en Allemagne"},"content":{"rendered":"<p class=\"fig-paragraph\">Le deuxi\u00e8me sid\u00e9rurgiste mondial\u00a0<a href=\"http:\/\/www.lefigaro.fr\/societes\/arcelor-mittal-reunion-de-crise-sur-le-sort-de-l-acierie-ex-ilva-20240108\" data-fig-type=\"NewsFlash\" data-gtm-custom-categorie=\"navigation\" data-gtm-custom-action=\"crossclick\" data-gtm-custom-label=\"Contextuel\" data-gtm-event=\"customEventSPE\" data-fig-domain=\"LEFIGARO\" rel=\"nofollow noopener\" target=\"_blank\">ArcelorMitta<\/a>l a annonc\u00e9 jeudi qu&rsquo;il renon\u00e7ait \u00e0 un important investissement dans la d\u00e9carbonation de ses hauts fourneaux sur deux sites en Allemagne invoquant \u00able manque de rentabilit\u00e9 d&rsquo;une production d&rsquo;acier \u00e0 faible \u00e9mission de CO2\u00bb.<\/p>\n<p class=\"fig-paragraph\">Le groupe \u00abne peut malheureusement pas donner suite \u00e0 ses projets visant \u00e0 d\u00e9carboner ses usines\u00bb de Br\u00eame (nord) et Eisenh\u00fcttenstadt (est), indique un communiqu\u00e9 de l&rsquo;aci\u00e9riste qui stoppe un plan de transformation estim\u00e9 \u00e0 2,5 milliards d\u2019euros, dont 1,3 milliard d\u2019aides publiques, dans un contexte de crise de l\u2019acier europ\u00e9en.<\/p>\n","protected":false},"excerpt":{"rendered":"Le deuxi\u00e8me sid\u00e9rurgiste mondial\u00a0ArcelorMittal a annonc\u00e9 jeudi qu&rsquo;il renon\u00e7ait \u00e0 un important investissement dans la d\u00e9carbonation de ses&hellip;\n","protected":false},"author":2,"featured_media":189412,"comment_status":"","ping_status":"","sticky":false,"template":"","format":"standard","meta":{"footnotes":""},"categories":[1587],"tags":[7662,1111,47,11,672,13620,1117,1109,1804,1805,1112,1803,636,341,257,1777,674,632,1108,107,1106,1107,1119,1801,1116,1110,1114,500,12,1113,1118,1802,137,401,1115],"class_list":{"0":"post-189411","1":"post","2":"type-post","3":"status-publish","4":"format-standard","5":"has-post-thumbnail","7":"category-allemagne","8":"tag-acier","9":"tag-actu","10":"tag-actualite","11":"tag-actualites","12":"tag-allemagne","13":"tag-arcelormittal","14":"tag-assurance","15":"tag-breves","16":"tag-bundesrepublik-deutschland","17":"tag-de","18":"tag-depeches","19":"tag-deutschland","20":"tag-devises","21":"tag-emploi","22":"tag-entreprise","23":"tag-eu","24":"tag-europe","25":"tag-fcp","26":"tag-fil","27":"tag-fil-info","28":"tag-flash","29":"tag-flash-actu","30":"tag-formation","31":"tag-germany","32":"tag-immobilier","33":"tag-informations","34":"tag-infos","35":"tag-medias","36":"tag-news","37":"tag-nouvelles","38":"tag-placement","39":"tag-republique-federale-dallemagne","40":"tag-retraite","41":"tag-sicav","42":"tag-taux"},"share_on_mastodon":{"url":"https:\/\/pubeurope.com\/@fr\/114712239380468668","error":""},"_links":{"self":[{"href":"https:\/\/www.europesays.com\/fr\/wp-json\/wp\/v2\/posts\/189411","targetHints":{"allow":["GET"]}}],"collection":[{"href":"https:\/\/www.europesays.com\/fr\/wp-json\/wp\/v2\/posts"}],"about":[{"href":"https:\/\/www.europesays.com\/fr\/wp-json\/wp\/v2\/types\/post"}],"author":[{"embeddable":true,"href":"https:\/\/www.europesays.com\/fr\/wp-json\/wp\/v2\/users\/2"}],"replies":[{"embeddable":true,"href":"https:\/\/www.europesays.com\/fr\/wp-json\/wp\/v2\/comments?post=189411"}],"version-history":[{"count":0,"href":"https:\/\/www.europesays.com\/fr\/wp-json\/wp\/v2\/posts\/189411\/revisions"}],"wp:featuredmedia":[{"embeddable":true,"href":"https:\/\/www.europesays.com\/fr\/wp-json\/wp\/v2\/media\/189412"}],"wp:attachment":[{"href":"https:\/\/www.europesays.com\/fr\/wp-json\/wp\/v2\/media?parent=189411"}],"wp:term":[{"taxonomy":"category","embeddable":true,"href":"https:\/\/www.europesays.com\/fr\/wp-json\/wp\/v2\/categories?post=189411"},{"taxonomy":"post_tag","embeddable":true,"href":"https:\/\/www.europesays.com\/fr\/wp-json\/wp\/v2\/tags?post=189411"}],"curies":[{"name":"wp","href":"https:\/\/api.w.org\/{rel}","templated":true}]}}