{"id":189413,"date":"2025-06-19T21:50:10","date_gmt":"2025-06-19T21:50:10","guid":{"rendered":"https:\/\/www.europesays.com\/fr\/189413\/"},"modified":"2025-06-19T21:50:10","modified_gmt":"2025-06-19T21:50:10","slug":"leurope-en-partie-responsable-du-conflit-entre-liran-et-israel-declare-lambassadeur-iranien-a-lonu-a-euronews","status":"publish","type":"post","link":"https:\/\/www.europesays.com\/fr\/189413\/","title":{"rendered":"\u00ab\u00a0L&rsquo;Europe en partie responsable du conflit entre l&rsquo;Iran et Isra\u00ebl\u00a0\u00bb, d\u00e9clare l&rsquo;ambassadeur iranien \u00e0 l&rsquo;ONU \u00e0 Euronews"},"content":{"rendered":"<p><img decoding=\"async\" class=\"c-ad__placeholder__logo\" src=\"https:\/\/static.euronews.com\/website\/images\/logos\/logo-euronews-grey-6-180x22.svg\" width=\"180\" height=\"22\" alt=\"\" loading=\"lazy\"\/>PUBLICIT\u00c9<\/p>\n<p>\u00ab\u00a0Nous pensons que la chose minimale que les Europ\u00e9ens peuvent faire est de condamner tr\u00e8s explicitement Isra\u00ebl et de cesser leur soutien \u00e0 Isra\u00ebl\u00a0\u00bb, a d\u00e9clar\u00e9 l&rsquo;ambassadeur et repr\u00e9sentant permanent de l&rsquo;Iran aupr\u00e8s des Nations Unies \u00e0 Gen\u00e8ve, Ali Bahraini, lors d&rsquo;une interview pour Euronews.<\/p>\n<p>Ce dernier a ajout\u00e9 que la r\u00e9ticence de l&rsquo;Europe \u00e0 condamner l&rsquo;agression d&rsquo;Isra\u00ebl et son incapacit\u00e9 \u00e0 maintenir l&rsquo;accord nucl\u00e9aire (JCPOA) \u00e0 flot ont contribu\u00e9 \u00e0 l&rsquo;intensification actuelle des hostilit\u00e9s entre l&rsquo;Iran et Isra\u00ebl, qui en sont maintenant \u00e0 leur septi\u00e8me jour.<\/p>\n<p>\u00ab\u00a0L&rsquo;impunit\u00e9 accord\u00e9e \u00e0 Isra\u00ebl encourage cette entit\u00e9 \u00e0 continuer \u00e0 commettre de nouveaux crimes. Et cette impunit\u00e9 est due \u00e0 l&rsquo;inaction des Europ\u00e9ens. Par les Etats-Unis et le Conseil de s\u00e9curit\u00e9\u00a0\u00bb, a expliqu\u00e9 Ali Bahraini. <\/p>\n<p>\u00ab\u00a0<strong>Nous demandons \u00e0 l&rsquo;Europe de pousser Isra\u00ebl \u00e0 mettre fin \u00e0 l&rsquo;agression<\/strong>. L&rsquo;Europe doit assumer sa responsabilit\u00e9 et mettre fin \u00e0 l&rsquo;impunit\u00e9 dont jouit Isra\u00ebl. L&rsquo;Europe doit cesser d&rsquo;aider ou d&rsquo;assister Isra\u00ebl financi\u00e8rement, militairement ou par le biais de ses services de renseignement. Et l&rsquo;Europe devrait jouer un r\u00f4le important en expliquant aux Etats-Unis et \u00e0 Isra\u00ebl que la technologie nucl\u00e9aire iranienne n&rsquo;est pas quelque chose qu&rsquo;ils peuvent d\u00e9truire\u00a0\u00bb.<\/p>\n<p>Ali Bahraini a d\u00e9clar\u00e9 que ce qu&rsquo;il a appel\u00e9 les \u00ab\u00a0\u00e9checs\u00a0\u00bb de l&rsquo;Europe serait pr\u00e9sent\u00e9 aux ministres des affaires \u00e9trang\u00e8res de la France, de l&rsquo;Allemagne et du Royaume-Uni &#8211; connus collectivement sous le nom de \u00ab\u00a0E3\u00a0\u00bb &#8211; lors des discussions qui se tiendront \u00e0 Gen\u00e8ve vendredi.<\/p>\n<p>Ils se r\u00e9unissent \u00e0 Gen\u00e8ve pour discuter du programme nucl\u00e9aire iranien, qui est au c\u0153ur du conflit actuel avec Isra\u00ebl.<\/p>\n<p>L&rsquo;Iran faisait auparavant l&rsquo;objet d&rsquo;un accord nucl\u00e9aire international connu sous le nom de Plan global d&rsquo;action conjoint (JCPOA), en vertu duquel le pays b\u00e9n\u00e9ficiait d&rsquo;un all\u00e8gement des sanctions en \u00e9change d&rsquo;une limitation stricte de ses activit\u00e9s nucl\u00e9aires.<\/p>\n<p>Au cours de son premier mandat, le pr\u00e9sident <strong>Donald Trump<\/strong> a retir\u00e9 les \u00c9tats-Unis du pacte en 2018, le qualifiant de \u00ab\u00a0<strong>pire accord jamais n\u00e9goci\u00e9<\/strong>\u00a0\u00bb et imposant de nouvelles sanctions \u00e0 l&rsquo;Iran.<\/p>\n<p>Depuis lors, les autres signataires de l&rsquo;accord ont fait des pieds et des mains pour maintenir l&rsquo;Iran en conformit\u00e9, mais T\u00e9h\u00e9ran consid\u00e8re l&rsquo;accord comme nul et a poursuivi l&rsquo;enrichissement de l&rsquo;uranium, qui, aux niveaux actuels, s&rsquo;\u00e9l\u00e8ve \u00e0 60 %.<\/p>\n<p>Cela reste techniquement inf\u00e9rieur au niveau de 90 % autoris\u00e9 pour les armes, mais bien sup\u00e9rieur aux 3,67 % autoris\u00e9s dans le cadre du JCPOA.<\/p>\n<p>L&rsquo;Iran maintient que son programme nucl\u00e9aire est pacifique et purement civil. Isra\u00ebl, quant \u00e0 lui, affirme que T\u00e9h\u00e9ran travaille \u00e0 la construction d&rsquo;une arme nucl\u00e9aire, qui pourrait \u00eatre utilis\u00e9e contre lui. <\/p>\n<p>Ali Bahraini a d\u00e9clar\u00e9 \u00e0 Euronews qu&rsquo;il existait encore une fen\u00eatre diplomatique pour parvenir \u00e0 un nouvel accord sur le nucl\u00e9aire, mais qu&rsquo;il fallait d&rsquo;abord mettre fin aux combats avec Isra\u00ebl.<\/p>\n<p>\u00ab\u00a0<strong>Pour notre peuple et notre pays, la premi\u00e8re priorit\u00e9 est de mettre fin \u00e0 l&rsquo;agression, aux attaques<\/strong> \u00ab\u00a0, a-t-il d\u00e9clar\u00e9 \u00e0 Euronews.<\/p>\n<p>\u00ab\u00a0Personnellement, je ne peux pas imaginer qu&rsquo;il y ait une forte probabilit\u00e9 en ce moment pour une sorte d&rsquo;id\u00e9e ou d&rsquo;initiative diplomatique parce que pour nous, il serait inappropri\u00e9 de penser ou de parler en ce moment de quoi que ce soit d&rsquo;autre que d&rsquo;arr\u00eater les agresseurs\u00a0\u00bb, a soulign\u00e9 Ali Bahraini<\/p>\n<p>Parall\u00e8lement aux \u00e9changes quotidiens de missiles et de frappes de drones qui ont lieu depuis vendredi dernier, le conflit a \u00e9galement donn\u00e9 lieu \u00e0 une escalade de la guerre des mots, en particulier entre Donald Trump et certains hauts responsables iraniens.<\/p>\n<p>Lorsque des journalistes lui ont demand\u00e9 mercredi s&rsquo;il avait l&rsquo;intention de faire intervenir l&rsquo;arm\u00e9e am\u00e9ricaine dans le conflit pour frapper l&rsquo;Iran aux c\u00f4t\u00e9s d&rsquo;Isra\u00ebl, le pr\u00e9sident am\u00e9ricain a r\u00e9pondu : \u00ab\u00a0Je le ferai peut-\u00eatre, je ne le ferai peut-\u00eatre pas. Personne ne sait ce que je vais faire\u00a0\u00bb.<\/p>\n<p>Il a ajout\u00e9 un peu plus tard qu&rsquo;il \u00ab\u00a0<strong>laissait deux semaines \u00e0 la diplomatie le temps de discuter, avant de prendre sa d\u00e9cision<\/strong>\u00a0\u00bb d&rsquo;engager ou pas son pays dans le conflit. <\/p>\n<p>Si Donald Trump a sembl\u00e9 \u00e9viter de s&rsquo;engager directement dans une action militaire, le Premier ministre isra\u00e9lien <strong>Benjamin Netanyahu<\/strong> a interpr\u00e9t\u00e9 ses commentaires comme une preuve de soutien et, dans une allocution t\u00e9l\u00e9vis\u00e9e plus tard dans la soir\u00e9e de mercredi, il a remerci\u00e9 Trump de \u00ab\u00a0se tenir \u00e0 nos c\u00f4t\u00e9s\u00a0\u00bb.<\/p>\n<p>La mission de l&rsquo;Iran aupr\u00e8s des Nations unies s&rsquo;est jointe \u00e0 ce m\u00e9lange en d\u00e9clarant qu&rsquo;aucun repr\u00e9sentant du pays n&rsquo;irait \u00ab\u00a0ramper aux portes de la Maison Blanche\u00a0\u00bb pour parvenir \u00e0 un accord nucl\u00e9aire avec les \u00c9tats-Unis.<\/p>\n<p>Ali Bahraini a d\u00e9clar\u00e9 qu&rsquo;il \u00e9tait clair pour lui que \u00ab\u00a0les \u00c9tats-Unis ont \u00e9t\u00e9 complices de ce qu&rsquo;Isra\u00ebl est en train de faire\u00a0\u00bb.<\/p>\n<p><strong>Frappes contre les \u00c9tats-Unis<\/strong><\/p>\n<p>Il a d\u00e9clar\u00e9 que l&rsquo;Iran r\u00e9agirait tr\u00e8s fermement si les \u00c9tats-Unis \u00ab\u00a0franchissaient les lignes rouges\u00a0\u00bb et a ajout\u00e9 que des frappes sur le pays n&rsquo;\u00e9taient pas exclues.<\/p>\n<p>\u00ab\u00a0Nos forces militaires surveillent la situation. C&rsquo;est \u00e0 elles de d\u00e9cider comment r\u00e9agir\u00a0\u00bb, a-t-il affirm\u00e9.<\/p>\n<p>\u00ab\u00a0Ce que je peux vous dire avec certitude, c&rsquo;est que nos forces militaires dominent largement la situation, qu&rsquo;elles ont une \u00e9valuation et un calcul tr\u00e8s pr\u00e9cis des mouvements des \u00c9tats-Unis et qu&rsquo;elles savent o\u00f9 les \u00c9tats-Unis doivent se rendre. Et elles savent o\u00f9 les \u00c9tats-Unis doivent \u00eatre attaqu\u00e9s\u00a0\u00bb, a averti Ali Bahraini.<\/p>\n<p>Il a \u00e9galement d\u00e9clar\u00e9 que l&rsquo;Iran n&rsquo;avait demand\u00e9 aucun soutien international et qu&rsquo;il se prot\u00e9geait de mani\u00e8re ind\u00e9pendante.<\/p>\n<p>L&rsquo;Iran finance une s\u00e9rie de groupes militants dans la r\u00e9gion, dont le Hamas \u00e0 Gaza, le Hezbollah au Liban et les Houthis au Y\u00e9men, et bien qu&rsquo;ils aient tous des buts et des objectifs diff\u00e9rents, l&rsquo;id\u00e9ologie qui les lie est souvent leur position anti-isra\u00e9lienne.<\/p>\n<p>Lorsque les combats avec Isra\u00ebl ont \u00e9clat\u00e9 la semaine derni\u00e8re, on a craint que l&rsquo;Iran ne demande \u00e0 ces groupes de se ranger \u00e0 ses c\u00f4t\u00e9s, en \u00e9change du financement et de l&rsquo;entra\u00eenement qu&rsquo;ils ont re\u00e7us de T\u00e9h\u00e9ran.<\/p>\n<p>Jusqu&rsquo;\u00e0 pr\u00e9sent, cela ne s&rsquo;est pas produit.<\/p>\n<p>\u00ab\u00a0\u00c0 ce stade, nous sommes convaincus que nous pouvons vaincre Isra\u00ebl de mani\u00e8re ind\u00e9pendante et mettre fin \u00e0 l&rsquo;agression sans avoir besoin de l&rsquo;aide de qui que ce soit\u00a0\u00bb, a expliqu\u00e9 Ali Bahraini. <\/p>\n<p>\u00ab\u00a0Je crois personnellement qu&rsquo;Isra\u00ebl n&rsquo;est pas une entit\u00e9 avec laquelle on peut n\u00e9gocier. Ce que nous devons faire, c&rsquo;est mettre fin \u00e0 l&rsquo;agression et montrer \u00e0 Isra\u00ebl qu&rsquo;il n&rsquo;est pas en mesure de franchir les lignes rouges contre l&rsquo;Iran. Isra\u00ebl a l&rsquo;habitude de commettre des crimes et nous pensons que nous devons l&rsquo;arr\u00eater quelque part. Nous devons dire \u00e0 Isra\u00ebl qu&rsquo;il y a une ligne rouge\u00a0\u00bb, a-t-il conclu.<\/p>\n","protected":false},"excerpt":{"rendered":"PUBLICIT\u00c9 \u00ab\u00a0Nous pensons que la chose minimale que les Europ\u00e9ens peuvent faire est de condamner tr\u00e8s explicitement Isra\u00ebl&hellip;\n","protected":false},"author":2,"featured_media":189414,"comment_status":"","ping_status":"","sticky":false,"template":"","format":"standard","meta":{"footnotes":""},"categories":[1586],"tags":[11422,11,31122,1777,674,1011,27,3019,664,12,3521,25,364],"class_list":{"0":"post-189413","1":"post","2":"type-post","3":"status-publish","4":"format-standard","5":"has-post-thumbnail","7":"category-europe","8":"tag-accord-sur-le-programme-nucleaire-iranien","9":"tag-actualites","10":"tag-conflit-israel-iran","11":"tag-eu","12":"tag-europe","13":"tag-fr","14":"tag-france","15":"tag-iran","16":"tag-israel","17":"tag-news","18":"tag-onu","19":"tag-republique-francaise","20":"tag-union-europeenne"},"share_on_mastodon":{"url":"https:\/\/pubeurope.com\/@fr\/114712243386948463","error":""},"_links":{"self":[{"href":"https:\/\/www.europesays.com\/fr\/wp-json\/wp\/v2\/posts\/189413","targetHints":{"allow":["GET"]}}],"collection":[{"href":"https:\/\/www.europesays.com\/fr\/wp-json\/wp\/v2\/posts"}],"about":[{"href":"https:\/\/www.europesays.com\/fr\/wp-json\/wp\/v2\/types\/post"}],"author":[{"embeddable":true,"href":"https:\/\/www.europesays.com\/fr\/wp-json\/wp\/v2\/users\/2"}],"replies":[{"embeddable":true,"href":"https:\/\/www.europesays.com\/fr\/wp-json\/wp\/v2\/comments?post=189413"}],"version-history":[{"count":0,"href":"https:\/\/www.europesays.com\/fr\/wp-json\/wp\/v2\/posts\/189413\/revisions"}],"wp:featuredmedia":[{"embeddable":true,"href":"https:\/\/www.europesays.com\/fr\/wp-json\/wp\/v2\/media\/189414"}],"wp:attachment":[{"href":"https:\/\/www.europesays.com\/fr\/wp-json\/wp\/v2\/media?parent=189413"}],"wp:term":[{"taxonomy":"category","embeddable":true,"href":"https:\/\/www.europesays.com\/fr\/wp-json\/wp\/v2\/categories?post=189413"},{"taxonomy":"post_tag","embeddable":true,"href":"https:\/\/www.europesays.com\/fr\/wp-json\/wp\/v2\/tags?post=189413"}],"curies":[{"name":"wp","href":"https:\/\/api.w.org\/{rel}","templated":true}]}}