{"id":189427,"date":"2025-06-19T22:00:15","date_gmt":"2025-06-19T22:00:15","guid":{"rendered":"https:\/\/www.europesays.com\/fr\/189427\/"},"modified":"2025-06-19T22:00:15","modified_gmt":"2025-06-19T22:00:15","slug":"miller-et-oliveira-dans-lexpectative-face-a-larrivee-de-razgatlioglu","status":"publish","type":"post","link":"https:\/\/www.europesays.com\/fr\/189427\/","title":{"rendered":"Miller et Oliveira dans l&rsquo;expectative face \u00e0 l&rsquo;arriv\u00e9e de Razgatlioglu"},"content":{"rendered":"<p>L&rsquo;une des Yamaha du team Pramac reviendra \u00e0 <a href=\"https:\/\/fr.motorsport.com\/driver\/toprak-razgatlioglu\/178502\/\" target=\"_blank\" rel=\"noopener\">Toprak Razgatlioglu<\/a> la saison prochaine, c&rsquo;est d\u00e9sormais une certitude. Maintenant que ce doute a \u00e9t\u00e9 lev\u00e9 apr\u00e8s des semaines de sp\u00e9culations sur le sujet, il reste \u00e0 \u00e9claircir un autre point, loin d&rsquo;\u00eatre anodin\u00a0:\u00a0l&rsquo;identit\u00e9 de celui que le Turc va remplacer. Ce choix sera fait <a href=\"https:\/\/fr.motorsport.com\/motogp\/news\/razgatlioglu-debuts-motogp-avant-valence\/10733574\/\" target=\"_self\" rel=\"noopener\">\u00ab\u00a0avant la pause estivale\u00a0\u00bb<\/a> selon le patron du programme Yamaha, Paolo Pavesio.<\/p>\n<p>Interrog\u00e9 par le site officiel du MotoGP \u00e0 la veille des premiers essais au Mugello, l&rsquo;Italien a pr\u00e9cis\u00e9\u00a0:\u00a0\u00ab\u00a0Quand quelqu&rsquo;un arrive, il faut lui faire de la place, \u00e7a n&rsquo;est pas quelque chose que l&rsquo;on veut faire mais qui fait partie du jeu et qui fait partie du sport. Nous voulons aussi donner un peu plus de temps aux deux pilotes pour mener une \u00e9valuation compl\u00e8te, avant ensuite de faire un choix et de faire une proposition tr\u00e8s probablement \u00e0 l&rsquo;un des deux.\u00a0\u00bb<\/p>\n<p>\u00ab\u00a0Ce que nous voulons, c&rsquo;est leur apporter \u00e0 tous les deux le mieux que nous pouvons en termes de soutien et si nous sommes en position de prendre une d\u00e9cision, nous ferons nos \u00e9valuations et d\u00e9ciderons. Nous ne sommes pas press\u00e9s, mais nous savons aussi qu&rsquo;une d\u00e9cision doit \u00eatre prise avant la pause estivale, y compris pour eux.\u00a0\u00bb <\/p>\n<p><a href=\"https:\/\/fr.motorsport.com\/driver\/miguel-oliveira\/109382\/\" target=\"_blank\" rel=\"noopener\">Miguel Oliveira<\/a> a beau avoir un contrat de deux ans en poche, il sait pertinemment que la valeur de tels accords est extr\u00eamement limit\u00e9e et il estime donc n&rsquo;avoir pas plus de certitude que son actuel co\u00e9quipier pour la suite.\u00a0\u00ab\u00a0Il n&rsquo;y a pas de garantie. \u00c7a d\u00e9pend de la d\u00e9cision de Yamaha\u00a0\u00bb, a affirm\u00e9 le pilote ce jeudi, alors qu&rsquo;il vient d&rsquo;arriver en Toscane pour le GP d&rsquo;Italie.<\/p>\n<p>Et lorsqu&rsquo;il lui a \u00e9t\u00e9 fait remarquer qu&rsquo;il ne s&rsquo;attendait sans doute pas \u00e0 cela en signant un contrat de deux ans, le Portugais a poursuivi\u00a0:\u00a0\u00ab\u00a0Exactement, mais c&rsquo;est comme \u00e7a. Le MotoGP est un monde de haute performance et j&rsquo;ai eu une blessure qui m&rsquo;a emp\u00each\u00e9 de performer, mais soit je reste bloqu\u00e9 l\u00e0-dessus, soit je vais en piste et je d\u00e9montre ce que je vaux. J&rsquo;ai choisi la deuxi\u00e8me option et je ne veux pas tomber dans les excuses ou le fait de d\u00e9battre pour savoir si c&rsquo;est juste ou pas. Je ne veux pas aller vers \u00e7a, juste aller en piste et faire mon boulot.\u00a0\u00bb<\/p>\n<p>   <img decoding=\"async\" draggable=\"false\" src=\"https:\/\/www.europesays.com\/fr\/wp-content\/uploads\/2025\/06\/miguel-oliveira-pramac-racing.jpg\" alt=\"Miguel Oliveira a manqu\u00e9 plusieurs courses sur blessure cette saison.\" width=\"1200\" height=\"800\" loading=\"lazy\"\/> <\/p>\n<p class=\"title\">Miguel Oliveira a manqu\u00e9 plusieurs courses sur blessure cette saison.<\/p>\n<p class=\"photographer\">Photo de: Gold and Goose Photography \/ LAT Images \/ via Getty Images<\/p>\n<p>La perspective qu&rsquo;Oliveira puisse \u00e9ventuellement devoir laisser sa place alors qu&rsquo;il est cens\u00e9 \u00eatre sous contrat jusque fin 2026 a fait r\u00e9agir ces derniers jours, semblant faire \u00e9cho \u00e0 quelques situations observ\u00e9es ces derni\u00e8res ann\u00e9es, ainsi qu&rsquo;\u00e0 celle du pilote Moto2 Sergio Garc\u00eda, qui cette semaine, a \u00e9t\u00e9 remplac\u00e9 par l&rsquo;\u00e9quipe MSi Racing apr\u00e8s un d\u00e9but de saison \u00e9prouvant.<\/p>\n<p>Paolo Pavesio pr\u00e9cise n\u00e9anmoins qu&rsquo;il existe une\u00a0clause de performance dans le contrat du Portugais, ce qui sous-entend que toute s\u00e9paration serait donc parfaitement en r\u00e8gle\u00a0:\u00a0\u00ab\u00a0Oui, Miguel a un contrat qui comporte des options. Ce que je peux dire \u00e0 ce sujet, c&rsquo;est que son avenir est toujours un peu entre ses mains.\u00a0\u00bb<\/p>\n<p>\u00ab\u00a0Le sujet des clauses est d\u00e9licat quand il s&rsquo;agit de prolonger un accord ou de faire en sorte qu&rsquo;il s&rsquo;applique sur la base de crit\u00e8res devant se v\u00e9rifier \u00e0 une certaine date&#8230; Parfois, en sports m\u00e9caniques, la mani\u00e8re dont on obtient un r\u00e9sultat est assez relative\u00a0\u00bb, a rebondi Oliveira sur cette question, sans toutefois afficher la moindre amertume. \u00ab\u00a0Comme je l&rsquo;ai dit, la balle est d\u00e9sormais vraiment dans le camp de Yamaha et je pense que quoi que je dise, \u00e7a n&rsquo;influencera rien. Je mets ma concentration sur la piste, le travail au stand et le fait de faire de mon mieux.\u00a0\u00bb<\/p>\n<p>\u00ab\u00a0Je suis au courant de ma situation mais dans le m\u00eame temps, je connais aussi ma valeur en tant que pilote et o\u00f9 ma place est, \u00e0 savoir en MotoGP. Je pense que, plus que vous parler de \u00e7a, il faut que j&rsquo;aille en piste, que je mette les gaz et on verra comment \u00e7a se passe\u00a0\u00bb, a ajout\u00e9 le pilote de 30 ans, victorieux cinq fois depuis son arriv\u00e9e dans la cat\u00e9gorie MotoGP, en 2019.<\/p>\n<p>La deadline de Miller\u00a0?\u00a0Valence\u00a0!<\/p>\n<p>Jack Miller a le m\u00eame \u00e2ge, une victoire de moins mais d\u00e9sormais dix ans d&rsquo;exp\u00e9rience au plus haut niveau. Il n&rsquo;a qu&rsquo;un contrat d&rsquo;un an, mais semble avoir les m\u00eames chances que son co\u00e9quipier pour conserver sa place.<\/p>\n<p>Habitu\u00e9 \u00e0 ce genre d&rsquo;incertitude, l&rsquo;Australien a affich\u00e9 le m\u00eame sto\u00efcisme que son acolyte ce jeudi.\u00a0\u00ab\u00a0Je n&rsquo;ai jamais eu autant de t\u00e9l\u00e9phones devant moi de toute l&rsquo;ann\u00e9e\u00a0!\u00a0Vous voulez donc savoir quelque chose, malheureusement je n&rsquo;ai rien pour vous\u00a0!\u00a0\u00bb, s&rsquo;est-il m\u00eame amus\u00e9 en arrivant \u00e0 son point presse. A-t-il une deadline\u00a0?\u00a0\u00ab\u00a0Valence, cette ann\u00e9e\u00a0!\u00a0Comme \u00e7a, je sais ce que je ferai l&rsquo;ann\u00e9e prochaine.\u00a0\u00bb<\/p>\n<p>Voil\u00e0 qui traduit une certaine qui\u00e9tude chez Miller, ou tout du moins l&rsquo;habitude de devoir faire face \u00e0 ce type de situation pour un pilote qui a pratiquement toujours \u00e9volu\u00e9 avec des contrats d&rsquo;un an. Seulement, il tient \u00e0 sa place. Interrog\u00e9 sur les rumeurs qui le disent en train d&rsquo;explorer ses options en WorldSBK, il a ainsi expliqu\u00e9\u00a0:\u00a0\u00ab\u00a0Sans rien vouloir enlever \u00e0 ces gars-l\u00e0, je pourrais aller en Superbike et gagner plus d&rsquo;argent. Mais je ne suis pas ici pour \u00e7a, je suis ici pour essayer de courir face aux meilleurs au monde.\u00a0\u00bb<\/p>\n<p>   <img decoding=\"async\" draggable=\"false\" src=\"https:\/\/www.europesays.com\/fr\/wp-content\/uploads\/2025\/06\/1750370414_237_jack-miller-pramac-racing.jpg\" alt=\"Jack Miller\" width=\"1200\" height=\"800\" loading=\"lazy\"\/> <\/p>\n<p class=\"title\">Jack Miller<\/p>\n<p class=\"photographer\">Photo de: Noushad Thekkayil &#8211; NurPhoto &#8211; Getty Images<\/p>\n<p>\u00ab\u00a0Et, encore une fois sans vouloir rien enlever \u00e0 personne, quand je dis &lsquo;les meilleurs&rsquo;, j&rsquo;entends les motos les plus puissantes qu&rsquo;on puisse piloter, avec les meilleurs freins, et tout ce qu&rsquo;il y a de mieux. C&rsquo;est ce que j&rsquo;aime faire. Je ne dis pas que je n&rsquo;aime pas les Superbikes, j&rsquo;adore les regarder. [\u2026] Mais on va d&rsquo;abord explorer des options ici, car je n&rsquo;ai pas le sentiment que mon temps en tant que pilote MotoGP soit fini, j&rsquo;ai le sentiment de m&rsquo;am\u00e9liorer avec le temps.\u00a0\u00bb<\/p>\n<p>Faut-il entendre entre les lignes qu&rsquo;il a des offres sur la table pour courir en WorldSBK\u00a0?\u00a0\u00ab\u00a0J&rsquo;en ai eu, c&rsquo;\u00e9tait aussi notre boulot l&rsquo;ann\u00e9e derni\u00e8re. \u00c7a n&rsquo;est pas une situation nouvelle pour moi, c&rsquo;est juste que \u00e7a recommence 12 mois plus tard\u00a0!\u00a0Je ne suis pas stress\u00e9.\u00a0\u00bb<\/p>\n<p>Et Jack Miller d&rsquo;ajouter\u00a0\u00a0:\u00a0\u00ab\u00a0J&rsquo;ai le sentiment de faire du mieux que je peux. \u00c9videmment, on peut toujours s&rsquo;am\u00e9liorer et je suis ouvert \u00e0 toute suggestion de la part de tout le monde pour essayer de m&rsquo;am\u00e9liorer en tant que pilote et me d\u00e9velopper au sein de l&rsquo;\u00e9quipe. Mais je me sens bien. Je me sens mieux qu&rsquo;il y a 12 mois, \u00e7a c&rsquo;est s\u00fbr, beaucoup mieux.\u00a0\u00bb<\/p>\n<p>\u00ab\u00a0C&rsquo;est bien d&rsquo;\u00eatre comp\u00e9titif, d&rsquo;avoir des discussions avec des constructeurs, d&rsquo;\u00eatre d\u00e9sir\u00e9, mais j&rsquo;aime \u00eatre l\u00e0 o\u00f9 je suis. Pramac m&rsquo;a donn\u00e9 l&rsquo;opportunit\u00e9 de montrer \u00e0 nouveau ce dont je suis capable alors je suis reconnaissant. Peu importe ce qui se passe ensuite, je suis extr\u00eamement reconnaissant envers Yamaha et Pramac pour cette opportunit\u00e9.\u00a0\u00bb<\/p>\n<p>Lire aussi :<\/p>\n<p>Dans cet article<\/p>\n<p>    L\u00e9na Buffa\n<\/p>\n<p>    MotoGP\n<\/p>\n<p>    Jack Miller\n<\/p>\n<p>    Miguel Oliveira\n<\/p>\n<p>    Yamaha Factory Racing\n<\/p>\n<p>    Pramac Racing\n<\/p>\n<p>Soyez le premier inform\u00e9 et souscrivez aux alertes mails pour recevoir les infos en temps r\u00e9el<\/p>\n<p>    S&rsquo;abonner aux alertes de news<\/p>\n","protected":false},"excerpt":{"rendered":"L&rsquo;une des Yamaha du team Pramac reviendra \u00e0 Toprak Razgatlioglu la saison prochaine, c&rsquo;est d\u00e9sormais une certitude. Maintenant&hellip;\n","protected":false},"author":2,"featured_media":189428,"comment_status":"","ping_status":"","sticky":false,"template":"","format":"standard","meta":{"footnotes":""},"categories":[1413],"tags":[1011,27,12836,3594,1457,1456,1458,3593,60,3796],"class_list":{"0":"post-189427","1":"post","2":"type-post","3":"status-publish","4":"format-standard","5":"has-post-thumbnail","7":"category-moto","8":"tag-fr","9":"tag-france","10":"tag-jack-miller","11":"tag-miguel-oliveira","12":"tag-moto","13":"tag-motocycle","14":"tag-motogp","15":"tag-pramac-racing","16":"tag-sports","17":"tag-yamaha-factory-racing"},"share_on_mastodon":{"url":"https:\/\/pubeurope.com\/@fr\/114712282699249307","error":""},"_links":{"self":[{"href":"https:\/\/www.europesays.com\/fr\/wp-json\/wp\/v2\/posts\/189427","targetHints":{"allow":["GET"]}}],"collection":[{"href":"https:\/\/www.europesays.com\/fr\/wp-json\/wp\/v2\/posts"}],"about":[{"href":"https:\/\/www.europesays.com\/fr\/wp-json\/wp\/v2\/types\/post"}],"author":[{"embeddable":true,"href":"https:\/\/www.europesays.com\/fr\/wp-json\/wp\/v2\/users\/2"}],"replies":[{"embeddable":true,"href":"https:\/\/www.europesays.com\/fr\/wp-json\/wp\/v2\/comments?post=189427"}],"version-history":[{"count":0,"href":"https:\/\/www.europesays.com\/fr\/wp-json\/wp\/v2\/posts\/189427\/revisions"}],"wp:featuredmedia":[{"embeddable":true,"href":"https:\/\/www.europesays.com\/fr\/wp-json\/wp\/v2\/media\/189428"}],"wp:attachment":[{"href":"https:\/\/www.europesays.com\/fr\/wp-json\/wp\/v2\/media?parent=189427"}],"wp:term":[{"taxonomy":"category","embeddable":true,"href":"https:\/\/www.europesays.com\/fr\/wp-json\/wp\/v2\/categories?post=189427"},{"taxonomy":"post_tag","embeddable":true,"href":"https:\/\/www.europesays.com\/fr\/wp-json\/wp\/v2\/tags?post=189427"}],"curies":[{"name":"wp","href":"https:\/\/api.w.org\/{rel}","templated":true}]}}