{"id":189437,"date":"2025-06-19T22:05:20","date_gmt":"2025-06-19T22:05:20","guid":{"rendered":"https:\/\/www.europesays.com\/fr\/189437\/"},"modified":"2025-06-19T22:05:20","modified_gmt":"2025-06-19T22:05:20","slug":"le-pastel-sort-de-lombre-et-soffre-son-premier-salon-dans-le-biterrois","status":"publish","type":"post","link":"https:\/\/www.europesays.com\/fr\/189437\/","title":{"rendered":"Le pastel sort de l\u2019ombre et s\u2019offre son premier salon dans le Biterrois"},"content":{"rendered":"<p>\n                                                                Pour la premi\u00e8re fois, un salon du pastel ouvre ses portes \u00e0 B\u00e9ziers, du 21\u00a0juin au 5\u00a0juillet prochain. Une initiative men\u00e9e par la soci\u00e9t\u00e9 des Beaux-arts. Le vernissage aura lieu samedi 21\u00a0juin, \u00e0 midi, au Palais \u00e9piscopal.\n                            <\/p>\n<p>Des paysages, des animaux, beaucoup de portraits et des natures mortes\u2026 Ce samedi 21\u00a0juin, 176 pastels habilleront\u00a0le Palais \u00e9piscopal de B\u00e9ziers pour\u00a0deux semaines, \u00e0 l\u2019occasion du premier salon du pastel en Biterrois. \u00ab\u00a0Il n\u2019y en avait pas encore entre Toulouse et Montpellier donc c\u2019\u00e9tait le moment\u00a0!\u00a0\u00bb, se r\u00e9jouit\u00a0le pr\u00e9sident des Beaux-arts de B\u00e9ziers, Jo\u00ebl Bobin.<\/p>\n<p>C\u2019est lui\u00a0qui en a eu l\u2019id\u00e9e.\u00a0Un peu comme une \u00ab\u00a0lubie\u00a0\u00bb pour un amoureux du pastel. \u00ab\u00a0Avec les Beaux-arts, on voulait faire un salon tous les deux ans, en alternance avec le\u00a0salon international des arts plastiques que l\u2019on organise d\u00e9j\u00e0. Et apr\u00e8s en avoir discut\u00e9 avec le conseil d\u2019administration, on a choisi le pastel, explique-t-il. On a lanc\u00e9 un appel sur les r\u00e9seaux sociaux\u00a0et les gens ont postul\u00e9.\u00a0\u00bb R\u00e9sultat\u00a0: 90 pastellistes fran\u00e7ais \u00e9taient candidats pour seulement 42 places. \u00ab\u00a0Et encore, je ne me suis pas adress\u00e9 aux \u00e9trangers\u00a0!\u00a0\u00bb, souligne-t-il.<\/p>\n<p>Une artiste \u00e9trang\u00e8re a tout de m\u00eame \u00e9t\u00e9 convi\u00e9e en tant qu\u2019invit\u00e9 d\u2019honneur\u00a0: la Russe Natalia Polikarpova, qui\u00a0sera pr\u00e9sente uniquement \u00e0 travers ses \u0153uvres. \u00ab\u00a0Son visa aurait \u00e9t\u00e9 refus\u00e9 par l\u2019ambassade \u00e0 Moscou, mais nous avons quand m\u00eame pu r\u00e9cup\u00e9rer ses pastels.\u00a0\u00bb<\/p>\n<p>Des pastels r\u00e9alis\u00e9s \u00ab\u00a0en live\u00a0\u00bb<\/p>\n<p>Alors pourquoi le pastel\u00a0? \u00ab\u00a0Les pastellistes\u00a0sont comme une famille qui vit un peu en autarcie. Depuis\u00a030 ou 40 ans, ils organisent des salons dans toute la France, mais c\u2019est cr\u00e9\u00e9 par des pastellistes, seulement pour des pastellistes\u00a0\u00bb, explique l\u2019ancien galeriste, passionn\u00e9 d\u2019art. Cette fois, la formule est diff\u00e9rente\u00a0: \u00ab\u00a0Ce sont\u00a0les Beaux-arts, une association g\u00e9n\u00e9raliste en\u00a0arts plastiques, qui ont\u00a0cr\u00e9\u00e9\u00a0ce salon. Et on a voulu \u00eatre\u00a0novateur, donc\u00a0on l\u2019a ouvert \u00e0 des apprentis pastellistes\u00a0de notre atelier\u00a0\u00bb, poursuit-il.<\/p>\n<p>Des stages d\u2019initiation ou de perfectionnement pour le public seront propos\u00e9s sur inscription par les artistes, ainsi que des d\u00e9monstrations.\u00a0\u00ab\u00a0Pendant deux ou trois heures dans l\u2019apr\u00e8s-midi, ils vont faire un pastel \u00ab\u00a0en live\u00a0\u00bb. Les gens seront l\u00e0 pour regarder et appr\u00e9cier le travail effectu\u00e9\u00a0\u00bb, ajoute Jo\u00ebl Bobin.\u00a0Les pastellistes\u00a0esp\u00e8rent aussi vendre leurs \u0153uvres, \u00e0 des tarifs allant de 200\u00a0\u20ac \u00e0 1\u00a0200\u00a0\u20ac.\u00a0Le dernier jour, une remise de\u00a0prix\u00a0r\u00e9compensera\u00a0quatre \u0153uvres s\u00e9lectionn\u00e9es\u00a0par un\u00a0jury.<\/p>\n<p>Un salon pour pigmenter la ville<\/p>\n<p>Cr\u00e9\u00e9e en 1878, la soci\u00e9t\u00e9 des Beaux-arts de B\u00e9ziers, association de loi 1901, est l\u2019une des plus anciennes de la ville. Son but\u00a0? Vulgariser les arts plastiques aupr\u00e8s de la population. L\u2019organisation de ces \u00e9v\u00e9nements construit\u00a0donc un travail \u00e0 temps plein pour les b\u00e9n\u00e9voles, en charge de l\u2019accueil du public et des pastellistes\u00a0venus de toute la France. \u00ab\u00a0On\u00a0a pr\u00e9vu un tour de petit train pour leur faire d\u00e9couvrir B\u00e9ziers. Peut-\u00eatre qu\u2019ils vont s\u2019attacher et revenir\u00a0!\u00a0\u00bb, esp\u00e8re\u00a0Jo\u00ebl Bobin.<\/p>\n<p>Car les Beaux-arts de B\u00e9ziers voient d\u00e9j\u00e0 plus loin. \u00ab\u00a0En 2027, le salon se tiendra au palais des congr\u00e8s qui a une capacit\u00e9 d\u2019accueil plus importante. Et cette fois, on fera appel aux artistes \u00e9trangers\u00a0\u00bb, annonce-t-il, tout sourire.<\/p>\n<p>Note pratique\u00a0: Vernissage samedi 21\u00a0mai, \u00e0 12\u00a0h, au Palais \u00e9piscopal. Exposition du 21\u00a0juin au 5\u00a0juillet, ouverture de 14\u00a0h \u00e0 18\u00a0h en semaine et toute la journ\u00e9e le week-end. Acc\u00e8s libre.<\/p>\n","protected":false},"excerpt":{"rendered":"Pour la premi\u00e8re fois, un salon du pastel ouvre ses portes \u00e0 B\u00e9ziers, du 21\u00a0juin au 5\u00a0juillet prochain.&hellip;\n","protected":false},"author":2,"featured_media":189438,"comment_status":"","ping_status":"","sticky":false,"template":"","format":"standard","meta":{"footnotes":""},"categories":[1358],"tags":[1348,1384,1385,1386,58,59,1011,27],"class_list":{"0":"post-189437","1":"post","2":"type-post","3":"status-publish","4":"format-standard","5":"has-post-thumbnail","7":"category-arts-et-design","8":"tag-arts","9":"tag-arts-and-design","10":"tag-arts-et-design","11":"tag-design","12":"tag-divertissement","13":"tag-entertainment","14":"tag-fr","15":"tag-france"},"share_on_mastodon":{"url":"https:\/\/pubeurope.com\/@fr\/114712302343993607","error":""},"_links":{"self":[{"href":"https:\/\/www.europesays.com\/fr\/wp-json\/wp\/v2\/posts\/189437","targetHints":{"allow":["GET"]}}],"collection":[{"href":"https:\/\/www.europesays.com\/fr\/wp-json\/wp\/v2\/posts"}],"about":[{"href":"https:\/\/www.europesays.com\/fr\/wp-json\/wp\/v2\/types\/post"}],"author":[{"embeddable":true,"href":"https:\/\/www.europesays.com\/fr\/wp-json\/wp\/v2\/users\/2"}],"replies":[{"embeddable":true,"href":"https:\/\/www.europesays.com\/fr\/wp-json\/wp\/v2\/comments?post=189437"}],"version-history":[{"count":0,"href":"https:\/\/www.europesays.com\/fr\/wp-json\/wp\/v2\/posts\/189437\/revisions"}],"wp:featuredmedia":[{"embeddable":true,"href":"https:\/\/www.europesays.com\/fr\/wp-json\/wp\/v2\/media\/189438"}],"wp:attachment":[{"href":"https:\/\/www.europesays.com\/fr\/wp-json\/wp\/v2\/media?parent=189437"}],"wp:term":[{"taxonomy":"category","embeddable":true,"href":"https:\/\/www.europesays.com\/fr\/wp-json\/wp\/v2\/categories?post=189437"},{"taxonomy":"post_tag","embeddable":true,"href":"https:\/\/www.europesays.com\/fr\/wp-json\/wp\/v2\/tags?post=189437"}],"curies":[{"name":"wp","href":"https:\/\/api.w.org\/{rel}","templated":true}]}}