{"id":189439,"date":"2025-06-19T22:06:16","date_gmt":"2025-06-19T22:06:16","guid":{"rendered":"https:\/\/www.europesays.com\/fr\/189439\/"},"modified":"2025-06-19T22:06:16","modified_gmt":"2025-06-19T22:06:16","slug":"pandia-une-nouvelle-maison-dedition","status":"publish","type":"post","link":"https:\/\/www.europesays.com\/fr\/189439\/","title":{"rendered":"Pandia, une nouvelle maison d&rsquo;\u00e9dition"},"content":{"rendered":"<p>\n<a class=\"highslide\" onclick=\"return hs.expand(this,{wrapperClassName : &#039;highslide-white&#039;, spaceForCaption: 30,outlineType: &#039;rounded-white&#039;, captionId: &#039;caption3&#039;})\" href=\"https:\/\/www.elbakin.net\/plume\/xmedia\/editeurs\/pandia.jpg\" lang=\"FR\" title=\"Agrandir l&#039;image\" xml:lang=\"FR\" xml: target=\"_blank\" rel=\"noopener\"><img decoding=\"async\" class=\"px-right\" alt=\"1\" src=\"https:\/\/www.europesays.com\/fr\/wp-content\/uploads\/2025\/06\/pandia.jpg\" style=\"\" width=\"120px\" height=\"150px\" \/><\/a><br \/>\nLanc\u00e9e ce printemps par Adeline et Lisa, la maison Pandia se sp\u00e9cialisera dans les litt\u00e9ratures de l'\u00a0\u00bbextraordinaire\u00a0\u00bb.<br \/>Ce terme couvre des textes entrant dans les genres fantastique, fantasy, science-fiction et roman d&rsquo;aventure, qui seront destin\u00e9s aux publics Young Adult et New Adult. Les deux fondatrices ont pour ambition d&rsquo;offrir une production diverse, engag\u00e9e et de qualit\u00e9, en publiant uniquement des coups de c\u0153ur, en mettant en avant les minorit\u00e9s et en assurant une fabrication majoritairement en France. La maison assurera elle-m\u00eame la diffusion de son catalogue, notamment \u00e0 l&rsquo;aide de campagnes participatives.<br \/>L&rsquo;appel \u00e0 textes initial \u00e9tant en cours, on ignore encore quels seront les premiers titres publi\u00e9s.\n<\/p>\n<p>\n<a href=\"https:\/\/www.forum-elbakin.net\/viewtopic.php?p=520968#p520968\" target=\"blank\" rel=\"noopener\">Discuter des \u00e9ditions Pandia sur le forum<\/a>\n<\/p>\n<p><a target=\"blank\" href=\"https:\/\/www.threads.com\/@pandia.editions\" rel=\"noopener\">Source<\/a><\/p>\n<p><\/p>\n","protected":false},"excerpt":{"rendered":"Lanc\u00e9e ce printemps par Adeline et Lisa, la maison Pandia se sp\u00e9cialisera dans les litt\u00e9ratures de l&rsquo;\u00a0\u00bbextraordinaire\u00a0\u00bb.Ce terme&hellip;\n","protected":false},"author":2,"featured_media":189440,"comment_status":"","ping_status":"","sticky":false,"template":"","format":"standard","meta":{"footnotes":""},"categories":[1357],"tags":[1379,58,4660,59,23021,19321,1011,27,31082,32722,1380,32723,32721,26405],"class_list":{"0":"post-189439","1":"post","2":"type-post","3":"status-publish","4":"format-standard","5":"has-post-thumbnail","7":"category-livres","8":"tag-books","9":"tag-divertissement","10":"tag-edition","11":"tag-entertainment","12":"tag-extraordinaire","13":"tag-fantasy","14":"tag-fr","15":"tag-france","16":"tag-imaginaire","17":"tag-lancement","18":"tag-livres","19":"tag-new-adult","20":"tag-pandia","21":"tag-young-adult"},"share_on_mastodon":{"url":"https:\/\/pubeurope.com\/@fr\/114712306344487314","error":""},"_links":{"self":[{"href":"https:\/\/www.europesays.com\/fr\/wp-json\/wp\/v2\/posts\/189439","targetHints":{"allow":["GET"]}}],"collection":[{"href":"https:\/\/www.europesays.com\/fr\/wp-json\/wp\/v2\/posts"}],"about":[{"href":"https:\/\/www.europesays.com\/fr\/wp-json\/wp\/v2\/types\/post"}],"author":[{"embeddable":true,"href":"https:\/\/www.europesays.com\/fr\/wp-json\/wp\/v2\/users\/2"}],"replies":[{"embeddable":true,"href":"https:\/\/www.europesays.com\/fr\/wp-json\/wp\/v2\/comments?post=189439"}],"version-history":[{"count":0,"href":"https:\/\/www.europesays.com\/fr\/wp-json\/wp\/v2\/posts\/189439\/revisions"}],"wp:featuredmedia":[{"embeddable":true,"href":"https:\/\/www.europesays.com\/fr\/wp-json\/wp\/v2\/media\/189440"}],"wp:attachment":[{"href":"https:\/\/www.europesays.com\/fr\/wp-json\/wp\/v2\/media?parent=189439"}],"wp:term":[{"taxonomy":"category","embeddable":true,"href":"https:\/\/www.europesays.com\/fr\/wp-json\/wp\/v2\/categories?post=189439"},{"taxonomy":"post_tag","embeddable":true,"href":"https:\/\/www.europesays.com\/fr\/wp-json\/wp\/v2\/tags?post=189439"}],"curies":[{"name":"wp","href":"https:\/\/api.w.org\/{rel}","templated":true}]}}